{"id":14207,"date":"2009-09-03T14:22:35","date_gmt":"2009-09-03T11:22:35","guid":{"rendered":"http:\/\/www.korhanyilmaz.com\/?p=14207"},"modified":"2009-09-03T14:22:35","modified_gmt":"2009-09-03T11:22:35","slug":"mhpnin-ermeni-aciklamasi-sert-oldu","status":"publish","type":"post","link":"http:\/\/www.korhanyilmaz.com\/?p=14207","title":{"rendered":"MHP&#039;nin Ermeni a\u00e7\u0131klamas\u0131 sert oldu"},"content":{"rendered":"<p style=\"text-align: center;\"><a href=\"http:\/\/www.korhanyilmaz.com\/wp-content\/uploads\/2009\/09\/garabet.jpg\"  class=\"lightview\"><img loading=\"lazy\" decoding=\"async\" class=\"aligncenter size-full wp-image-14208\" src=\"http:\/\/www.korhanyilmaz.com\/wp-content\/uploads\/2009\/09\/garabet.jpg\" alt=\"\" width=\"307\" height=\"236\" \/><\/a><\/p>\n<p style=\"text-align: justify;\">MHP lideri Devlet Bah\u00e7eli, h\u00fck\u00fcmetin Ermeni a\u00e7\u0131l\u0131m\u0131n\u0131 yapt\u0131\u011f\u0131 yaz\u0131l\u0131 a\u00e7\u0131klama ile sert bi\u00e7imde ele\u015ftirdi. Ermeni taleplerine boyun e\u011fildi\u011fini s\u00f6yleyen Bah\u00e7eli, i\u00e7 siyasi isti\u015fare s\u00fcrecinin &#8220;diplomaside \u00f6rne\u011fi olmayan bir garabet&#8221; oldu\u011funu s\u00f6yledi. Bah\u00e7eli, TBMM&#8217;nin protokolleri de\u011fi\u015ftirme yetkisi olmad\u0131\u011f\u0131n\u0131 belirterek, &#8220;TBMM ya aynen kabul edecek ya da reddedecektir&#8221; dedi.<\/p>\n<p style=\"text-align: justify;\">Bah\u00e7eli, h\u00fck\u00fcmetin protokolleri m\u00fczakere etti\u011fini, i\u00e7eri\u011fini kabul etti\u011fini ve paraf ederek i\u00e7 hukuka g\u00f6re ba\u011flanma iradesini ortaya koydu\u011funu, bu noktadan sonra protokollerin i\u00e7eri\u011finin de\u011fi\u015ftirilemeyece\u011fini vurgulad\u0131.<!--more--><\/p>\n<p style=\"text-align: justify;\">Bah\u00e7eli, &#8220;\u0130mza ve onay i\u00e7in TBMM&#8217;ne sevk edilmesi Anayasa gere\u011fi olan son a\u015famad\u0131r. Bu bak\u0131mdan Ba\u015fbakan&#8217;\u0131n Meclis onay\u0131 olmadan protokollerin i\u015flerlik kazanmayaca\u011f\u0131 s\u00f6zleri malumun ilan\u0131 olup, kafa ve kavram karga\u015fas\u0131 yaratarak, hedef sapt\u0131rarak ay\u0131b\u0131n\u0131 saklama \u00e7abas\u0131ndan ba\u015fka bir anlam ifade etmemektedir. TBMM&#8217;nin protokolleri de\u011fi\u015ftirmek yetkisi bulunmamaktad\u0131r. Ya aynen kabul edecek ya da reddedecektir&#8221; dedi.<\/p>\n<p style=\"text-align: justify;\"><strong><em>AKP vekillerine: &#8220;Sad\u0131k noterler&#8221;<\/em><\/strong><\/p>\n<p style=\"text-align: justify;\">&#8220;Ba\u015fbakan&#8217;\u0131n sad\u0131k ve sessiz noteri haline gelen AKP milletvekillerinin oylar\u0131yla protokoller onaylanacakt\u0131r. Ba\u015fbakan&#8217;\u0131n kurgulad\u0131\u011f\u0131 senaryo ad\u0131m ad\u0131m uygulanmaktad\u0131r&#8221; diyen MHP lideri, &#8220;Alt\u0131 haftal\u0131k i\u00e7 siyasi isti\u015fare s\u00fcreci bu bak\u0131mdan bir g\u00f6z boyamad\u0131r. Ba\u015fbakan ve arkada\u015flar\u0131 bu s\u00fcreyi T\u00fcrkiye&#8217;deki Erivan lobileri, g\u00f6n\u00fcll\u00fc &#8216;soyk\u0131r\u0131m&#8217; avukatlar\u0131 ve bu projeyi dayatan d\u0131\u015f mihraklar\u0131n ortak \u00e7abalar\u0131yla kamuoyunun tepkilerini dindirmek ve psikolojik a\u00e7\u0131dan \u015fartland\u0131rmak i\u00e7in kullanacakt\u0131r. Bu s\u00fcre\u00e7 esasen ba\u015flam\u0131\u015f, s\u00f6zde demokratik a\u00e7\u0131l\u0131mda oldu\u011fu gibi ayn\u0131 melanet cephesi sahnedeki yerini alm\u0131\u015ft\u0131r&#8221; dedi.<\/p>\n<p style=\"text-align: justify;\">Bah\u00e7eli, &#8220;D\u0131\u015f bask\u0131lara boyun e\u011fen, kom\u015fularla s\u0131f\u0131r sorun gibi kli\u015fe sloganlarla d\u0131\u015f politikada maceradan maceraya ko\u015fan Ba\u015fbakan ve h\u00fck\u00fcmeti, T\u00fcrkiye&#8217;nin onurunu, itibar\u0131n\u0131 ve haysiyetini s\u0131f\u0131rlam\u0131\u015ft\u0131r&#8221; dedi.<\/p>\n<p style=\"text-align: justify;\"><strong><em>&#8220;Boyun e\u011fdi&#8221;<\/em><\/strong><\/p>\n<p style=\"text-align: justify;\">Ermenistan ile diplomatik ili\u015fki kurulmas\u0131 ve s\u0131n\u0131r\u0131n a\u00e7\u0131lmas\u0131 s\u00fcrecinin ba\u015flat\u0131lmas\u0131n\u0131, h\u00fck\u00fcmetin ilkesiz ve teslimiyet\u00e7i d\u0131\u015f politika anlay\u0131\u015f\u0131n\u0131n yeni bir tezah\u00fcr\u00fc olarak niteleyen Bah\u00e7eli, Ermenistan ile paraf edilen iki protokol\u00fcn hukuk d\u0131\u015f\u0131 Ermeni talepleri kar\u015f\u0131s\u0131nda boyun e\u011fildi\u011fini tescil etti\u011fini, AKP h\u00fck\u00fcmetinin lekeli d\u0131\u015f politika siciline bir utan\u00e7 vesilesi olarak ge\u00e7ti\u011fini kaydetti.<\/p>\n<p style=\"text-align: justify;\">Bah\u00e7eli, &#8220;tarihi bir d\u00f6n\u00fcm noktas\u0131 olarak pazarlanmaya \u00e7al\u0131\u015f\u0131lan protokollerin siyasi ve hukuki sakatl\u0131klar\u0131&#8221; oldu\u011funu belirtti.<\/p>\n<p style=\"text-align: justify;\">Bah\u00e7eli, &#8220;T\u00fcrkiye ile Ermenistan aras\u0131nda ili\u015fkilerin normalle\u015ftirilmesinin \u00f6n\u00fcndeki engellerin, Ermenistan&#8217;\u0131n uluslararas\u0131 hukuka ayk\u0131r\u0131 talep, politika ve uygulamalar\u0131ndan kaynakland\u0131\u011f\u0131 \u00e7ok iyi bilinmektedir. \u0130ki \u00fclke aras\u0131nda diplomatik ili\u015fki kurulmas\u0131, bunun zemininin ve dayanaca\u011f\u0131 ilkelerin a\u00e7\u0131k ve somut olarak ortaya konulmas\u0131n\u0131 gerekli k\u0131lmaktad\u0131r. Bu kapsamda, ba\u015fta s\u0131n\u0131rlar\u0131n ve toprak b\u00fct\u00fcnl\u00fc\u011f\u00fcn\u00fcn kar\u015f\u0131l\u0131kl\u0131 tan\u0131nmas\u0131, ili\u015fkilere y\u00f6n verecek ilkelerin genel ve soyut planda de\u011fil somut y\u00fck\u00fcml\u00fcl\u00fckler olarak belirlenmesi uluslararas\u0131 hukukun temel gere\u011fidir&#8221; dedi.<\/p>\n<p style=\"text-align: justify;\"><strong><em>Bah\u00e7eli&#8217;ye g\u00f6re protokoldeki &#8220;sakatl\u0131k&#8221;lar <\/em><\/strong><\/p>\n<p style=\"text-align: justify;\">Bah\u00e7eli, &#8220;Ermenistan iki \u00fclke aras\u0131ndaki s\u0131n\u0131r\u0131 belirleyen 1921 Kars Antla\u015fmas\u0131&#8217;n\u0131n ve bundan kaynaklanan y\u00fck\u00fcml\u00fcl\u00fcklerinin ge\u00e7erli oldu\u011funu a\u00e7\u0131k\u00e7a tan\u0131maya yana\u015fmamaktad\u0131r. Paraflanan protokolde bu hayati konu genel ifadelerle ge\u00e7i\u015ftirilmi\u015f, 1921 Kars Antla\u015fmas\u0131&#8217;na a\u00e7\u0131k\u00e7a at\u0131fta bulunulmam\u0131\u015ft\u0131r. Protokol\u00fc ge\u00e7ersiz k\u0131lan birinci temel sakatl\u0131k budur. Ermenistan T\u00fcrkiye&#8217;nin toprak b\u00fct\u00fcnl\u00fc\u011f\u00fcn\u00fc sorgulamakta ve Do\u011fu Anadolu topraklar\u0131na Bat\u0131 Ermenistan olarak at\u0131fta bulunmaktad\u0131r. A\u011fr\u0131 Da\u011f\u0131&#8217;n\u0131 da resmi devlet amblemi olarak kabul etmi\u015ftir. Bu toprak talepleri Anayasa h\u00fckm\u00fc haline getirilmi\u015ftir. AKP h\u00fck\u00fcmetinin kabul etti\u011fi protokollerde Ermenistan&#8217;\u0131n bu konularda Anayasas\u0131n\u0131n ilgili h\u00fck\u00fcmlerini g\u00f6zden ge\u00e7irerek uluslararas\u0131 hukuka uygun hale getirece\u011fine ili\u015fkin somut bir y\u00fck\u00fcml\u00fcl\u00fck yer almamaktad\u0131r. T\u00fcrkiye&#8217;nin toprak b\u00fct\u00fcnl\u00fc\u011f\u00fcn\u00fc sorgulayan ve bu d\u00fc\u015fmanca tutumunu inatla s\u00fcrd\u00fcren Ermenistan&#8217;la diplomatik ili\u015fki kurulmas\u0131 AKP&#8217;nin ba\u015flatt\u0131\u011f\u0131 s\u00fcrecin ikinci temel sakatl\u0131\u011f\u0131d\u0131r&#8221; dedi.<\/p>\n<p style=\"text-align: justify;\"><em><strong>Da\u011fl\u0131k Karaba\u011f<\/strong><\/em><\/p>\n<p style=\"text-align: justify;\">&#8220;Soyk\u0131r\u0131m yalan\u0131 etraf\u0131nda hayas\u0131zca s\u00fcrd\u00fcr\u00fclen uluslararas\u0131 kampanyan\u0131n ili\u015fkilerin geli\u015ftirilmesinin \u00f6n\u00fcndeki bir di\u011fer engel&#8221; oldu\u011funu ifade eden Bah\u00e7eli, s\u00f6z konusu protokollerde Erivan y\u00f6netiminin bu konudaki tutumunu terk etmesine hi\u00e7 temas edilmedi\u011fini kaydetti.<\/p>\n<p style=\"text-align: justify;\">Bah\u00e7eli, &#8220;T\u00fcrkiye&#8217;nin 1915 olaylar\u0131 konusunda ortak tarih komisyonu kurulmas\u0131 \u00f6nerisi protokolde suland\u0131r\u0131lm\u0131\u015f ve anlam\u0131n\u0131 kaybetmi\u015f bir \u00e7er\u00e7evede yer alm\u0131\u015ft\u0131r. Kurulmas\u0131 \u00f6ng\u00f6r\u00fclen ili\u015fkilerin tarihi boyutunu ele alacak alt komisyonda 1915 olaylar\u0131n\u0131n soyk\u0131r\u0131m olup olmad\u0131\u011f\u0131n\u0131n hi\u00e7bir \u015fekilde tart\u0131\u015f\u0131lmayaca\u011f\u0131n\u0131, bunu Ermenistan&#8217;\u0131n kabul etmeyece\u011fini Cumhurba\u015fkan\u0131 Sarkisyan ilk ba\u015ftan a\u00e7\u0131klam\u0131\u015ft\u0131r. Protokollerin di\u011fer bir sakatl\u0131\u011f\u0131 da budur&#8221; ifadesini kulland\u0131.<\/p>\n<p style=\"text-align: justify;\">&#8220;Ermenistan&#8217;\u0131n dost ve karde\u015f Azerbaycan topraklar\u0131n\u0131n yakla\u015f\u0131k be\u015fte biri \u00fczerindeki askeri i\u015fgali hala s\u00fcrmektedir. Da\u011fl\u0131k Karaba\u011f d\u0131\u015f\u0131nda yedi Azari rayonu i\u015fgal alt\u0131nda olup, bir milyona yak\u0131n Azeri karde\u015fimiz kendi vatan\u0131nda m\u00fclteci konumuna d\u00fc\u015f\u00fcr\u00fclm\u00fc\u015ft\u00fcr&#8221; diyen MHP lideri, &#8220;T\u00fcrk-Ermeni kara s\u0131n\u0131r\u0131 1993 y\u0131l\u0131nda Ermeni i\u015fgali nedeniyle kapat\u0131lm\u0131\u015ft\u0131r. AKP h\u00fck\u00fcmetinin TBMM&#8217;ye sunmaya haz\u0131rland\u0131\u011f\u0131 protokollerde bu konuyu hi\u00e7bir \u015fekilde de\u011finilmemi\u015f, Ermeni i\u015fgali yok farz edilmi\u015ftir. Protokollerin paraf edilmesinden hemen sonra bir a\u00e7\u0131klama yapan Ermenistan Cumhurba\u015fkan\u0131, T\u00fcrkiye ile y\u00fcr\u00fct\u00fclen s\u00fcrecin Da\u011fl\u0131k Karaba\u011f konusundan ba\u011f\u0131ms\u0131z oldu\u011funu ilan etmi\u015ftir. Bundan k\u0131sa bir s\u00fcre \u00f6nce 13 May\u0131s 2009&#8217;da &#8216;Ermenistan&#8217;\u0131n Da\u011fl\u0131k Karaba\u011f i\u015fgali sona ermeden s\u0131n\u0131r\u0131n a\u00e7\u0131lmayaca\u011f\u0131&#8217; konusunda kamuoyu \u00f6n\u00fcnde a\u00e7\u0131k bir siyasi y\u00fck\u00fcml\u00fcl\u00fck alt\u0131na giren Ba\u015fbakan Erdo\u011fan, bu konuda hi\u00e7bir geli\u015fme beklenmedi\u011fi bir d\u00f6nemde s\u0131n\u0131r\u0131n a\u00e7\u0131lmas\u0131 karar\u0131n\u0131 i\u00e7eren ve bunu somut bir takvime ba\u011flayan protokollerle T\u00fcrk milletinin kar\u015f\u0131s\u0131na \u00e7\u0131km\u0131\u015ft\u0131r. T\u00fcrkiye&#8217;nin bu konuda izledi\u011fi hakl\u0131 ve me\u015fru siyasette \u00e7ok ciddi bir k\u0131r\u0131lma noktas\u0131 olan protokollerin sakatl\u0131kla malul di\u011fer bir y\u00f6n\u00fc de budur&#8221; dedi.<\/p>\n<p style=\"text-align: justify;\"><strong><em>&#8220;Diplomaside \u00f6rne\u011fi olmayan garabet&#8221; <\/em><\/strong><\/p>\n<p style=\"text-align: justify;\">B\u00f6yle bir zeminde Ermenistan ile ba\u015flat\u0131lan s\u00fcrecin T\u00fcrkiye&#8217;nin milli \u00e7\u0131karlar\u0131na ayk\u0131r\u0131, hukuki ve siyasi me\u015fruiyetten yoksun oldu\u011funu iddia eden Bah\u00e7eli, &#8220;D\u0131\u015f bask\u0131lara boyun e\u011fen, kom\u015fularla s\u0131f\u0131r sorun gibi kli\u015fe sloganlarla d\u0131\u015f politikada maceradan maceraya ko\u015fan Ba\u015fbakan ve h\u00fck\u00fcmeti T\u00fcrkiye&#8217;nin onurunu, itibar\u0131n\u0131 ve haysiyetini s\u0131f\u0131rlam\u0131\u015ft\u0131r&#8221; dedi.<\/p>\n<p style=\"text-align: justify;\">MHP&#8217;nin bu konudaki d\u00fc\u015f\u00fcncelerinin ve duru\u015funu a\u00e7\u0131k oldu\u011funu vurgulayan Bah\u00e7eli, &#8220;Bug\u00fcne kadar Ermenistan ile y\u00fcr\u00fct\u00fclen s\u00fcrecin sakatl\u0131k ve yanl\u0131\u015fl\u0131klar\u0131na ili\u015fkin tespitlerimiz maalesef b\u00fct\u00fcn\u00fcyle do\u011frulanm\u0131\u015ft\u0131r. Bu uyar\u0131lar\u0131m\u0131za duyars\u0131z kalan AKP h\u00fck\u00fcmeti T\u00fcrkiye&#8217;yi \u00e7ok tehlikeli bir yola sokmu\u015ftur. Milliyet\u00e7i Hareket Partisi, Ermenistan&#8217;\u0131n T\u00fcrkiye&#8217;nin toprak b\u00fct\u00fcnl\u00fc\u011f\u00fcn\u00fc sorgulayan hasmane politika ve uygulamalar\u0131 de\u011fi\u015fmedi\u011fi s\u00fcreci diplomatik ili\u015fki kurulamayaca\u011f\u0131n\u0131 ve Azerbaycan topraklar\u0131n\u0131n i\u015fgali sona ermeden de s\u0131n\u0131r\u0131n a\u00e7\u0131lmayaca\u011f\u0131n\u0131 sonuna kadar savunacakt\u0131r. Paraf edilen protokoller imzalanarak onay i\u00e7in TBMM&#8217;nin \u00f6n\u00fcne getirildi\u011fi takdirde Milliyet\u00e7i Hareket Partisi b\u00fct\u00fcn g\u00fcc\u00fcyle kar\u015f\u0131 \u00e7\u0131kacak, Ba\u015fbakan ve arkada\u015flar\u0131n\u0131n tarih ve millet \u00f6n\u00fcndeki vebal ve sorumluluklar\u0131n\u0131 b\u00fct\u00fcn a\u00e7\u0131kl\u0131\u011f\u0131yla ortaya koyacakt\u0131r&#8221; diye konu\u015ftu.<\/p>\n<p style=\"text-align: justify;\"><strong><em>Mutabakat sa\u011fland\u0131 <\/em><\/strong><\/p>\n<p style=\"text-align: justify;\">T\u00fcrkiye ve Ermenistan mutabakata vard\u0131, a\u00e7\u0131klamay\u0131 iki \u00fclkenin d\u0131\u015fi\u015fleri bakanl\u0131klar\u0131 yapt\u0131. \u0130li\u015fkilerin normalle\u015fmesi i\u00e7in takvim belirlendi.<\/p>\n<p style=\"text-align: justify;\">\u0130ki \u00fclke siyasi isti\u015farelerini 6 hafta i\u00e7inde, yani 14 Ekim T\u00fcrkiye-Ermenistan milli ma\u00e7\u0131na kadar tamamlayacak.<\/p>\n<p style=\"text-align: justify;\">\u0130mzalanacak 2 protokol T\u00fcrk ve Ermeni meclislerinin onay\u0131na sunulacak. Taslak metne g\u00f6re protokol\u00fcn y\u00fcr\u00fcrl\u00fc\u011fe girmesinden iki ay sonra s\u0131n\u0131rlar a\u00e7\u0131lacak.<\/p>\n<p style=\"text-align: justify;\"><strong><em>Protokolde neler var? <\/em><\/strong><\/p>\n<p style=\"text-align: justify;\">&#8211; S\u0131n\u0131rlar\u0131n a\u00e7\u0131lmas\u0131 (Protokol\u00fcn y\u00fcr\u00fcrl\u00fc\u011fe girmesinden 2 ay sonra)<\/p>\n<p style=\"text-align: justify;\">&#8211; \u0130ki \u00fclke d\u0131\u015fi\u015fleri bakanl\u0131\u011f\u0131nda \u00e7al\u0131\u015fma grubu kurulmas\u0131 (Protokol\u00fcn y\u00fcr\u00fcrl\u00fc\u011fe girmesinden 2 ay sonra)<\/p>\n<p style=\"text-align: justify;\">&#8211; H\u00fck\u00fcmetleraras\u0131 komisyonun ve alt komisyonlar\u0131n \u00e7al\u0131\u015faca\u011f\u0131 ko\u015fullar, temel stat\u00fclerin bakanlar d\u00fczeyinde onaylanmas\u0131 (Protokol\u00fcn y\u00fcr\u00fcrl\u00fc\u011fe girmesinden 3 ay sonra)<\/p>\n<p style=\"text-align: justify;\">&#8211; H\u00fck\u00fcmetlereras\u0131 komisyonlar\u0131n ilk toplant\u0131s\u0131n\u0131n d\u00fczenlenmesi (\u00c7al\u0131\u015fma ko\u015fullar\u0131 saptand\u0131ktan hemen sonra)<\/p>\n<p style=\"text-align: justify;\">&#8211; 7 alt komisyon kuruluyor: Siyasi \u0130sti\u015fare Alt Komisyonu, Ula\u015ft\u0131rma, \u0130leti\u015fim ve Enerji Altyap\u0131 ve \u015eebekeleri Alt Komisyonu, Hukuki Konulara \u0130li\u015fkin Alt Komisyon, Bilim ve E\u011fitim Alt Komisyonu, Ticaret, Turizm ve Ekonomik \u0130\u015fbirli\u011fi Alt Komisyonu, \u00c7evre Sorunlar\u0131na \u0130li\u015fkin Alt Komisyon, Tarihsel Boyuta \u0130li\u015fkin Alt Komisyon (Bu Komisyon ile kar\u015f\u0131l\u0131kl\u0131 g\u00fcveni yaratmak i\u00e7in bir diyalog mekanizmas\u0131 kuruluyor. Tarihi belgeler incelenecek, bu incelemeye Ermeni, T\u00fcrk, \u0130svi\u00e7re ve di\u011fer uluslardan kat\u0131l\u0131m olabilir. Bununla \u015fu deniliyor asl\u0131nda; Ermenistan kap\u0131 kap\u0131 dola\u015f\u0131p &#8216;soyk\u0131r\u0131m&#8217; demeyecek) (H\u00fck\u00fcmetleraras\u0131 Komisyon&#8217;un ilk toplant\u0131s\u0131ndan en ge\u00e7 1 ay sonra)<\/p>\n<p style=\"text-align: justify;\"><a href=\"http:\/\/cdn.dogantv.com.tr\/dokumanlar\/cnnturk\/turkiye_ermenistan_protokol.pdf\" target=\"_blank\"><strong><span style=\"color: #0000ff;\"><em>Protokol\u00fcn Tam Metni \u0130\u00e7in T\u0131klay\u0131n (T\u00fcrk\u00e7e-pdf)<\/em><\/span><\/strong><\/a><\/p>\n<p style=\"text-align: justify;\"><span style=\"color: #808080;\">CNN T\u00dcRK<\/span><\/p>\n","protected":false},"excerpt":{"rendered":"<p style=\"text-align: center;\">\n<p style=\"text-align: justify;\">MHP lideri Devlet Bah\u00e7eli, h\u00fck\u00fcmetin Ermeni a\u00e7\u0131l\u0131m\u0131n\u0131 yapt\u0131\u011f\u0131 yaz\u0131l\u0131 a\u00e7\u0131klama ile sert bi\u00e7imde ele\u015ftirdi. Ermeni taleplerine boyun e\u011fildi\u011fini s\u00f6yleyen Bah\u00e7eli, i\u00e7 siyasi isti\u015fare s\u00fcrecinin &#8220;diplomaside \u00f6rne\u011fi olmayan bir garabet&#8221; oldu\u011funu s\u00f6yledi. Bah\u00e7eli, TBMM&#8217;nin protokolleri de\u011fi\u015ftirme yetkisi olmad\u0131\u011f\u0131n\u0131 belirterek, &#8220;TBMM ya aynen kabul edecek ya da reddedecektir&#8221; dedi.<\/p>\n<p style=\"text-align: justify;\">Bah\u00e7eli, <\/p>\n","protected":false},"author":1,"featured_media":0,"comment_status":"open","ping_status":"closed","sticky":false,"template":"","format":"standard","meta":{"footnotes":""},"categories":[105],"tags":[],"class_list":["post-14207","post","type-post","status-publish","format-standard","hentry","category-gundem","odd"],"_links":{"self":[{"href":"http:\/\/www.korhanyilmaz.com\/index.php?rest_route=\/wp\/v2\/posts\/14207","targetHints":{"allow":["GET"]}}],"collection":[{"href":"http:\/\/www.korhanyilmaz.com\/index.php?rest_route=\/wp\/v2\/posts"}],"about":[{"href":"http:\/\/www.korhanyilmaz.com\/index.php?rest_route=\/wp\/v2\/types\/post"}],"author":[{"embeddable":true,"href":"http:\/\/www.korhanyilmaz.com\/index.php?rest_route=\/wp\/v2\/users\/1"}],"replies":[{"embeddable":true,"href":"http:\/\/www.korhanyilmaz.com\/index.php?rest_route=%2Fwp%2Fv2%2Fcomments&post=14207"}],"version-history":[{"count":0,"href":"http:\/\/www.korhanyilmaz.com\/index.php?rest_route=\/wp\/v2\/posts\/14207\/revisions"}],"wp:attachment":[{"href":"http:\/\/www.korhanyilmaz.com\/index.php?rest_route=%2Fwp%2Fv2%2Fmedia&parent=14207"}],"wp:term":[{"taxonomy":"category","embeddable":true,"href":"http:\/\/www.korhanyilmaz.com\/index.php?rest_route=%2Fwp%2Fv2%2Fcategories&post=14207"},{"taxonomy":"post_tag","embeddable":true,"href":"http:\/\/www.korhanyilmaz.com\/index.php?rest_route=%2Fwp%2Fv2%2Ftags&post=14207"}],"curies":[{"name":"wp","href":"https:\/\/api.w.org\/{rel}","templated":true}]}}