{"id":14194,"date":"2009-09-03T11:28:12","date_gmt":"2009-09-03T08:28:12","guid":{"rendered":"http:\/\/www.korhanyilmaz.com\/?p=14194"},"modified":"2009-09-03T11:28:12","modified_gmt":"2009-09-03T08:28:12","slug":"kurt-acilimi-ab-ilerleme-raporunda","status":"publish","type":"post","link":"http:\/\/www.korhanyilmaz.com\/?p=14194","title":{"rendered":"K\u00fcrt a\u00e7\u0131l\u0131m\u0131 AB \u0130lerleme Raporu&#8217;nda"},"content":{"rendered":"<p><a href=\"http:\/\/www.korhanyilmaz.com\/wp-content\/uploads\/2009\/09\/kudtacilimi.jpg\"  class=\"lightview\"><img loading=\"lazy\" decoding=\"async\" class=\"aligncenter size-full wp-image-14195\" src=\"http:\/\/www.korhanyilmaz.com\/wp-content\/uploads\/2009\/09\/kudtacilimi.jpg\" alt=\"\" width=\"292\" height=\"208\" \/><\/a><\/p>\n<p style=\"text-align: justify;\">Avrupa Birli\u011fi Komisyonu&#8217;nun gelecek ay a\u00e7\u0131klamas\u0131 beklenen \u0130lerleme Raporu&#8217;nun i\u00e7eri\u011fi yava\u015f yava\u015f ortaya \u00e7\u0131k\u0131yor. Raporda bu y\u0131l ilk kez bas\u0131n \u00f6zg\u00fcrl\u00fc\u011f\u00fc konusunda ya\u015fanan olumsuz geli\u015fmelerin ve K\u00fcrt a\u00e7\u0131l\u0131m\u0131n\u0131n da yer bulmas\u0131 bekleniyor. AB Komisyonu&#8217;nun Geni\u015flemeden Sorumlu \u00dcyesi Olli Rehn de T\u00fcrkiye&#8217;ye seslendi: &#8220;K\u00fcrt a\u00e7\u0131l\u0131m\u0131n\u0131n i\u00e7ini doldurun&#8221;.<\/p>\n<p style=\"text-align: justify;\"><span style=\"color: #888888;\"><em>Milliyet Gazetesi&#8217;nin haberi: <\/em><\/span><\/p>\n<p style=\"text-align: justify;\"><em><strong>&#8220;K\u00fcrt a\u00e7\u0131l\u0131m\u0131n\u0131n i\u00e7ini doldurun&#8221; <\/strong><\/em><\/p>\n<p style=\"text-align: justify;\">AB Komisyonu&#8217;nun Geni\u015flemeden Sorumlu \u00dcyesi Olli Rehn, &#8220;K\u00fcrt a\u00e7\u0131l\u0131m\u0131&#8221;n\u0131n T\u00fcrkiye&#8217;de y\u00fcr\u00fcmekte olan birka\u00e7 \u00f6nemli konudan biri oldu\u011funu s\u00f6yledi. <!--more--><\/p>\n<p style=\"text-align: justify;\">Avrupa Birli\u011fi Komisyonu da, haz\u0131rl\u0131\u011f\u0131 s\u00fcren ancak i\u00e7eri\u011fi hen\u00fcz belli olmayan &#8220;K\u00fcrt a\u00e7\u0131l\u0131m\u0131&#8221; konusunda netlik bekliyor. Y\u00fcr\u00fct\u00fclen \u00e7al\u0131\u015fmalar\u0131 &#8220;K\u00fcrt inisiyatifi&#8221; olarak tan\u0131mlayan AB Komisyonu&#8217;nun Geni\u015flemeden Sorumlu \u00dcyesi Olli Rehn, a\u00e7\u0131l\u0131m\u0131n i\u00e7inin doldurulmas\u0131 gerekti\u011fi mesaj\u0131n\u0131 verdi.<\/p>\n<p style=\"text-align: justify;\">AB, K\u00fcrt sorunu konusunda ad\u0131m at\u0131l\u0131yor olmas\u0131ndan memnun olmakla birlikte, &#8220;somut geli\u015fme ya\u015fanmas\u0131n\u0131 sa\u011flayacak ad\u0131mlar at\u0131lmas\u0131&#8221; beklentisi i\u00e7ine girdi. Rehn de, bu beklentinin alt\u0131n\u0131 \u00e7izerek, &#8220;T\u00fcrk h\u00fck\u00fcmeti ve parlamentosunun G\u00fcneydo\u011fu&#8217;daki ekonomik ve sosyal geli\u015fmeyi sa\u011flayacak, t\u00fcm T\u00fcrklerin dilsel ve k\u00fclt\u00fcrel haklar\u0131n\u0131 geni\u015fletecek ciddi bir inisiyatif sunup sunamayaca\u011f\u0131n\u0131 g\u00f6rmemiz gerekiyor&#8221; dedi.<\/p>\n<p style=\"text-align: justify;\">A\u00e7\u0131l\u0131m konusunda y\u00fcr\u00fct\u00fclen \u00e7al\u0131\u015fmalar\u0131n somut eylemlerle sonu\u00e7lanmas\u0131n\u0131 umdu\u011funu s\u00f6yleyen Rehn, K\u00fcrt sorununun \u00f6n\u00fcm\u00fczdeki ay yay\u0131mlanmas\u0131 \u00f6ng\u00f6r\u00fclen \u0130lerleme Raporu&#8217;nda daha derinlemesine ele al\u0131naca\u011f\u0131n\u0131 ifade etti.<\/p>\n<p style=\"text-align: justify;\">Rehn&#8217;in &#8220;y\u00fcr\u00fcmekte olan \u00f6nemli konular&#8221; listesinin ikinci s\u0131ras\u0131nda, T\u00fcrkiye ile Ermenistan aras\u0131nda paraflanan protokol yer ald\u0131. &#8220;Son birka\u00e7 ayd\u0131r, T\u00fcrkiye ile Ermenistan&#8217;\u0131, ili\u015fkilerini normalle\u015ftirmeleri konusunda y\u00fcreklendirdik&#8221; ifadesini kullanan Rehn, iki \u00fclke aras\u0131ndaki ili\u015fkilerin normalle\u015fmesinin Kafkasya&#8217;daki istikrara olumlu katk\u0131 yapaca\u011f\u0131n\u0131n alt\u0131n\u0131 \u00e7izdi.<\/p>\n<p style=\"text-align: justify;\"><strong><em>Rehn, protokol\u00fc, &#8220;Son derece olumlu i\u015faret&#8221; diye de\u011ferlendirdi.<\/em><\/strong><\/p>\n<p style=\"text-align: justify;\">\u00d6nemli konu s\u0131ralamas\u0131na, &#8220;T\u00fcrkiye&#8217;nin limanlar\u0131n\u0131 Rum band\u0131ral\u0131 gemilere a\u00e7mas\u0131n\u0131 \u00f6ng\u00f6ren Ek Protokol&#8221;\u00fc yerle\u015ftiren Rehn, Ankara&#8217;n\u0131n bu konudaki y\u00fck\u00fcml\u00fcl\u00fcklerini yerine getirmek zorunda oldu\u011funu ifade etti. T\u00fcrkiye&#8217;nin reform s\u00fcrecini yeniden ba\u015flatmas\u0131n\u0131 bekledi\u011fini belirten, temel haklar ve hukuk devletiyle ilgili reformlar\u0131n \u00f6ncelikli oldu\u011funu vurgulayan Rehn, \u00f6rnek olarak &#8220;ifade \u00f6zg\u00fcrl\u00fc\u011f\u00fc, dini \u00f6zg\u00fcrl\u00fckler, kad\u0131n haklar\u0131 ve sendikal haklar&#8221; ba\u015fl\u0131klar\u0131n\u0131 g\u00f6sterdi.<\/p>\n<p style=\"text-align: justify;\">Rehn, T\u00fcrkiye&#8217;nin bir yolculuk yapt\u0131\u011f\u0131n\u0131 ve yolculu\u011fun kendisinin var\u0131lacak nokta kadar \u00f6nemli oldu\u011funu s\u00f6zlerine ekledi.<\/p>\n<p style=\"text-align: justify;\"><strong><em>Ele\u015ftiri ve \u00f6vg\u00fc<\/em><\/strong><\/p>\n<p style=\"text-align: justify;\">Avrupa Birli\u011fi Komisyonu, T\u00fcrkiye konusundaki 12. \u0130lerleme Raporu&#8217;nu yay\u0131mlamak i\u00e7in haz\u0131rl\u0131klar\u0131n\u0131 s\u00fcrd\u00fcr\u00fcyor. Bas\u0131n \u00f6zg\u00fcrl\u00fc\u011f\u00fc konusunda ya\u015fanan olumsuz geli\u015fmeler bu y\u0131l ilk kez \u0130lerleme Raporu&#8217;nda yer bulacak. Bu ba\u011flamda Do\u011fan Grubu&#8217;na kesilen vergi cezas\u0131na da yer verilmesi g\u00fcndemde. T\u00fcrkiye&#8217;nin d\u0131\u015f politika alan\u0131ndaki ad\u0131mlar\u0131, Nabucco&#8217;ya at\u0131lan imza, TRT \u015ee\u015f&#8217;in a\u00e7\u0131lmas\u0131 Ankara&#8217;n\u0131n hanesine olumlu puan olarak yaz\u0131lacak ba\u015fl\u0131klar aras\u0131nda yer alacak.<\/p>\n<p style=\"text-align: justify;\">Ankara&#8217;n\u0131n ele\u015ftirilece\u011fi ba\u015fl\u0131klar\u0131n listesi de olduk\u00e7a kabar\u0131k. Reformlarda ilerleme sa\u011flanamamas\u0131, Heybeliada Ruhban Okulu&#8217;nun a\u00e7\u0131lmamas\u0131, Fener Rum Patri\u011fi&#8217;nin ek\u00fcmenik s\u0131fat\u0131n\u0131 kullanmas\u0131na izin verilmemesi, askerin siyasete etkisi, kapsaml\u0131 bir yolsuzlukla m\u00fccadele stratejisi olu\u015fturulmamas\u0131, H\u00e2kimler ve Savc\u0131lar Y\u00fcksek Kurulu&#8217;nda h\u00fck\u00fcmetten bir \u00fcyenin bulunmas\u0131, ifade \u00f6zg\u00fcrl\u00fc\u011f\u00fc ve temel haklarda istenen d\u00fczeyde geli\u015fme olmamas\u0131 ve Rum band\u0131ral\u0131 gemilere limanlar\u0131n a\u00e7\u0131lmamas\u0131 ele\u015ftiri oklar\u0131n\u0131n Ankara&#8217;ya y\u00f6neltilece\u011fi ba\u015fl\u0131klardan sadece bir ka\u00e7\u0131n\u0131 olu\u015fturuyor.<\/p>\n<p style=\"text-align: justify;\">\u0130lerleme Raporu&#8217;nun 14 Ekim&#8217;de a\u00e7\u0131klanmas\u0131 \u00f6ng\u00f6r\u00fcl\u00fcyor.<\/p>\n<p style=\"text-align: justify;\"><span style=\"color: #888888;\">CNN T\u00dcRK<\/span><\/p>\n","protected":false},"excerpt":{"rendered":"<\/p>\n<p style=\"text-align: justify;\">Avrupa Birli\u011fi Komisyonu&#8217;nun gelecek ay a\u00e7\u0131klamas\u0131 beklenen \u0130lerleme Raporu&#8217;nun i\u00e7eri\u011fi yava\u015f yava\u015f ortaya \u00e7\u0131k\u0131yor. Raporda bu y\u0131l ilk kez bas\u0131n \u00f6zg\u00fcrl\u00fc\u011f\u00fc konusunda ya\u015fanan olumsuz geli\u015fmelerin ve K\u00fcrt a\u00e7\u0131l\u0131m\u0131n\u0131n da yer bulmas\u0131 bekleniyor. AB Komisyonu&#8217;nun Geni\u015flemeden Sorumlu \u00dcyesi Olli Rehn de T\u00fcrkiye&#8217;ye seslendi: &#8220;K\u00fcrt a\u00e7\u0131l\u0131m\u0131n\u0131n i\u00e7ini doldurun&#8221;.<\/p>\n<p style=\"text-align: justify;\">Milliyet Gazetesi&#8217;nin haberi: <\/p>\n","protected":false},"author":1,"featured_media":0,"comment_status":"open","ping_status":"closed","sticky":false,"template":"","format":"standard","meta":{"footnotes":""},"categories":[3],"tags":[],"class_list":["post-14194","post","type-post","status-publish","format-standard","hentry","category-dunya","odd"],"_links":{"self":[{"href":"http:\/\/www.korhanyilmaz.com\/index.php?rest_route=\/wp\/v2\/posts\/14194","targetHints":{"allow":["GET"]}}],"collection":[{"href":"http:\/\/www.korhanyilmaz.com\/index.php?rest_route=\/wp\/v2\/posts"}],"about":[{"href":"http:\/\/www.korhanyilmaz.com\/index.php?rest_route=\/wp\/v2\/types\/post"}],"author":[{"embeddable":true,"href":"http:\/\/www.korhanyilmaz.com\/index.php?rest_route=\/wp\/v2\/users\/1"}],"replies":[{"embeddable":true,"href":"http:\/\/www.korhanyilmaz.com\/index.php?rest_route=%2Fwp%2Fv2%2Fcomments&post=14194"}],"version-history":[{"count":0,"href":"http:\/\/www.korhanyilmaz.com\/index.php?rest_route=\/wp\/v2\/posts\/14194\/revisions"}],"wp:attachment":[{"href":"http:\/\/www.korhanyilmaz.com\/index.php?rest_route=%2Fwp%2Fv2%2Fmedia&parent=14194"}],"wp:term":[{"taxonomy":"category","embeddable":true,"href":"http:\/\/www.korhanyilmaz.com\/index.php?rest_route=%2Fwp%2Fv2%2Fcategories&post=14194"},{"taxonomy":"post_tag","embeddable":true,"href":"http:\/\/www.korhanyilmaz.com\/index.php?rest_route=%2Fwp%2Fv2%2Ftags&post=14194"}],"curies":[{"name":"wp","href":"https:\/\/api.w.org\/{rel}","templated":true}]}}