{"id":14191,"date":"2009-09-03T11:25:40","date_gmt":"2009-09-03T08:25:40","guid":{"rendered":"http:\/\/www.korhanyilmaz.com\/?p=14191"},"modified":"2009-09-03T11:25:40","modified_gmt":"2009-09-03T08:25:40","slug":"elektrik-zammi-yuzde-10-civarinda-olacak","status":"publish","type":"post","link":"http:\/\/www.korhanyilmaz.com\/?p=14191","title":{"rendered":"Elektrik zamm\u0131 y\u00fczde 10 civar\u0131nda olacak"},"content":{"rendered":"<p style=\"text-align: center;\"><a href=\"http:\/\/www.korhanyilmaz.com\/wp-content\/uploads\/2009\/09\/zam.jpg\"  class=\"lightview\"><img loading=\"lazy\" decoding=\"async\" class=\"aligncenter size-full wp-image-14192\" src=\"http:\/\/www.korhanyilmaz.com\/wp-content\/uploads\/2009\/09\/zam.jpg\" alt=\"\" width=\"307\" height=\"236\" \/><\/a><\/p>\n<p style=\"text-align: justify;\">Enerji ve Tabii Kaynaklar Bakan\u0131 Taner Y\u0131ld\u0131z, elektrik zamm\u0131n\u0131n vatanda\u015fa y\u00fczde 10 civar\u0131nda yans\u0131yabilece\u011fini s\u00f6yledi.<\/p>\n<p style=\"text-align: justify;\">Bakan Y\u0131ld\u0131z, Ankara&#8217;da T\u00fcrkiye, Irak ve Suriye \u00e7evre ve su bakanlar\u0131n\u0131n toplant\u0131s\u0131 \u00f6ncesi gazetecilerin sorular\u0131n\u0131 yan\u0131tlad\u0131.<\/p>\n<p style=\"text-align: justify;\">TETA\u015e&#8217;\u0131n EPDK&#8217;ya y\u00fczde 21.8&#8217;lik bir zam, fiyat d\u00fczenlemesi talebinde bulundu\u011funu hat\u0131rlatan Y\u0131ld\u0131z, nihai t\u00fcketiciye elektrik veren kurumun TETA\u015e de\u011fil, da\u011f\u0131t\u0131m \u015firketi TEDA\u015e oldu\u011funu s\u00f6yledi. <!--more--><\/p>\n<p style=\"text-align: justify;\">Y\u0131ld\u0131z, &#8220;EPDK, bug\u00fcn yapaca\u011f\u0131 bir toplant\u0131yla bunu karara ba\u011flayacak. TETA\u015e&#8217;tan gelen ve gerek\u00e7eleri belirtilmi\u015f olan talebi de\u011ferlendirecek. Maliyet bazl\u0131 bir fiyat uygulamas\u0131na bildi\u011finiz gibi ge\u00e7ilmi\u015fti. \u00c7\u0131plak maliyetlere olabildi\u011fince giden ve enerji sekt\u00f6r\u00fcn\u00fcn kendi ayaklar\u0131 \u00fczerine y\u00fcr\u00fcyebilece\u011fi bir sistem oturtulmu\u015ftu. Bununla birlikte ne yap\u0131lacak, nas\u0131l bir yol haritas\u0131 izlenecek. TEDA\u015e&#8217;tan da teklifini alacak EPDK, bu teklifi ald\u0131ktan sonra vatanda\u015fa en son fiyat ayarlamas\u0131 hangi oranda yans\u0131yacak, bunu belirleyecek. Sistem bu, \u015fu anki s\u00fcre\u00e7 bu&#8221; dedi.<\/p>\n<p style=\"text-align: justify;\">Toptan elektri\u011fe yap\u0131lmas\u0131 beklenen zamm\u0131n nihai t\u00fcketiciye nas\u0131l yans\u0131yaca\u011f\u0131na ili\u015fkin bir soru \u00fczerine Y\u0131ld\u0131z, TEDA\u015e&#8217;\u0131n isteyece\u011fi rakamla beraber bunun d\u00fczenlenece\u011fini belirterek, bunun y\u00fczde 10&#8217;lar civar\u0131nda olabilece\u011fini s\u00f6yledi.<\/p>\n<p style=\"text-align: justify;\">Buna karar verecek olan\u0131n EPDK&#8217;n\u0131n ald\u0131\u011f\u0131 tekliflerle beraber de\u011ferlendirmesi olaca\u011f\u0131na i\u015faret eden Y\u0131ld\u0131z, &#8220;Ama benim de tahminimi sorarsan\u0131z vatanda\u015f\u0131m\u0131za y\u00fczde 10&#8217;lar civar\u0131nda bir rakam gelebilir&#8221; diye konu\u015ftu.<\/p>\n<p style=\"text-align: justify;\">T\u00fcrkiye Elektrik Ticaret A.\u015e. (TETA\u015e), 1 Ekim&#8217;den ge\u00e7erli olmak \u00fczere elektrik fiyat\u0131na yakla\u015f\u0131k y\u00fczde 20 oran\u0131nda zam yap\u0131lmas\u0131 i\u00e7in Enerji Piyasas\u0131 D\u00fczenleme Kurumu&#8217;na (EPDK) ba\u015fvurmu\u015ftu.<\/p>\n<p style=\"text-align: justify;\">Elektrik fiyatlar\u0131na en son zam ge\u00e7en ocak ay\u0131nda yap\u0131lm\u0131\u015ft\u0131. Elektrik fiyatlar\u0131na yap\u0131lan zam t\u00fcketiciye y\u00fczde 2 oran\u0131nda yans\u0131m\u0131\u015ft\u0131.<\/p>\n<p style=\"text-align: justify;\"><strong><em>Elektrik t\u00fcketimi a\u011fustosta d\u00fc\u015ft\u00fc<\/em><\/strong><\/p>\n<p style=\"text-align: justify;\">\u00d6te yandan yaz aylar\u0131yla birlikte art\u0131\u015f trendine giren elektrik t\u00fcketimi, a\u011fustos ay\u0131nda temmuza g\u00f6re hafif d\u00fc\u015f\u00fc\u015fle 17,6 milyar kilovatsaat d\u00fczeyinde ger\u00e7ekle\u015fti.<\/p>\n<p style=\"text-align: justify;\"><span style=\"color: #888888;\">CNN T\u00dcRK<\/span><\/p>\n","protected":false},"excerpt":{"rendered":"<p style=\"text-align: center;\">\n<p style=\"text-align: justify;\">Enerji ve Tabii Kaynaklar Bakan\u0131 Taner Y\u0131ld\u0131z, elektrik zamm\u0131n\u0131n vatanda\u015fa y\u00fczde 10 civar\u0131nda yans\u0131yabilece\u011fini s\u00f6yledi.<\/p>\n<p style=\"text-align: justify;\">Bakan Y\u0131ld\u0131z, Ankara&#8217;da T\u00fcrkiye, Irak ve Suriye \u00e7evre ve su bakanlar\u0131n\u0131n toplant\u0131s\u0131 \u00f6ncesi gazetecilerin sorular\u0131n\u0131 yan\u0131tlad\u0131.<\/p>\n<p style=\"text-align: justify;\">TETA\u015e&#8217;\u0131n EPDK&#8217;ya y\u00fczde 21.8&#8217;lik bir zam, fiyat d\u00fczenlemesi talebinde bulundu\u011funu hat\u0131rlatan Y\u0131ld\u0131z, nihai t\u00fcketiciye elektrik <\/p>\n","protected":false},"author":1,"featured_media":0,"comment_status":"open","ping_status":"closed","sticky":false,"template":"","format":"standard","meta":{"footnotes":""},"categories":[7],"tags":[],"class_list":["post-14191","post","type-post","status-publish","format-standard","hentry","category-ekonomi","odd"],"_links":{"self":[{"href":"http:\/\/www.korhanyilmaz.com\/index.php?rest_route=\/wp\/v2\/posts\/14191","targetHints":{"allow":["GET"]}}],"collection":[{"href":"http:\/\/www.korhanyilmaz.com\/index.php?rest_route=\/wp\/v2\/posts"}],"about":[{"href":"http:\/\/www.korhanyilmaz.com\/index.php?rest_route=\/wp\/v2\/types\/post"}],"author":[{"embeddable":true,"href":"http:\/\/www.korhanyilmaz.com\/index.php?rest_route=\/wp\/v2\/users\/1"}],"replies":[{"embeddable":true,"href":"http:\/\/www.korhanyilmaz.com\/index.php?rest_route=%2Fwp%2Fv2%2Fcomments&post=14191"}],"version-history":[{"count":0,"href":"http:\/\/www.korhanyilmaz.com\/index.php?rest_route=\/wp\/v2\/posts\/14191\/revisions"}],"wp:attachment":[{"href":"http:\/\/www.korhanyilmaz.com\/index.php?rest_route=%2Fwp%2Fv2%2Fmedia&parent=14191"}],"wp:term":[{"taxonomy":"category","embeddable":true,"href":"http:\/\/www.korhanyilmaz.com\/index.php?rest_route=%2Fwp%2Fv2%2Fcategories&post=14191"},{"taxonomy":"post_tag","embeddable":true,"href":"http:\/\/www.korhanyilmaz.com\/index.php?rest_route=%2Fwp%2Fv2%2Ftags&post=14191"}],"curies":[{"name":"wp","href":"https:\/\/api.w.org\/{rel}","templated":true}]}}