{"id":14188,"date":"2009-09-02T19:11:28","date_gmt":"2009-09-02T16:11:28","guid":{"rendered":"http:\/\/www.korhanyilmaz.com\/?p=14188"},"modified":"2009-09-02T19:11:28","modified_gmt":"2009-09-02T16:11:28","slug":"sendikal-haklar-ekim-ayindaki-toplantiya-kaldi","status":"publish","type":"post","link":"http:\/\/www.korhanyilmaz.com\/?p=14188","title":{"rendered":"Sendikal haklar ekim ay\u0131ndaki toplant\u0131ya kald\u0131"},"content":{"rendered":"<p><a href=\"http:\/\/www.korhanyilmaz.com\/wp-content\/uploads\/2009\/09\/SEND\u0130KA.jpg\"  class=\"lightview\"><img loading=\"lazy\" decoding=\"async\" class=\"aligncenter size-full wp-image-14189\" src=\"http:\/\/www.korhanyilmaz.com\/wp-content\/uploads\/2009\/09\/SEND\u0130KA.jpg\" alt=\"\" width=\"292\" height=\"190\" \/><\/a><\/p>\n<p style=\"text-align: justify;\">\u00c7al\u0131\u015fma ve Sosyal G\u00fcvenlik Bakan\u0131 \u00d6mer Din\u00e7er, sendikal haklar\u0131 d\u00fczenleyen kanunlarda yap\u0131lmas\u0131 planlanan de\u011fi\u015fiklik \u00e7al\u0131\u015fmalar\u0131na ili\u015fkin karar\u0131 ekim ay\u0131nda vereceklerini a\u00e7\u0131klad\u0131.<\/p>\n<p style=\"text-align: justify;\">Bakan Din\u00e7er ba\u015fkanl\u0131\u011f\u0131nda, \u00c7al\u0131\u015fma ve Sosyal G\u00fcvenlik Bakanl\u0131\u011f\u0131&#8217;nda ger\u00e7ekle\u015ftirilen \u00dc\u00e7l\u00fc Dan\u0131\u015fma Kurulu toplant\u0131s\u0131 sona erdi.<\/p>\n<p style=\"text-align: justify;\">Din\u00e7er, toplant\u0131n\u0131n ard\u0131ndan yapt\u0131\u011f\u0131 a\u00e7\u0131klamada, toplant\u0131da 2821 say\u0131l\u0131 Sendikalar Kanunu ile ilgili g\u00f6r\u00fc\u015fmeler, de\u011ferlendirmeler yapt\u0131klar\u0131n\u0131 s\u00f6yledi. <!--more--><\/p>\n<p style=\"text-align: justify;\">Konuyla ilgili \u0130LO ve AB standartlar\u0131na uygun olarak T\u00fcrkiye&#8217;deki sendikac\u0131l\u0131k hareketi ve Sendikalar Kanunu&#8217;yla ilgili temel ilkelerin ne olmas\u0131 gerekti\u011fi sorusuna birlikte yan\u0131t arad\u0131klar\u0131n\u0131 ifade eden Din\u00e7er, bir sonraki toplant\u0131da 2822 say\u0131l\u0131 Toplu \u0130\u015f S\u00f6zle\u015fmesi Grev ve Lokavt Kanunu&#8217;yla ilgili temel ilkeleri belirleme konusunda karara vard\u0131klar\u0131n\u0131 bildirdi.<\/p>\n<p style=\"text-align: justify;\">Bakan Din\u00e7er, bas\u0131n mensuplar\u0131n\u0131n sorular\u0131 \u00fczerine, \u015fu an i\u00e7in bir karar vermediklerini, tart\u0131\u015fma ve kararlar\u0131 ekim ay\u0131nda yapacaklar\u0131 toplant\u0131da netle\u015ftireceklerini dile getirdi.<\/p>\n<p style=\"text-align: justify;\">Aray\u0131\u015flar\u0131n\u0131n Meclis&#8217;te bu konuyla ilgili bekleyen tekliften daha ileri d\u00fczeyde bir sendikac\u0131l\u0131k olu\u015fturmaya y\u00f6nelik oldu\u011funu vurgulayan Din\u00e7er, &#8220;\u00dclkemizde \u00f6zg\u00fcrl\u00fcklerin geni\u015fledi\u011fi, son derece demokratik bir sendikac\u0131l\u0131\u011f\u0131n olmas\u0131n\u0131 arzu eden bir yakla\u015f\u0131mla tart\u0131\u015fmalar s\u00fcrd\u00fcr\u00fcl\u00fcyor. \u015eayet bu alanda uzla\u015farak bir mutabakata varamayacaksak Meclis&#8217;teki kanunu hep birlikte desteklemeye devam edece\u011fiz&#8221; dedi.<\/p>\n<p style=\"text-align: justify;\">Y\u00fcr\u00fct\u00fclen \u00e7al\u0131\u015fmalar\u0131n yasala\u015fma tarihi konusundaki karar\u0131 Meclis&#8217;in verece\u011fini belirten Din\u00e7er, \u00dc\u00e7l\u00fc Dan\u0131\u015fma Kurulu&#8217;nun gelecek toplant\u0131s\u0131n\u0131n 21 Ekim \u00c7ar\u015famba g\u00fcn\u00fc yap\u0131laca\u011f\u0131n\u0131 kaydetti.<\/p>\n<p style=\"text-align: justify;\">\u00c7al\u0131\u015fma ve Sosyal G\u00fcvenlik Bakan\u0131 \u00d6mer Din\u00e7er ba\u015fkanl\u0131\u011f\u0131nda, bakanl\u0131kta ger\u00e7ekle\u015ftirilen toplant\u0131ya T\u0130SK Y\u00f6netim Kurulu Ba\u015fkan\u0131 Tu\u011frul Kudatgobilik, T\u00fcrk-\u0130\u015f Genel Ba\u015fkan\u0131 Mustafa Kumlu, Hak-i\u015f Genel Ba\u015fkan\u0131 Salih Uslu, D\u0130SK Genel Ba\u015fkan\u0131 S\u00fcleyman \u00c7elebi ve bakanl\u0131k b\u00fcrokratlar\u0131 kat\u0131ld\u0131.<\/p>\n<p style=\"text-align: justify;\"><span style=\"color: #888888;\">CNN T\u00dcRK<\/span><\/p>\n","protected":false},"excerpt":{"rendered":"<\/p>\n<p style=\"text-align: justify;\">\u00c7al\u0131\u015fma ve Sosyal G\u00fcvenlik Bakan\u0131 \u00d6mer Din\u00e7er, sendikal haklar\u0131 d\u00fczenleyen kanunlarda yap\u0131lmas\u0131 planlanan de\u011fi\u015fiklik \u00e7al\u0131\u015fmalar\u0131na ili\u015fkin karar\u0131 ekim ay\u0131nda vereceklerini a\u00e7\u0131klad\u0131.<\/p>\n<p style=\"text-align: justify;\">Bakan Din\u00e7er ba\u015fkanl\u0131\u011f\u0131nda, \u00c7al\u0131\u015fma ve Sosyal G\u00fcvenlik Bakanl\u0131\u011f\u0131&#8217;nda ger\u00e7ekle\u015ftirilen \u00dc\u00e7l\u00fc Dan\u0131\u015fma Kurulu toplant\u0131s\u0131 sona erdi.<\/p>\n<p style=\"text-align: justify;\">Din\u00e7er, toplant\u0131n\u0131n ard\u0131ndan yapt\u0131\u011f\u0131 a\u00e7\u0131klamada, toplant\u0131da 2821 say\u0131l\u0131 Sendikalar Kanunu ile ilgili <\/p>\n","protected":false},"author":1,"featured_media":0,"comment_status":"open","ping_status":"closed","sticky":false,"template":"","format":"standard","meta":{"footnotes":""},"categories":[105],"tags":[],"class_list":["post-14188","post","type-post","status-publish","format-standard","hentry","category-gundem","odd"],"_links":{"self":[{"href":"http:\/\/www.korhanyilmaz.com\/index.php?rest_route=\/wp\/v2\/posts\/14188","targetHints":{"allow":["GET"]}}],"collection":[{"href":"http:\/\/www.korhanyilmaz.com\/index.php?rest_route=\/wp\/v2\/posts"}],"about":[{"href":"http:\/\/www.korhanyilmaz.com\/index.php?rest_route=\/wp\/v2\/types\/post"}],"author":[{"embeddable":true,"href":"http:\/\/www.korhanyilmaz.com\/index.php?rest_route=\/wp\/v2\/users\/1"}],"replies":[{"embeddable":true,"href":"http:\/\/www.korhanyilmaz.com\/index.php?rest_route=%2Fwp%2Fv2%2Fcomments&post=14188"}],"version-history":[{"count":0,"href":"http:\/\/www.korhanyilmaz.com\/index.php?rest_route=\/wp\/v2\/posts\/14188\/revisions"}],"wp:attachment":[{"href":"http:\/\/www.korhanyilmaz.com\/index.php?rest_route=%2Fwp%2Fv2%2Fmedia&parent=14188"}],"wp:term":[{"taxonomy":"category","embeddable":true,"href":"http:\/\/www.korhanyilmaz.com\/index.php?rest_route=%2Fwp%2Fv2%2Fcategories&post=14188"},{"taxonomy":"post_tag","embeddable":true,"href":"http:\/\/www.korhanyilmaz.com\/index.php?rest_route=%2Fwp%2Fv2%2Ftags&post=14188"}],"curies":[{"name":"wp","href":"https:\/\/api.w.org\/{rel}","templated":true}]}}