{"id":1418,"date":"2008-10-06T13:45:38","date_gmt":"2008-10-06T10:45:38","guid":{"rendered":"http:\/\/www.korhanyilmaz.com\/blog\/?p=1418"},"modified":"2008-10-06T13:45:38","modified_gmt":"2008-10-06T10:45:38","slug":"bu-bir-ilahi-uyari","status":"publish","type":"post","link":"http:\/\/www.korhanyilmaz.com\/?p=1418","title":{"rendered":"&#8221;BU B\u0130R \u0130LAH\u0130 UYARI&#8221;"},"content":{"rendered":"<p style=\"text-align: center;\"><img loading=\"lazy\" decoding=\"async\" class=\"size-full wp-image-1419  aligncenter\" src=\"http:\/\/www.korhanyilmaz.com\/wp-content\/uploads\/2008\/10\/24e0d8830269a44db2020b32x.jpg\" alt=\"\" width=\"475\" height=\"250\" \/><\/p>\n<p style=\"text-align: justify;\">Roma Katolik Kilisesi lideri Papa 16. Benediktus, ABD ba\u015fta olmak \u00fczere Avrupa piyasalar\u0131n\u0131 da etkilemeye ba\u015flayan k\u00fcresel mali krizi &#8221;bir ilahi uyar\u0131&#8221; olarak nitelendirdi.<\/p>\n<p style=\"text-align: justify;\">Vatikan&#8217;da &#8221;Piskoposlar Sinodu&#8221; ad\u0131 alt\u0131nda yap\u0131lan toplant\u0131n\u0131n a\u00e7\u0131l\u0131\u015f\u0131nda konu\u015fan Papa, bankalar ve kredi kurulu\u015flar\u0131n\u0131n batmakta olmas\u0131ndan ibret al\u0131nmas\u0131 gerekti\u011fini belirterek, &#8221;B\u00fcy\u00fck bankalar\u0131n \u00e7\u00f6k\u00fc\u015f\u00fcnde, paralar\u0131n yok olu\u015funda, t\u00fcm bunlar\u0131n bir hi\u00e7 oldu\u011funu g\u00f6r\u00fcyoruz&#8221; dedi.<!--more--><\/p>\n<p style=\"text-align: justify;\">16. Benediktus, &#8221;ya\u015fanan krizin maddiyata bel ba\u011flaman\u0131n yanl\u0131\u015fl\u0131\u011f\u0131n\u0131 ortaya koydu\u011funu&#8221; savunarak, &#8221;Hayatlar\u0131n\u0131 sadece ba\u015far\u0131, kariyer ve para gibi g\u00f6zle g\u00f6r\u00fcl\u00fcr ve hissedilebilir \u015feyler \u00fczerine bina edenler, evlerini kum \u00fczerine kurmu\u015flard\u0131r. Ger\u00e7ekmi\u015f gibi g\u00f6r\u00fcnen bu \u015feyler eninde sonunda ge\u00e7ip gidecektir&#8221; diye konu\u015ftu.<\/p>\n<p>Papa, ya\u015fanan k\u00fcresel mali krizden hareketle, \u0130ncillerde Hz. \u0130sa&#8217;ya atfedilen bir konu\u015fmada ge\u00e7en, Tanr\u0131&#8217;n\u0131n s\u00f6z\u00fcn\u00fc dinleyenlerin &#8221;evlerini kaya \u00fczerine kuran ak\u0131ll\u0131 adam&#8221;a, dinlemeyenlerin ise &#8221;evlerini kum \u00fczerine kuran budala adam&#8221;a benzetilmesini hat\u0131rlatm\u0131\u015f oldu.<\/p>\n<p>Banka ve kredi kurulu\u015flar\u0131n\u0131n \u00e7\u00f6k\u00fc\u015f\u00fcn\u00fc &#8221;insanlar\u0131n sahte ger\u00e7ekler pe\u015finde ko\u015fmalar\u0131n\u0131n g\u00f6stergesi&#8221; bi\u00e7iminde yorumlayan 16. Benediktus, s\u00f6zlerini, &#8221;T\u00fcm bunlar ger\u00e7ekmi\u015f gibi g\u00f6r\u00fcnse de, asl\u0131nda bunlar\u0131n ger\u00e7ekli\u011fi sadece ikincil d\u00fczeydedir. Bunlar \u00fczerine bina yapmak, kum \u00fczerine ev kurmaktan ba\u015fka bir \u015fey de\u011fildir&#8221; diye s\u00fcrd\u00fcrd\u00fc.<\/p>\n<p style=\"text-align: justify;\">Papa 16. Benediktus, bu vesileyle piskoposlar\u0131, insanlara Hristiyanlar taraf\u0131ndan Tanr\u0131&#8217;n\u0131n s\u00f6z\u00fc addedilen Kitab-\u0131 Mukaddes&#8217;e uyma \u00e7a\u011fr\u0131s\u0131 yapmaya davet ederek, &#8221;Ger\u00e7e\u011fin yegane temeli, bizim ger\u00e7eklik anlay\u0131\u015f\u0131m\u0131z\u0131 de\u011fi\u015ftirebilecek yegane \u015fey Tanr\u0131&#8217;n\u0131n s\u00f6z\u00fcd\u00fcr: Ger\u00e7ek\u00e7i olan, Tanr\u0131 S\u00f6z\u00fcn\u00fcn ger\u00e7ekli\u011fini tan\u0131yan ki\u015fidir&#8221; dedi.<\/p>\n<p style=\"text-align: justify;\"><span style=\"color: #888888;\">Kaynak : Sabah Gazetesi<\/span><\/p>\n","protected":false},"excerpt":{"rendered":"<p style=\"text-align: center;\">\n<p style=\"text-align: justify;\">Roma Katolik Kilisesi lideri Papa 16. Benediktus, ABD ba\u015fta olmak \u00fczere Avrupa piyasalar\u0131n\u0131 da etkilemeye ba\u015flayan k\u00fcresel mali krizi &#8221;bir ilahi uyar\u0131&#8221; olarak nitelendirdi.<\/p>\n<p style=\"text-align: justify;\">Vatikan&#8217;da &#8221;Piskoposlar Sinodu&#8221; ad\u0131 alt\u0131nda yap\u0131lan toplant\u0131n\u0131n a\u00e7\u0131l\u0131\u015f\u0131nda konu\u015fan Papa, bankalar ve kredi kurulu\u015flar\u0131n\u0131n batmakta olmas\u0131ndan ibret al\u0131nmas\u0131 gerekti\u011fini belirterek, &#8221;B\u00fcy\u00fck bankalar\u0131n \u00e7\u00f6k\u00fc\u015f\u00fcnde, paralar\u0131n <\/p>\n","protected":false},"author":1,"featured_media":0,"comment_status":"open","ping_status":"open","sticky":false,"template":"","format":"standard","meta":{"footnotes":""},"categories":[3],"tags":[],"class_list":["post-1418","post","type-post","status-publish","format-standard","hentry","category-dunya","odd"],"_links":{"self":[{"href":"http:\/\/www.korhanyilmaz.com\/index.php?rest_route=\/wp\/v2\/posts\/1418","targetHints":{"allow":["GET"]}}],"collection":[{"href":"http:\/\/www.korhanyilmaz.com\/index.php?rest_route=\/wp\/v2\/posts"}],"about":[{"href":"http:\/\/www.korhanyilmaz.com\/index.php?rest_route=\/wp\/v2\/types\/post"}],"author":[{"embeddable":true,"href":"http:\/\/www.korhanyilmaz.com\/index.php?rest_route=\/wp\/v2\/users\/1"}],"replies":[{"embeddable":true,"href":"http:\/\/www.korhanyilmaz.com\/index.php?rest_route=%2Fwp%2Fv2%2Fcomments&post=1418"}],"version-history":[{"count":0,"href":"http:\/\/www.korhanyilmaz.com\/index.php?rest_route=\/wp\/v2\/posts\/1418\/revisions"}],"wp:attachment":[{"href":"http:\/\/www.korhanyilmaz.com\/index.php?rest_route=%2Fwp%2Fv2%2Fmedia&parent=1418"}],"wp:term":[{"taxonomy":"category","embeddable":true,"href":"http:\/\/www.korhanyilmaz.com\/index.php?rest_route=%2Fwp%2Fv2%2Fcategories&post=1418"},{"taxonomy":"post_tag","embeddable":true,"href":"http:\/\/www.korhanyilmaz.com\/index.php?rest_route=%2Fwp%2Fv2%2Ftags&post=1418"}],"curies":[{"name":"wp","href":"https:\/\/api.w.org\/{rel}","templated":true}]}}