{"id":14176,"date":"2009-09-02T16:45:24","date_gmt":"2009-09-02T13:45:24","guid":{"rendered":"http:\/\/www.korhanyilmaz.com\/?p=14176"},"modified":"2009-09-02T16:45:24","modified_gmt":"2009-09-02T13:45:24","slug":"terim-yeni-oyuncu-cagirmayacagim","status":"publish","type":"post","link":"http:\/\/www.korhanyilmaz.com\/?p=14176","title":{"rendered":"Terim: &#8216;Yeni oyuncu \u00e7a\u011f\u0131rmayaca\u011f\u0131m&#8217;"},"content":{"rendered":"<p style=\"text-align: center;\"><a href=\"http:\/\/www.korhanyilmaz.com\/wp-content\/uploads\/2009\/09\/TER\u0130M.jpg\"  class=\"lightview\"><img loading=\"lazy\" decoding=\"async\" class=\"aligncenter size-full wp-image-14177\" src=\"http:\/\/www.korhanyilmaz.com\/wp-content\/uploads\/2009\/09\/TER\u0130M.jpg\" alt=\"\" width=\"410\" height=\"179\" \/><\/a><\/p>\n<p style=\"text-align: justify;\">D\u00fcnya Kupas\u0131 elemeleri 5. Grup&#8217;ta iki kritik ma\u00e7a \u00e7\u0131kacak A milli tak\u0131m, Nev\u015fehir gezisiyle stres att\u0131. Milli tak\u0131mlar patronu Fatih Terim, sakatlar\u0131n yerine yeni oyuncu \u00e7a\u011f\u0131rmayaca\u011f\u0131n\u0131 s\u00f6yledi.<\/p>\n<p style=\"text-align: justify;\">A milli futbol tak\u0131m\u0131 2010 D\u00fcnya Kupas\u0131 elemelerinde Estonya ile 5 Eyl\u00fcl Cumartesi g\u00fcn\u00fc yapaca\u011f\u0131 ma\u00e7 \u00f6ncesi Kapadokya b\u00f6lgesinde moral depolad\u0131.<\/p>\n<p style=\"text-align: justify;\">Milli futbolcular ve teknik direkt\u00f6r Fatih Terim, Nev\u015fehir&#8217;in \u00dcrg\u00fcp il\u00e7esi s\u0131n\u0131rlar\u0131ndaki \u00dc\u00e7 G\u00fczeller b\u00f6lgesindeki peri bacalar\u0131n\u0131 gezerek, hat\u0131ra foto\u011fraf\u0131 \u00e7ektirdi.<\/p>\n<p style=\"text-align: justify;\">Burada 10 ya\u015f\u0131ndaki ilk\u00f6\u011fretim 4. s\u0131n\u0131f \u00f6\u011frencisi \u0130lker Can \u00c7apac\u0131, Fatih Terim&#8217;e nazar boncu\u011fu hediye etti. G\u00f6reme A\u00e7\u0131k Hava M\u00fczesi&#8217;ne ge\u00e7en milli tak\u0131m kafilesi, rehber e\u015fli\u011finde tarihi mekanlar\u0131, kilise ve \u015fapelleri gezdiler. <!--more--><\/p>\n<p style=\"text-align: justify;\"><strong><em>&#8220;Sakatl\u0131klar d\u0131\u015f\u0131nda s\u0131k\u0131nt\u0131m\u0131z yok&#8221;<\/em><\/strong><\/p>\n<p style=\"text-align: justify;\">Gezi s\u0131ras\u0131nda gazetecilerin sorular\u0131n\u0131 yan\u0131tlayan Terim, Estonya ma\u00e7\u0131n\u0131n haz\u0131rl\u0131klar\u0131n\u0131n iyi gitti\u011fini ifade ederek, &#8220;ama bildi\u011finiz gibi cumaya kadar beklememiz gereken bir tak\u0131m sakatl\u0131klar\u0131m\u0131z var. Onun d\u0131\u015f\u0131nda herhangi bir s\u0131k\u0131nt\u0131m\u0131z yok. Arda baca\u011f\u0131na darbe yemi\u015f. Ama bir sorun olaca\u011f\u0131n\u0131 sanm\u0131yorum&#8221; dedi.<\/p>\n<p style=\"text-align: justify;\">Terim, sakat futbolcular\u0131n oynama ihtimallerine ili\u015fkin soruyu ise \u015f\u00f6yle yan\u0131tlad\u0131:<\/p>\n<p style=\"text-align: justify;\">&#8220;\u00d6n\u00fcm\u00fczde birka\u00e7 tane karar vermemiz gereken konu var. Acaba sakat futbolcular\u0131 burada oynat\u0131rsak Bosna&#8217;ya tesir eder mi? Her bir ma\u00e7\u0131n \u00f6nemi, bir ma\u00e7\u0131 kazand\u0131ktan sonra daha da art\u0131yor. Estonya ma\u00e7\u0131n\u0131 kazanmazsan\u0131z Bosna ma\u00e7\u0131n\u0131n \u00f6nemi kalmaz. O y\u00fczden her ma\u00e7\u0131n \u00f6nemi bizim i\u00e7in ayn\u0131.<\/p>\n<p style=\"text-align: justify;\">&#8220;Doktorlar\u0131m\u0131zla en son cuma g\u00fcn\u00fc konu\u015faca\u011f\u0131z ki, y\u00fcksek derecede risk ta\u015f\u0131yan bir \u015fey varsa&#8230; Ondan sonra Bosna ma\u00e7\u0131 i\u00e7in bir d\u00f6rt g\u00fcn\u00fcm\u00fcz daha var. O s\u00fcreyi uzatal\u0131m ve orada oynatmaya bakal\u0131m. Ama bakt\u0131\u011f\u0131m\u0131z zaman maalesef baz\u0131 arkada\u015flar\u0131m\u0131z\u0131n tats\u0131z gelmesi hi\u00e7 akl\u0131m\u0131zda yoktu.<\/p>\n<p style=\"text-align: justify;\">&#8220;Yani G\u00f6khan G\u00f6n\u00fcl&#8217;\u00fcn biraz a\u011fr\u0131s\u0131 vard\u0131. Oynamas\u0131 bizim i\u00e7in iyi, ama bir komplikasyon s\u00f6z konusu. Hamit bir devre oynam\u0131\u015f, oynamasa daha iyiydi, ama oynam\u0131\u015f art\u0131k. O da h\u0131zla iyile\u015fmek istiyor, oynamak istiyor hepsi gibi&#8230; G\u00f6khan Zan&#8217;\u0131n 3-4 g\u00fcnd\u00fcr bir gerilimi vard\u0131. O gerginli\u011fi halletmeye \u00e7al\u0131\u015f\u0131yorlar. Mevl\u00fct&#8217;\u00fcn, sakatl\u0131\u011f\u0131n\u0131n ciddi oldu\u011funu g\u00f6rd\u00fck. \u00c7\u00fcnk\u00fc omzuna rakip d\u00fc\u015fm\u00fc\u015f. Belki de omuz kemi\u011fi girdi \u00e7\u0131kt\u0131 diyorlar. Onun d\u0131\u015f\u0131nda herhangi bir \u015feyimiz yok.&#8221;<\/p>\n<p style=\"text-align: justify;\"><strong><em>&#8220;Her t\u00fcrl\u00fc tak\u0131mla ciddi olmam\u0131z laz\u0131m&#8221;<\/em><\/strong><\/p>\n<p style=\"text-align: justify;\">Bir gazetecinin, &#8220;bizler, Estonya&#8217;y\u0131 \u00e7antada keklik g\u00f6r\u00fcyoruz, ama sizi ve futbolcular\u0131 bu havada g\u00f6remiyoruz&#8221; yorumu \u00fczerine Terim \u015fu kar\u015f\u0131l\u0131\u011f\u0131 verdi:<\/p>\n<p style=\"text-align: justify;\">&#8220;De\u011fil, \u00e7\u00fcnk\u00fc olmay\u0131nca olmuyor bazen. 10-15 g\u00fcn \u00f6nce Brezilya ile \u00e7ok iyi oynad\u0131lar. Hi\u00e7bir ma\u00e7, hafife al\u0131nacak ma\u00e7 de\u011fildir. \u00d6zellikle bu durumlarda. A\u00e7\u0131k\u00e7as\u0131 Ermenistan da \u00f6yle, Estonya da \u00f6yle. Her t\u00fcrl\u00fc tak\u0131mla ciddi olmak laz\u0131m. Tam konsantre olmaman\u0131n veya tam y\u00fczde 100 ciddi olmaman\u0131n ilk ba\u015ftaki iki puan kayb\u0131n\u0131 ya\u015fad\u0131k, bir daha ya\u015famak istemiyoruz.&#8221;<\/p>\n<p style=\"text-align: justify;\"><strong><em>&#8220;Yeni futbolcu \u00e7a\u011fr\u0131lmayacak&#8221;<\/em><\/strong><\/p>\n<p style=\"text-align: justify;\">Terim, kadrodan \u00e7\u0131kar\u0131lan Mevl\u00fct&#8217;\u00fcn yerine forvet al\u0131p almayacaklar\u0131 y\u00f6n\u00fcndeki soru \u00fczerine, Mevl\u00fct&#8217;\u00fcn yerine Tuncay, Nihat ve Sercan gibi oyuncular\u0131n bulundu\u011funu, Bosna ma\u00e7\u0131nda da Semih&#8217;in forma giyece\u011fini hat\u0131rlatarak, yeni futbolcu \u00e7a\u011f\u0131rmaya gerek olmad\u0131\u011f\u0131n\u0131 kaydetti.<\/p>\n<p style=\"text-align: justify;\">Kendi ma\u00e7lar\u0131n\u0131 kazand\u0131ktan sonra Bosna&#8217;n\u0131n puan kaybetmesini bekleyeceklerini belirten Terim konu\u015fmas\u0131n\u0131 \u015f\u00f6yle tamamlad\u0131:<\/p>\n<p style=\"text-align: justify;\">&#8220;Biz kazand\u0131ktan sonra Bosna&#8217;n\u0131n kaybedece\u011fini zaten tahmin edebiliyoruz veya diliyoruz. Bir tanesi de kendi ma\u00e7\u0131m\u0131z zaten. Art\u0131 \u0130spanya ile oynayacaklar, i\u00e7eride ve di\u011fer iki ma\u00e7\u0131 da d\u0131\u015far\u0131da oynayacaklar.<\/p>\n<p style=\"text-align: justify;\">&#8220;Yeter ki biz kazanal\u0131m felsefesinden gidiyoruz. Ondan sonra bakar\u0131z. Peri bacalar\u0131na geldik, 10 ay sonra da nasipse peri masal\u0131n\u0131 Afrika&#8217;da sunabilir miyiz diye burada, bu atmosferde d\u00fc\u015f\u00fcn\u00fcyorum a\u00e7\u0131k\u00e7as\u0131. Sakatl\u0131klar can s\u0131k\u0131yor, ama sakatl\u0131klar\u0131n muhatab\u0131 biz de\u011filiz. Biz de olan bir sakatl\u0131k yok, ama bu kadar y\u00fcksek tempoda, yo\u011fun ma\u00e7 trafi\u011finde sakatl\u0131klar olacakt\u0131r. Onu da ho\u015f kar\u015f\u0131lamak laz\u0131m. \u00c7\u00fcnk\u00fc, sonu\u00e7 itibariyle insanla u\u011fra\u015f\u0131yorsunuz.&#8221;<\/p>\n<p style=\"text-align: justify;\"><span style=\"color: #888888;\">CNN T\u00dcRK<\/span><\/p>\n","protected":false},"excerpt":{"rendered":"<p style=\"text-align: center;\">\n<p style=\"text-align: justify;\">D\u00fcnya Kupas\u0131 elemeleri 5. Grup&#8217;ta iki kritik ma\u00e7a \u00e7\u0131kacak A milli tak\u0131m, Nev\u015fehir gezisiyle stres att\u0131. Milli tak\u0131mlar patronu Fatih Terim, sakatlar\u0131n yerine yeni oyuncu \u00e7a\u011f\u0131rmayaca\u011f\u0131n\u0131 s\u00f6yledi.<\/p>\n<p style=\"text-align: justify;\">A milli futbol tak\u0131m\u0131 2010 D\u00fcnya Kupas\u0131 elemelerinde Estonya ile 5 Eyl\u00fcl Cumartesi g\u00fcn\u00fc yapaca\u011f\u0131 ma\u00e7 \u00f6ncesi Kapadokya b\u00f6lgesinde moral depolad\u0131.<\/p>\n","protected":false},"author":1,"featured_media":0,"comment_status":"open","ping_status":"closed","sticky":false,"template":"","format":"standard","meta":{"footnotes":""},"categories":[42],"tags":[],"class_list":["post-14176","post","type-post","status-publish","format-standard","hentry","category-spor","odd"],"_links":{"self":[{"href":"http:\/\/www.korhanyilmaz.com\/index.php?rest_route=\/wp\/v2\/posts\/14176","targetHints":{"allow":["GET"]}}],"collection":[{"href":"http:\/\/www.korhanyilmaz.com\/index.php?rest_route=\/wp\/v2\/posts"}],"about":[{"href":"http:\/\/www.korhanyilmaz.com\/index.php?rest_route=\/wp\/v2\/types\/post"}],"author":[{"embeddable":true,"href":"http:\/\/www.korhanyilmaz.com\/index.php?rest_route=\/wp\/v2\/users\/1"}],"replies":[{"embeddable":true,"href":"http:\/\/www.korhanyilmaz.com\/index.php?rest_route=%2Fwp%2Fv2%2Fcomments&post=14176"}],"version-history":[{"count":0,"href":"http:\/\/www.korhanyilmaz.com\/index.php?rest_route=\/wp\/v2\/posts\/14176\/revisions"}],"wp:attachment":[{"href":"http:\/\/www.korhanyilmaz.com\/index.php?rest_route=%2Fwp%2Fv2%2Fmedia&parent=14176"}],"wp:term":[{"taxonomy":"category","embeddable":true,"href":"http:\/\/www.korhanyilmaz.com\/index.php?rest_route=%2Fwp%2Fv2%2Fcategories&post=14176"},{"taxonomy":"post_tag","embeddable":true,"href":"http:\/\/www.korhanyilmaz.com\/index.php?rest_route=%2Fwp%2Fv2%2Ftags&post=14176"}],"curies":[{"name":"wp","href":"https:\/\/api.w.org\/{rel}","templated":true}]}}