{"id":14166,"date":"2009-09-02T23:55:02","date_gmt":"2009-09-02T20:55:02","guid":{"rendered":"http:\/\/www.korhanyilmaz.com\/?p=14166"},"modified":"2009-09-02T23:55:02","modified_gmt":"2009-09-02T20:55:02","slug":"erdogandan-bir-kez-daha-kurt-acilimi-cikisi","status":"publish","type":"post","link":"http:\/\/www.korhanyilmaz.com\/?p=14166","title":{"rendered":"Erdo\u011fan&#039;dan bir kez daha K\u00fcrt a\u00e7\u0131l\u0131m\u0131 \u00e7\u0131k\u0131\u015f\u0131"},"content":{"rendered":"<p style=\"text-align: center;\"><a href=\"http:\/\/www.korhanyilmaz.com\/wp-content\/uploads\/2009\/09\/basbakan01.jpg\"  class=\"lightview\"><img loading=\"lazy\" decoding=\"async\" class=\"aligncenter size-full wp-image-14167\" src=\"http:\/\/www.korhanyilmaz.com\/wp-content\/uploads\/2009\/09\/basbakan01.jpg\" alt=\"\" width=\"307\" height=\"236\" \/><\/a><\/p>\n<p style=\"text-align: justify;\">Ba\u015fbakan Recep Tayyip Erdo\u011fan, G\u00f6lba\u015f\u0131 \u00d6zel Harekat Daire Ba\u015fkanl\u0131\u011f\u0131&#8217;nda d\u00fczenlenen iftarda &#8220;K\u00fcrt a\u00e7\u0131l\u0131m\u0131na&#8221; y\u00f6nelik mesajlar verdi. &#8220;Etnik milliyet\u00e7ilik yapmay\u0131z&#8221; diyen Erdo\u011fan, ter\u00f6ristle m\u00fczakere etmenin s\u00f6zkonusu olmad\u0131\u011f\u0131n\u0131 ifade etti. Erdo\u011fan s\u00fcreci baltalamaya \u00e7al\u0131\u015fanlar oldu\u011funu kaydetti.<\/p>\n<p style=\"text-align: justify;\">Ba\u015fbakan Recep Tayyip Erdo\u011fan, &#8220;Bu \u00fclkede bizim T\u00fcrkiye Cumhuriyeti vatanda\u015fl\u0131\u011f\u0131nda b\u00fct\u00fcnle\u015fmemiz laz\u0131m, bir ve beraber olmam\u0131z laz\u0131m. Buna da kimsenin halel getirmeye hakk\u0131 yoktur&#8221; dedi.<\/p>\n<p style=\"text-align: justify;\">Erdo\u011fan, &#8220;Herkes etnik kimli\u011fiyle \u00f6v\u00fcns\u00fcn kimse ona bir \u015fey diyemez, dememelidir, ama t\u00fcm etnik unsurlar da T\u00fcrkiye Cumhuriyeti vatanda\u015fl\u0131\u011f\u0131yla \u00f6v\u00fcns\u00fcn&#8221; diye konu\u015ftu. <!--more--><\/p>\n<p style=\"text-align: justify;\">Ba\u015fbakan Erdo\u011fan, G\u00f6lba\u015f\u0131 \u00d6zel Harekat Daire Ba\u015fkanl\u0131\u011f\u0131nda d\u00fczenlenen iftar yeme\u011finde polislerle bir araya geldi.<\/p>\n<p style=\"text-align: justify;\">Erdo\u011fan, iftar\u0131n ard\u0131ndan yapt\u0131\u011f\u0131 konu\u015fmada, T\u00fcrkiye&#8217;nin huzur ve g\u00fcvenli\u011fi noktas\u0131nda \u00f6zverili ve \u00f6nemli bir \u00e7al\u0131\u015fma y\u00fcr\u00fcten g\u00fcvenlik g\u00fc\u00e7lerine \u00fclke ve millet ad\u0131na \u015f\u00fckranlar\u0131n\u0131 sundu\u011funu belirtti.<\/p>\n<p style=\"text-align: justify;\">\u0130ftara kat\u0131lan \u00d6zel Harekat Daire Ba\u015fkanl\u0131\u011f\u0131 kursiyerlerine e\u011fitim hayatlar\u0131 ve vazifelerinde ba\u015far\u0131 dileyen Erdo\u011fan, \u00d6zel Harekat polisleri ba\u015fta olmak \u00fczere \u015fehit d\u00fc\u015fen t\u00fcm g\u00fcvenlik g\u00f6revlerini rahmet ve minnetle and\u0131klar\u0131n\u0131 ifade etti.<\/p>\n<p style=\"text-align: justify;\">\u00d6zel Harekat Dairesi Ba\u015fkanl\u0131\u011f\u0131&#8217;n\u0131n T\u00fcrkiye&#8217;de milletin gurur duydu\u011fu bir te\u015fkilat oldu\u011funu dile getiren Erdo\u011fan, &#8220;Sizlerle her zaman gurur duydu\u011fumuzu ve duyaca\u011f\u0131m\u0131z\u0131 bilmenizi isterim&#8221; dedi.<\/p>\n<p style=\"text-align: justify;\">Ba\u015fbakan Erdo\u011fan, &#8220;y\u0131llar boyunca demokrasi ve \u00f6zg\u00fcrl\u00fckle g\u00fcvenli\u011fin birbirinin z\u0131tt\u0131, alternatifi olarak g\u00f6r\u00fcld\u00fc\u011f\u00fcn\u00fc&#8221; ifade ederek, bu iki alan\u0131n alternatifi olmad\u0131\u011f\u0131na inand\u0131klar\u0131n\u0131 vurgulad\u0131.<\/p>\n<p style=\"text-align: justify;\">Erdo\u011fan, hem demokratikle\u015fmede hem de ter\u00f6rle m\u00fccadelede etkin ve ba\u015far\u0131l\u0131 bir istikamet izlediklerini s\u00f6yledi.<\/p>\n<p style=\"text-align: justify;\">Ba\u015fbakan Erdo\u011fan, bu s\u00fcre\u00e7te t\u00fcm g\u00fcvenlik te\u015fkilatlar\u0131n\u0131n etkin ve \u00f6zverili \u00e7al\u0131\u015fmalar s\u00fcrd\u00fcrd\u00fc\u011f\u00fcn\u00fc dile getirerek, T\u00fcrkiye&#8217;nin bug\u00fcn ula\u015ft\u0131\u011f\u0131 seviyelerde b\u00fcy\u00fck emeklerinin oldu\u011funu s\u00f6yledi.<\/p>\n<p style=\"text-align: justify;\"><strong><em>&#8220;Bu s\u00fcrecin dinamikleri tamamen yerli&#8221;<\/em><\/strong><\/p>\n<p style=\"text-align: justify;\">Ba\u015fbakan Erdo\u011fan, \u00f6zel harekat polislerinin \u00f6zellikle ter\u00f6r\u00fcn yo\u011funla\u015ft\u0131\u011f\u0131 b\u00f6lgelerde etkin g\u00f6revler ald\u0131\u011f\u0131n\u0131 belirterek, Do\u011fu ve G\u00fcneydo\u011fu b\u00f6lgelerindeki foto\u011fraf\u0131 en iyi g\u00f6rebilenlerin \u00f6zel harekat polisleri oldu\u011funa inand\u0131\u011f\u0131n\u0131 s\u00f6yledi.<\/p>\n<p style=\"text-align: justify;\">Erdo\u011fan, &#8220;Ba\u015flatt\u0131\u011f\u0131m\u0131z Milli Birlik Projesi ad\u0131 alt\u0131ndaki demokratik a\u00e7\u0131l\u0131m s\u00fcreci de sizlerin ba\u011fl\u0131 oldu\u011fu \u0130\u00e7i\u015fleri Bakanl\u0131\u011f\u0131m\u0131z\u0131n b\u00fcnyesinde, koordinat\u00f6rl\u00fc\u011f\u00fcnde y\u00fcr\u00fct\u00fcl\u00fcyor. Ter\u00f6r\u00fc do\u011furan sebepler ve ter\u00f6r\u00fc bitirmeye y\u00f6nelik \u00e7\u00f6z\u00fcm \u00f6nerileri geli\u015ftirme noktas\u0131nda her birinizin engin bir birikim ve tecr\u00fcbeye sahip oldu\u011funu biliyorum. \u00c7\u00fcnk\u00fc siz damdan d\u00fc\u015fenlerdensiniz. Siz olay\u0131n sadece teorisini de\u011fil hem teoride hem pratikte ya\u015fayanlardans\u0131n\u0131z. Zaten bunu birle\u015ftirdi\u011fimiz an ula\u015faca\u011f\u0131m\u0131z neticede daha ba\u015far\u0131l\u0131 olaca\u011f\u0131z. S\u00fcrecin g\u00fcvenlik boyutu ile ilgili olarak sizlerin bilgi ve tecr\u00fcbelerinden de istifade etmeye devam edece\u011fiz&#8221; dedi.<\/p>\n<p style=\"text-align: justify;\">Ba\u015fbakan Erdo\u011fan, &#8220;Son 1 ay i\u00e7inde bizzat ben ve arkada\u015flar\u0131m defaatle vurgulad\u0131k; bu s\u00fcre\u00e7, ter\u00f6rle m\u00fccadelede ya\u015fanan zafiyet ve aciziyetin bir sonucu de\u011fil. H\u00fck\u00fcmet ve devlet olarak ter\u00f6rle \u00e7ok etkin ve ba\u015far\u0131l\u0131 bir m\u00fccadele y\u00fcr\u00fctt\u00fck, y\u00fcr\u00fct\u00fcyoruz. E\u011fer bug\u00fcn demokratik a\u00e7\u0131l\u0131m s\u00fcrecini ba\u015flatt\u0131ysak bunda ba\u015far\u0131l\u0131 bir \u015fekilde y\u00fcr\u00fct\u00fclen \u00e7al\u0131\u015fmalar\u0131n b\u00fcy\u00fck bir etkisi var. \u00c7ok boyutlu olarak s\u00fcrd\u00fcrd\u00fc\u011f\u00fcm\u00fcz \u00e7al\u0131\u015fmalar neticesinde tarihi f\u0131rsat olarak adland\u0131r\u0131lan bir ortam olu\u015ftu. Bu s\u00fcrecin dinamikleri tamamen yerli&#8221; diye konu\u015ftu.<\/p>\n<p style=\"text-align: justify;\"><strong><em>Bir gencin mektubu<\/em><\/strong><\/p>\n<p style=\"text-align: justify;\">Kendisine konuyla ilgili d\u00fcn ak\u015fam bir mektup geldi\u011fini, mektubun G\u00fcneydo\u011fulu bir gen\u00e7 taraf\u0131ndan g\u00f6nderildi\u011fini ve duygu dolu oldu\u011funu anlatan Erdo\u011fan \u015funlar\u0131 s\u00f6yledi: &#8220;Peki &#8216;siz ne kadar duygusall\u0131\u011fa inan\u0131yorsunuz?&#8217; diye sorarsan\u0131z, yeri gelir duygusall\u0131k benim i\u00e7in \u00e7ok \u015feydir, ama yeri gelir duygusall\u0131k benim i\u00e7in hi\u00e7 bir \u015feydir, ama d\u00fcn ak\u015famkinde yatan duygular \u00e7ok farkl\u0131yd\u0131. \u00c7\u00fcnk\u00fc o duygular\u0131n alt\u0131nda \u00e7\u00f6z\u00fcm yat\u0131yordu. O duygular\u0131n alt\u0131nda &#8216;Art\u0131k bu i\u015fi ne olur Ba\u015fbakan\u0131m \u00e7\u00f6z\u00fcn&#8217; diyordu. Kendi oyunu nereye verdi\u011fini \u00e7ok a\u00e7\u0131k net s\u00f6yl\u00fcyordu. Benim partime verilmi\u015f bir oy yoktu. Tamamen bu i\u015fin z\u0131tt\u0131 olan noktada olan bir oydu, ama bir ger\u00e7e\u011fi orada tespit ediyordu. O da bizim i\u015fte 10 y\u0131llard\u0131r, \u00f6zellikle son 25 y\u0131ld\u0131r i\u00e7imizi yaralayan, da\u011flayan o s\u00fcrecin i\u00e7erisinde ya\u015fad\u0131klar\u0131m\u0131zd\u0131.&#8221;<\/p>\n<p style=\"text-align: justify;\">&#8220;\u0130nan\u0131yorum ki herkesin vurgulad\u0131\u011f\u0131 gibi veya bekledi\u011fi gibi bu s\u00fcrecin i\u00e7erisinden in\u015fallah \u00e7\u0131kaca\u011f\u0131z, \u00e7\u0131kmak zorunday\u0131z. Bu bizim ortak m\u00fccadelemiz&#8221; diyen Erdo\u011fan, &#8220;E\u011fer bug\u00fcne kadar g\u00f6rd\u00fcklerimiz yine devam etseydi, yine bunlar\u0131 g\u00f6relim ya\u015fayal\u0131m diyorsak bunun bedeli i\u015fte o bayraklara sar\u0131lm\u0131\u015f olan \u015fehitler olacakt\u0131r. &#8216;Efendim zaten g\u00f6revimiz bu&#8230;&#8217; Arkada\u015flar fakat &#8216;g\u00f6revimiz budur&#8217; derken en \u00f6nemli g\u00f6revimiz var o da tedbirdir. Bizim att\u0131\u011f\u0131m\u0131z bu ad\u0131mlar i\u015fin i\u00e7in tedbir olu\u015fturur ve bunu yapmak da bizim \u00f6zel sorumlulu\u011fumuzun, mesuliyetimizin g\u00f6revidir&#8221; \u015feklinde konu\u015ftu.<\/p>\n<p style=\"text-align: justify;\">Ter\u00f6rle m\u00fccadelede sadece g\u00fcvenlik tedbirleriyle ve askeri y\u00f6ntemlerle ba\u015f etmenin m\u00fcmk\u00fcn olmad\u0131\u011f\u0131na dikkati \u00e7eken Erdo\u011fan, olay\u0131n psikolojik, sosyolojik, ekonomik ve siyasi boyutlar\u0131n\u0131n g\u00f6z ard\u0131 edilemeyece\u011fini s\u00f6yledi.<\/p>\n<p style=\"text-align: justify;\"><strong><em>&#8220;Etnik milliyet\u00e7ilik yapm\u0131yoruz&#8221;<\/em><\/strong><\/p>\n<p style=\"text-align: justify;\">Ba\u015fbakan Erdo\u011fan, H\u00fck\u00fcmet olarak, b\u00f6lgesel, etnik ve dinsel milliyet\u00e7ilik yapmayacaklar\u0131n\u0131 belirterek yola \u00e7\u0131kt\u0131klar\u0131n\u0131 an\u0131msatarak, s\u00f6zlerini \u015f\u00f6yle s\u00fcrd\u00fcrd\u00fc:<\/p>\n<p style=\"text-align: justify;\">&#8220;B\u00f6lgesel milliyet\u00e7ilik yapmayaca\u011f\u0131z. Neden? 780 bin kilometre karelik bu vatan topraklar\u0131n\u0131n her bir yerini nak\u0131\u015f nak\u0131\u015f i\u015fleyece\u011fiz. Bat\u0131&#8217;da ne varsa Do\u011fu, G\u00fcneydo\u011fu da aynen g\u00f6rmeli. Orada da e\u011fitimden, sa\u011fl\u0131\u011fa kadar, enerjisi, yollar\u0131na var\u0131ncaya kadar her yer abat olmal\u0131. E\u011fer bunu halledemiyorsak i\u015fte o zaman istismar odaklar\u0131na malzeme vermi\u015f oluruz. Onun i\u00e7in meseleyi \u00e7ok boyutlu ele almak zorunday\u0131z. Ni\u00e7in \u0130stanbul&#8217;un Kad\u0131k\u00f6y\u00fc, Ankara&#8217;n\u0131n K\u0131z\u0131lay\u0131 A\u011fr\u0131&#8217;n\u0131n Patnosunda ayn\u0131 \u015fekilde tecelli etmesin, oray\u0131 da ni\u00e7in ayn\u0131 \u015fekilde in\u015fa etmeyelim?<\/p>\n<p style=\"text-align: justify;\">Bunu yapmak bizlerin g\u00f6revi de\u011fil mi? E\u011fer burada modern d\u00fcnyan\u0131n b\u00fct\u00fcn imkanlar\u0131 var da orada olmuyorsa o zaman siz her yeri tahrik etmi\u015f olursunuz. \u0130\u015fte bug\u00fcne geldi\u011fimizin alt\u0131nda bu ger\u00e7ekler var. &#8216;Etnik milliyet\u00e7ilik yapmayaca\u011f\u0131z&#8217; dedik. Ben \u00fclkemdeki 72 milyon vatan evlad\u0131n\u0131n her birini de ayn\u0131 \u015fekilde seviyorum. Hi\u00e7 birini ay\u0131rt edemem. Var olan\u0131 yaradandan \u00f6t\u00fcr\u00fc sevmek zorunday\u0131m. Benim insana bak\u0131\u015f\u0131m budur ve bundan sonra da \u00f6yle bakaca\u011f\u0131m. Bug\u00fcne kadar da \u00f6yle bakt\u0131m, ama tek \u015fey istiyorum; bu \u00fclkede bizim T\u00fcrkiye Cumhuriyeti Vatanda\u015fl\u0131\u011f\u0131&#8217;nda b\u00fct\u00fcnle\u015fmemiz laz\u0131m, bir ve beraber olmam\u0131z laz\u0131m. Buna da kimsenin halel getirmeye hakk\u0131 yoktur.<\/p>\n<p style=\"text-align: justify;\">Bunu ba\u015fard\u0131\u011f\u0131m\u0131zda art\u0131k \u00e7\u00f6z\u00fcms\u00fczl\u00fck diye bir \u015fey kal\u0131r m\u0131? Herkes etnik kimli\u011fiyle \u00f6v\u00fcns\u00fcn kimse ona bir \u015fey diyemez, dememelidir, ama t\u00fcm etnik unsurlar da T\u00fcrkiye Cumhuriyeti vatanda\u015fl\u0131\u011f\u0131yla \u00f6v\u00fcns\u00fcn. Dinsel noktada da milliyet\u00e7ilik yapamay\u0131z. Hangi dinden, hangi mezhepten olursa olsun hepsi i\u00e7in \u00fcniter, demokratik, laik, sosyal bir hukuk devleti i\u00e7erisinde hepsinin g\u00fcvencesi olmak durumunday\u0131z ve g\u00fcvencesiyiz. E\u011fer biz burada g\u00fcvence olamazsak, d\u00fcnyan\u0131n de\u011fi\u015fik yerlerinde ya\u015fayan soyda\u015flar\u0131m\u0131z, karde\u015flerimiz i\u00e7in de ayn\u0131 g\u00fcvenceyi bekleme hakk\u0131na sahip olamay\u0131z.&#8221;<\/p>\n<p style=\"text-align: justify;\"><strong><em>&#8220;Ba\u011f\u0131r\u0131p \u00e7a\u011f\u0131rmakla d\u00fczelseydi&#8230;&#8221;<\/em><\/strong><\/p>\n<p style=\"text-align: justify;\">Erdo\u011fan, &#8220;Demokratik a\u00e7\u0131l\u0131m&#8221; \u00e7al\u0131\u015fmalar\u0131na kar\u015f\u0131 \u00e7\u0131kanlar\u0131n, bir yandan da &#8220;akan kan\u0131 durdurun&#8221; \u00e7a\u011fr\u0131s\u0131nda bulunduklar\u0131n\u0131 s\u00f6yledi.<\/p>\n<p style=\"text-align: justify;\">Erdo\u011fan, &#8220;\u0130\u015fte bizim bug\u00fcn yapt\u0131\u011f\u0131m\u0131z budur. Anneler \u015fehit tabutlar\u0131 ba\u015f\u0131nda g\u00f6zya\u015f\u0131 d\u00f6kmesin, y\u00fcrekler da\u011flanmas\u0131n, gen\u00e7 fidanlar topra\u011fa d\u00fc\u015fmesin istiyoruz. Onun i\u00e7in bu \u00e7al\u0131\u015fmalar\u0131 yap\u0131yoruz&#8221; diye konu\u015ftu.<\/p>\n<p style=\"text-align: justify;\">Konunun taraf\u0131 herkesin d\u00fc\u015f\u00fcncelerini dile getirmesini istediklerini belirten Erdo\u011fan, &#8220;Ama bak\u0131yorsunuz ki hep bu sorunu g\u00fcndeme ta\u015f\u0131yanlar ve \u00e7\u00f6z\u00fcms\u00fczl\u00fc\u011fe \u00e7\u00f6z\u00fcm getirmeyenler ne yaz\u0131k ki bunun \u00fczerinden istismar politikas\u0131 \u00fcretmeye de devam ediyorlar. Hamasetle, ba\u011f\u0131r\u0131p \u00e7a\u011f\u0131rmakla, meydan okumakla bu i\u015fler d\u00fczelseydi bug\u00fcne kadar \u00e7oktan d\u00fczelirdi&#8221; dedi.<\/p>\n<p style=\"text-align: justify;\">Ba\u015fbakan Erdo\u011fan, \u00e7\u00f6z\u00fcm noktas\u0131nda her kesimin sa\u011f duyulu ve metanetle hareket etmesi gerekti\u011fine i\u015faret ederek, &#8220;S\u00fcre\u00e7 i\u00e7erisinde bizim sabr\u0131m\u0131z\u0131, metanetimizi, dayanma g\u00fcc\u00fcm\u00fcz\u00fc s\u0131namaya \u00e7al\u0131\u015fanlar olabilir. Tahriklerle ya da tahrikkar a\u00e7\u0131klamalarla s\u00fcreci baltalamaya \u00e7al\u0131\u015fanlar olabilir. Biz bunlar kar\u015f\u0131s\u0131nda so\u011fuk kanl\u0131 olaca\u011f\u0131z. Sab\u0131rl\u0131 olaca\u011f\u0131z. Dayan\u0131kl\u0131 ve dirayetli olaca\u011f\u0131z. Hi\u00e7 kimse kendisini \u015funun, ya da bunun temsilcisi, s\u00f6zc\u00fcs\u00fc, hak aray\u0131c\u0131s\u0131 gibi g\u00f6stermeye kalkmas\u0131n. Bu milletin topyekun temsilcisi TBMM&#8217;dir. Milletin ba\u015fka temsilcisi yoktur&#8221; ifadelerini kulland\u0131.<\/p>\n<p style=\"text-align: justify;\"><strong><em>&#8220;Muhatab\u0131m\u0131z 72 milyon T\u00fcrkiye Cumhuriyeti vatanda\u015f\u0131m\u0131zd\u0131r&#8221;<\/em><\/strong><\/p>\n<p style=\"text-align: justify;\">Ba\u015fbakan Erdo\u011fan, &#8220;Hele hele T\u00fcrkiye Cumhuriyeti Devleti&#8217;nin ya da T\u00fcrkiye Cumhuriyeti H\u00fck\u00fcmeti&#8217;nin bir ter\u00f6r \u00f6rg\u00fct\u00fcn\u00fc ya da ter\u00f6ristleri muhatap almas\u0131 onlarla m\u00fczakereye oturmas\u0131 asla ve asla s\u00f6z konusu olamaz, bunu \u00e7ok a\u00e7\u0131k ve net s\u00f6yl\u00fcyorum. Kimse bizi b\u00f6yle bir yere oturtmaya da kalkmas\u0131n. Bizim muhatab\u0131m\u0131z topyekun 72 milyon T\u00fcrkiye Cumhuriyeti vatanda\u015f\u0131d\u0131r. Bunun d\u0131\u015f\u0131nda bir muhatap kabul etmedik, etmeyece\u011fiz&#8221; diye konu\u015ftu.<\/p>\n<p style=\"text-align: justify;\">\u00d6zel harekat polislerinin, arkada\u015flar\u0131n\u0131 yan\u0131 ba\u015flar\u0131nda \u015fehit verdiklerini, bu psikolojiyi \u00e7ok iyi bildiklerini, \u015fehit ailelerinin hissiyat\u0131na en yak\u0131ndan onlar\u0131n tan\u0131k olduklar\u0131n\u0131 dile getiren Erdo\u011fan, &#8220;Bu ac\u0131n\u0131n, g\u00f6zya\u015f\u0131n\u0131n dindirilmesi siyaset malzemesi yap\u0131labilir mi? Akan kan\u0131n durdurulmas\u0131 siyasi istismar arac\u0131 yap\u0131labilir mi? Ay y\u0131ld\u0131zl\u0131 bayra\u011f\u0131m\u0131za sar\u0131l\u0131 tabutlar \u00fczerinden siyaset \u00fcretilebilir mi? Meclis&#8217;te daha \u00f6nce de s\u00f6yledim; ben \u015fehidimin bir damla kan\u0131n\u0131 550 milletvekilli\u011fine de\u011fi\u015fmem. Bu i\u015fin bedeli ne olursa olsun biz bu yola \u00e7\u0131kt\u0131k ve bu yola b\u00f6yle devam edece\u011fiz&#8221; dedi.<\/p>\n<p style=\"text-align: justify;\"><strong><em>&#8220;Timsah g\u00f6zya\u015flar\u0131&#8230;&#8221; <\/em><\/strong><\/p>\n<p style=\"text-align: justify;\">Ba\u015fbakan Erdo\u011fan, bu s\u00fcreci siyasi hesaplarla de\u011fil b\u00fcy\u00fck bir insani ve vicdani sorumlulukla y\u00fcr\u00fctt\u00fcklerini belirterek, \u015f\u00f6yle devam etti: &#8220;Sorunun devam\u0131n\u0131 arzulayanlar, s\u00fcreci baltalamaya \u00e7al\u0131\u015fanlar, \u00e7\u00f6z\u00fcm\u00fcn kar\u015f\u0131s\u0131nda duranlar ya\u015fanan ac\u0131n\u0131n sorumlulu\u011funa ortak olmaktan kurtulamazlar. D\u00f6kt\u00fckleri timsah g\u00f6z ya\u015flar\u0131 milletimizin g\u00f6zya\u015flar\u0131n\u0131 dindirmez. Att\u0131klar\u0131 hamaset nutuklar\u0131 milletimizin y\u00fcre\u011findeki ac\u0131y\u0131 so\u011futmaz. \u00c7ok a\u00e7\u0131k ve net olarak \u015funu bilmenizi istiyorum; son derece halis bir niyetle son derece samimi bir niyetle yola \u00e7\u0131kt\u0131k.<\/p>\n<p style=\"text-align: justify;\">Hi\u00e7 kimseyi incitmeden, hi\u00e7 kimseyi ma\u011fdur etmeden karde\u015flik iklimini \u00fclkemizde yeniden ve sars\u0131lmaz \u015fekilde in\u015fa etmek i\u00e7in yola \u00e7\u0131kt\u0131k. A\u00e7\u0131k s\u00f6yl\u00fcyorum; bizden \u00f6ncekilerin yapt\u0131\u011f\u0131 gibi durumu idare edebilir \u00f6teleyebilir, g\u00f6rmezden gelebilir, idare-i maslahatla g\u00fcn\u00fcm\u00fcz\u00fc ge\u00e7irebilirdik. Nitekim bizden \u00f6ncekiler bunlar\u0131 yapt\u0131, ama sonu\u00e7, sorunun daha da b\u00fcy\u00fcmesi, karma\u015f\u0131k bir hal almas\u0131, girift bir yap\u0131ya kavu\u015fmas\u0131, \u00e7\u00f6z\u00fcm umutlar\u0131n\u0131n daha da azalmas\u0131 oldu. Biz ise elimizi ta\u015f\u0131n alt\u0131na koyduk ve dedik ki &#8216;gelin hep beraber ellerimizi ta\u015f\u0131n alt\u0131na koyal\u0131m.&#8217; Risk ald\u0131k. Hocam, &#8216;o\u011flum ekonomi risktir&#8217; derdi, ama siyaset de risktir, daha da ileri gidiyorum ya\u015fam bir risktir. Biz bunu b\u00f6yle g\u00f6rd\u00fck ve bu yola da b\u00f6yle devam ediyoruz. Bedeli ne olursa olsun biz bu yolda att\u0131\u011f\u0131m\u0131z ad\u0131mdan asla geri d\u00f6nmeyece\u011fiz. Yeter ki bu yolda in\u015fallah arzulad\u0131\u011f\u0131m\u0131z neticeye ula\u015fal\u0131m.&#8221;<\/p>\n<p style=\"text-align: justify;\">&#8220;Sorun 25 y\u0131l \u00f6nce iyi g\u00f6r\u00fclseydi, iyi analiz edilseydi, o zaman \u00e7\u00f6z\u00fcm yollar\u0131 aransa ve bulunsayd\u0131 on binlerce insan\u0131m\u0131z\u0131 biz ter\u00f6r nedeniyle kaybetmeyecektik&#8221; diyen Ba\u015fbakan Erdo\u011fan, gelecek nesillerin kendileriyle ilgili bu noktada ele\u015ftirilerde bulunmas\u0131na g\u00f6n\u00fcllerinin raz\u0131 olmad\u0131\u011f\u0131n\u0131 dile getirdi.<\/p>\n<p style=\"text-align: justify;\"><span style=\"color: #888888;\">CNN T\u00dcRK<\/span><\/p>\n","protected":false},"excerpt":{"rendered":"<p style=\"text-align: center;\">\n<p style=\"text-align: justify;\">Ba\u015fbakan Recep Tayyip Erdo\u011fan, G\u00f6lba\u015f\u0131 \u00d6zel Harekat Daire Ba\u015fkanl\u0131\u011f\u0131&#8217;nda d\u00fczenlenen iftarda &#8220;K\u00fcrt a\u00e7\u0131l\u0131m\u0131na&#8221; y\u00f6nelik mesajlar verdi. &#8220;Etnik milliyet\u00e7ilik yapmay\u0131z&#8221; diyen Erdo\u011fan, ter\u00f6ristle m\u00fczakere etmenin s\u00f6zkonusu olmad\u0131\u011f\u0131n\u0131 ifade etti. Erdo\u011fan s\u00fcreci baltalamaya \u00e7al\u0131\u015fanlar oldu\u011funu kaydetti.<\/p>\n<p style=\"text-align: justify;\">Ba\u015fbakan Recep Tayyip Erdo\u011fan, &#8220;Bu \u00fclkede bizim T\u00fcrkiye Cumhuriyeti vatanda\u015fl\u0131\u011f\u0131nda b\u00fct\u00fcnle\u015fmemiz laz\u0131m, bir ve <\/p>\n","protected":false},"author":1,"featured_media":0,"comment_status":"open","ping_status":"closed","sticky":false,"template":"","format":"standard","meta":{"footnotes":""},"categories":[105],"tags":[],"class_list":["post-14166","post","type-post","status-publish","format-standard","hentry","category-gundem","odd"],"_links":{"self":[{"href":"http:\/\/www.korhanyilmaz.com\/index.php?rest_route=\/wp\/v2\/posts\/14166","targetHints":{"allow":["GET"]}}],"collection":[{"href":"http:\/\/www.korhanyilmaz.com\/index.php?rest_route=\/wp\/v2\/posts"}],"about":[{"href":"http:\/\/www.korhanyilmaz.com\/index.php?rest_route=\/wp\/v2\/types\/post"}],"author":[{"embeddable":true,"href":"http:\/\/www.korhanyilmaz.com\/index.php?rest_route=\/wp\/v2\/users\/1"}],"replies":[{"embeddable":true,"href":"http:\/\/www.korhanyilmaz.com\/index.php?rest_route=%2Fwp%2Fv2%2Fcomments&post=14166"}],"version-history":[{"count":0,"href":"http:\/\/www.korhanyilmaz.com\/index.php?rest_route=\/wp\/v2\/posts\/14166\/revisions"}],"wp:attachment":[{"href":"http:\/\/www.korhanyilmaz.com\/index.php?rest_route=%2Fwp%2Fv2%2Fmedia&parent=14166"}],"wp:term":[{"taxonomy":"category","embeddable":true,"href":"http:\/\/www.korhanyilmaz.com\/index.php?rest_route=%2Fwp%2Fv2%2Fcategories&post=14166"},{"taxonomy":"post_tag","embeddable":true,"href":"http:\/\/www.korhanyilmaz.com\/index.php?rest_route=%2Fwp%2Fv2%2Ftags&post=14166"}],"curies":[{"name":"wp","href":"https:\/\/api.w.org\/{rel}","templated":true}]}}