{"id":14162,"date":"2009-09-02T18:20:27","date_gmt":"2009-09-02T15:20:27","guid":{"rendered":"http:\/\/www.korhanyilmaz.com\/?p=14162"},"modified":"2009-09-02T18:20:27","modified_gmt":"2009-09-02T15:20:27","slug":"hollandadan-cifte-standart","status":"publish","type":"post","link":"http:\/\/www.korhanyilmaz.com\/?p=14162","title":{"rendered":"Hollanda&#8217;dan \u00e7ifte standart"},"content":{"rendered":"<p style=\"text-align: center;\"><a href=\"http:\/\/www.korhanyilmaz.com\/wp-content\/uploads\/2009\/09\/hollanda.jpg\"  class=\"lightview\"><img loading=\"lazy\" decoding=\"async\" class=\"aligncenter size-full wp-image-14163\" src=\"http:\/\/www.korhanyilmaz.com\/wp-content\/uploads\/2009\/09\/hollanda.jpg\" alt=\"\" width=\"307\" height=\"236\" \/><\/a><\/p>\n<p style=\"text-align: justify;\">Hollanda&#8217;da, \u0130slam d\u00fcnyas\u0131n\u0131n tepkisini \u00e7eken karikat\u00fcr\u00fc kovu\u015fturmaya gerek g\u00f6rmeyen savc\u0131l\u0131k, Yahudi soyk\u0131r\u0131m\u0131yla ilgili bir karikat\u00fcr hakk\u0131nda soru\u015fturma ba\u015flatt\u0131.<\/p>\n<p style=\"text-align: justify;\">Utrecht Savc\u0131l\u0131\u011f\u0131, merkezi Bel\u00e7ika&#8217;da bulunan &#8220;Avrupa Arap Birli\u011fi&#8221; (AEL) adl\u0131 siyasi hareketin Hollanda biriminin internet sayfas\u0131nda bulunan, \u0130kinci D\u00fcnya Sava\u015f\u0131 s\u0131ras\u0131nda Yahudilerin katledilmesini &#8220;uydurma bir hikaye&#8221; olarak tan\u0131mlayan karikat\u00fcr hakk\u0131nda soru\u015fturma ba\u015flat\u0131ld\u0131\u011f\u0131n\u0131 duyurdu.<\/p>\n<p style=\"text-align: justify;\">Savc\u0131l\u0131ktan yap\u0131lan a\u00e7\u0131klamada, s\u00f6z konusu karikat\u00fcr\u00fcn, Yahudilere kar\u015f\u0131 hakaret ve ayr\u0131mc\u0131l\u0131k i\u00e7erdi\u011fi g\u00f6r\u00fc\u015f\u00fcne var\u0131ld\u0131\u011f\u0131n\u0131, bu nedenle dava a\u00e7\u0131lmas\u0131na karar verildi\u011fi belirtildi. <!--more--><\/p>\n<p style=\"text-align: justify;\">A\u00e7\u0131klamada, soru\u015fturman\u0131n, \u0130srail Enformasyon ve Dok\u00fcmantasyon Merkezi (CIDI) taraf\u0131ndan yap\u0131lan su\u00e7 duyurusu \u00fczerine ba\u015flat\u0131ld\u0131\u011f\u0131 kaydedildi.<\/p>\n<p style=\"text-align: justify;\">Savc\u0131l\u0131k, daha \u00f6nce bir Danimarka gazetesinde yay\u0131mlanan ve \u0130slam d\u00fcnyas\u0131n\u0131n tepkisini \u00e7eken karikat\u00fcr\u00fcn, Hollanda&#8217;da baz\u0131 yay\u0131n kurulu\u015flar\u0131 ve bir siyasi partinin internet sitesinde yay\u0131mlanmas\u0131na sessiz kalm\u0131\u015ft\u0131.<\/p>\n<p style=\"text-align: justify;\">Savc\u0131l\u0131k bu konuda a\u00e7\u0131lan davalarda karikat\u00fcrde kimseye kar\u015f\u0131 hakaret ve ayr\u0131mc\u0131l\u0131k yap\u0131lmad\u0131\u011f\u0131 g\u00f6r\u00fc\u015f\u00fcne var\u0131ld\u0131\u011f\u0131n\u0131, dolay\u0131s\u0131yla bir su\u00e7 unsuru bulunmad\u0131\u011f\u0131n\u0131 bildirerek kovu\u015fturmaya gerek g\u00f6rmemi\u015fti.<\/p>\n<p style=\"text-align: justify;\"><span style=\"color: #888888;\">CNN T\u00dcRK<\/span><\/p>\n","protected":false},"excerpt":{"rendered":"<p style=\"text-align: center;\">\n<p style=\"text-align: justify;\">Hollanda&#8217;da, \u0130slam d\u00fcnyas\u0131n\u0131n tepkisini \u00e7eken karikat\u00fcr\u00fc kovu\u015fturmaya gerek g\u00f6rmeyen savc\u0131l\u0131k, Yahudi soyk\u0131r\u0131m\u0131yla ilgili bir karikat\u00fcr hakk\u0131nda soru\u015fturma ba\u015flatt\u0131.<\/p>\n<p style=\"text-align: justify;\">Utrecht Savc\u0131l\u0131\u011f\u0131, merkezi Bel\u00e7ika&#8217;da bulunan &#8220;Avrupa Arap Birli\u011fi&#8221; (AEL) adl\u0131 siyasi hareketin Hollanda biriminin internet sayfas\u0131nda bulunan, \u0130kinci D\u00fcnya Sava\u015f\u0131 s\u0131ras\u0131nda Yahudilerin katledilmesini &#8220;uydurma bir hikaye&#8221; olarak tan\u0131mlayan karikat\u00fcr hakk\u0131nda <\/p>\n","protected":false},"author":1,"featured_media":0,"comment_status":"open","ping_status":"closed","sticky":false,"template":"","format":"standard","meta":{"footnotes":""},"categories":[3],"tags":[],"class_list":["post-14162","post","type-post","status-publish","format-standard","hentry","category-dunya","odd"],"_links":{"self":[{"href":"http:\/\/www.korhanyilmaz.com\/index.php?rest_route=\/wp\/v2\/posts\/14162","targetHints":{"allow":["GET"]}}],"collection":[{"href":"http:\/\/www.korhanyilmaz.com\/index.php?rest_route=\/wp\/v2\/posts"}],"about":[{"href":"http:\/\/www.korhanyilmaz.com\/index.php?rest_route=\/wp\/v2\/types\/post"}],"author":[{"embeddable":true,"href":"http:\/\/www.korhanyilmaz.com\/index.php?rest_route=\/wp\/v2\/users\/1"}],"replies":[{"embeddable":true,"href":"http:\/\/www.korhanyilmaz.com\/index.php?rest_route=%2Fwp%2Fv2%2Fcomments&post=14162"}],"version-history":[{"count":0,"href":"http:\/\/www.korhanyilmaz.com\/index.php?rest_route=\/wp\/v2\/posts\/14162\/revisions"}],"wp:attachment":[{"href":"http:\/\/www.korhanyilmaz.com\/index.php?rest_route=%2Fwp%2Fv2%2Fmedia&parent=14162"}],"wp:term":[{"taxonomy":"category","embeddable":true,"href":"http:\/\/www.korhanyilmaz.com\/index.php?rest_route=%2Fwp%2Fv2%2Fcategories&post=14162"},{"taxonomy":"post_tag","embeddable":true,"href":"http:\/\/www.korhanyilmaz.com\/index.php?rest_route=%2Fwp%2Fv2%2Ftags&post=14162"}],"curies":[{"name":"wp","href":"https:\/\/api.w.org\/{rel}","templated":true}]}}