{"id":14158,"date":"2009-09-02T22:39:39","date_gmt":"2009-09-02T19:39:39","guid":{"rendered":"http:\/\/www.korhanyilmaz.com\/?p=14158"},"modified":"2009-09-02T22:39:39","modified_gmt":"2009-09-02T19:39:39","slug":"skandal-2","status":"publish","type":"post","link":"http:\/\/www.korhanyilmaz.com\/?p=14158","title":{"rendered":"Skandal"},"content":{"rendered":"<p style=\"text-align: center;\"><a href=\"http:\/\/www.korhanyilmaz.com\/wp-content\/uploads\/2009\/09\/skandal.jpg\"  class=\"lightview\"><img loading=\"lazy\" decoding=\"async\" class=\"aligncenter size-full wp-image-14159\" src=\"http:\/\/www.korhanyilmaz.com\/wp-content\/uploads\/2009\/09\/skandal.jpg\" alt=\"\" width=\"392\" height=\"192\" \/><\/a><\/p>\n<p style=\"text-align: justify;\">AKP\u2019nin hemen her konuda sergiledi\u011fi \u00e7ifte standart, Emniyet\u2019in de ayar\u0131n\u0131 bozdu. Ba\u015fbakan\u2019\u0131n kar\u015f\u0131s\u0131nda \u201cA\u00e7\u0131z\u201d diye ba\u011f\u0131ran gen\u00e7lere, y\u00fcksek har\u00e7 paras\u0131n\u0131 protesto eden \u00f6\u011frencilere, hak arayan memurlara \u00e7ok sert m\u00fcdahale eden polisin, a\u00e7\u0131k\u00e7a su\u00e7 i\u015flendi\u011fi halde \u0130stanbul\u2019daki DTP mitingine sessiz kalmas\u0131, hukuk\u00e7ular\u0131 ve siyasileri k\u0131zd\u0131rd\u0131.<\/p>\n<p style=\"text-align: justify;\">\u0130stanbul\u2019daki g\u00f6steride ter\u00f6r yanda\u015flar\u0131, PKK pa\u00e7avralar\u0131 ve \u0130mral\u0131 canisinin posterlerini a\u00e7t\u0131klar\u0131 halde polisten hi\u00e7bir tepki almad\u0131. Ba\u015fbakan\u2019a \u201cA\u00e7\u0131z\u201d diye ba\u011f\u0131ran gen\u00e7ler ise karga tulumba g\u00f6zalt\u0131na al\u0131nm\u0131\u015ft\u0131.<\/p>\n<p style=\"text-align: justify;\"><strong><em>Hakk\u0131n\u0131 arayana sille tokat b\u00f6l\u00fcc\u00fcye sonsuz ho\u015fg\u00f6r\u00fc!<\/em><\/strong><\/p>\n<p style=\"text-align: justify;\">Meydanlarda hakk\u0131n\u0131 arayan memur, i\u015f\u00e7i, \u00e7ift\u00e7i, \u00f6\u011frenci ve a\u00e7\u0131l\u0131ma tepki g\u00f6sterenler tartaklan\u0131p g\u00f6zalt\u0131na al\u0131n\u0131rken, Diyarbak\u0131r ve \u0130stanbul\u2019daki mitinglerde alenen yap\u0131lan b\u00f6l\u00fcc\u00fcl\u00fc\u011fe seyirci kal\u0131nd\u0131.\u00a0<!--more--><\/p>\n<p style=\"text-align: justify;\">AKP\u2019nin hemen her konuda sergiledi\u011fi \u00e7ifte standart, Emniyet Te\u015fkilat\u0131\u2019n\u0131n da ayar\u0131n\u0131 bozdu. Diyarbak\u0131r ve \u0130stanbul\u2019da \u00f6nceki g\u00fcn d\u00fczenlenen mitingler, AKP\u2019nin \u00e7ifte standard\u0131n\u0131 bir kez daha ortaya koydu. Meydanlarda hakk\u0131n\u0131 arayan memur, i\u015f\u00e7i, \u00e7ift\u00e7i, \u00f6\u011frenci ve a\u00e7\u0131l\u0131ma tepki g\u00f6sterenler tartaklan\u0131p g\u00f6zalt\u0131na al\u0131n\u0131rken, Diyarbak\u0131r ve \u0130stanbul Kad\u0131k\u00f6y\u2019de yap\u0131lan b\u00f6l\u00fcc\u00fc propagandaya g\u00fcvenlik g\u00fc\u00e7leri seyirci kald\u0131. \u0130\u015fsizli\u011fin had safhaya ula\u015ft\u0131\u011f\u0131 T\u00fcrkiye\u2019de hakl\u0131 olarak \u201cA\u00e7\u0131z\u201d diye ba\u011f\u0131ran gen\u00e7ler yaka pa\u00e7a g\u00f6zalt\u0131na al\u0131n\u0131rken, PKK\u2019n\u0131n ve onun siyasi uzant\u0131s\u0131 DTP\u2019nin Diyarbak\u0131r\u2019daki \u015fovuna kimse sesini \u00e7\u0131karmad\u0131, ter\u00f6r propagandac\u0131lar\u0131 g\u00f6rmezden gelindi.<\/p>\n<p style=\"text-align: justify;\"><strong><em>Devleti tehdit ettiler<\/em><\/strong><\/p>\n<p style=\"text-align: justify;\">\u00dcniversite har\u00e7lar\u0131na yap\u0131lan zamlar\u0131 protesto eden gen\u00e7ler yerlerde s\u00fcr\u00fcklenirken, Diyarbak\u0131r ve \u0130stanbul\u2019da eli kanl\u0131 t\u00f6r\u00f6r \u00f6rg\u00fct\u00fc PKK\u2019n\u0131n pa\u00e7avralar\u0131n\u0131 ve 40 bin ki\u015finin katili ter\u00f6ristba\u015f\u0131 Abdullah \u00d6calan\u2019\u0131n posterlerini a\u00e7anlara kimsenin sesi \u00e7\u0131kmad\u0131, su\u00e7 \u00f6rg\u00fct\u00fcn\u00fc ve su\u00e7luyu \u00f6venlere polis m\u00fcdahale etmedi. Ba\u015fbakan\u2019a s\u00f6zde K\u00fcrt a\u00e7\u0131l\u0131m\u0131n\u0131 sorarak \u201cNe olacak bu \u015fehitler\u201d diyen gen\u00e7 karga tulumba g\u00f6zalt\u0131na al\u0131n\u0131rken, s\u00f6zde bar\u0131\u015f i\u00e7in DTP\u2019nin Diyarbak\u0131r ve \u0130stanbul\u2019da d\u00fczenledi\u011fi mitingte g\u00f6vde g\u00f6sterisinde bulunan b\u00f6l\u00fcc\u00fcler, devleti alenen tehdit etti ve \u00fclkeyi y\u00f6netenler, bunlara seyirci kald\u0131.<\/p>\n<p style=\"text-align: justify;\"><strong><em>B\u00f6l\u00fcc\u00fc propagandaya izin<\/em><\/strong><\/p>\n<p style=\"text-align: justify;\">\u015eemdinli\u2019de ter\u00f6ristlerin al\u00e7ak sald\u0131r\u0131s\u0131 sonucu \u015fehit olan Jandarma Uzman \u00c7avu\u015f Mehmet G\u00fc\u00e7l\u00fc\u2019n\u00fcn cenazesinde \u201c\u015eehitler \u00f6lmez, vatan b\u00f6l\u00fcnmez\u201d \u015feklinde slogan atan ve s\u00f6zde a\u00e7\u0131l\u0131ma tepki g\u00f6steren vatanda\u015flara \u201cBuras\u0131 miting yeri de\u011fil, ibadethanedir\u201d diyerek m\u00fcdahale eden polis, Diyarbak\u0131r\u2019da su\u00e7 oldu\u011fu halde a\u00e7\u0131k\u00e7a halk\u0131 isyana te\u015fvik eden DTP\u2019li Aysel Tu\u011fluk\u2019un konu\u015fmas\u0131n\u0131 g\u00f6zard\u0131 etti. Miting alan\u0131nda g\u00f6rev alan 4 bin 500 polis, kanunlar\u0131n \u00e7i\u011fnenmesine ve b\u00f6l\u00fcc\u00fcl\u00fck propagandas\u0131na izin verdi. AKP\u2019nin bu \u00e7ifte standard\u0131 ve polisin, a\u00e7\u0131k\u00e7a su\u00e7 i\u015flendi\u011fi halde \u0130stanbul\u2019daki DTP mitingine sessiz kalmas\u0131, siyasiler ve hukuk\u00e7ular\u0131n tepkisine yol a\u00e7t\u0131.<\/p>\n<p style=\"text-align: justify;\">DTP\u2019nin mitinglerinde b\u00f6l\u00fcc\u00fcler PKK pa\u00e7avralar\u0131 ve b\u00f6l\u00fcc\u00fcba\u015f\u0131n\u0131n posterlerini a\u00e7t\u0131klar\u0131 halde polisten hi\u00e7bir tepki almazken, Ba\u015fbakan d\u00f6nercide yemek yedi\u011fi s\u0131rada \u201cA\u00e7\u0131z\u201d diye ba\u011f\u0131ran gen\u00e7 ile s\u00f6zde K\u00fcrt a\u00e7\u0131l\u0131m\u0131yla ilgili, \u201c\u015eehitler ne olacak\u201d diyen gence korumalar ha\u015fin bir \u015fekilde m\u00fcdahale etmi\u015flerdi.<\/p>\n<p style=\"text-align: justify;\"><em>Farkl\u0131 uygulamaya siyaset\u00e7i ve hukuk\u00e7u tepkisi<\/em><\/p>\n<p style=\"text-align: justify;\">AKP\u2019nin hemen her konuda sergiledi\u011fi \u00e7ifte standart\u0131n Emniyet\u2019in de ayar\u0131n\u0131 bozmas\u0131 ve polisin a\u00e7\u0131k\u00e7a su\u00e7 i\u015flendi\u011fi halde \u0130stanbul ve Diyarbak\u0131r\u2019daki DTP mitinglerine sessiz kalmas\u0131, hukuk\u00e7ular\u0131 ve siyasileri k\u0131zd\u0131rd\u0131.<\/p>\n<p style=\"text-align: justify;\"><strong><em>PKK yanda\u015flar\u0131 ile uzla\u015fma aray\u0131\u015f\u0131<\/em><\/strong><\/p>\n<p style=\"text-align: justify;\">CHP \u0130zmir Milletvekili Ahmet Ersin: \u201cMiting meydanlar\u0131nda resmen b\u00f6l\u00fcc\u00fcl\u00fck propagandas\u0131 yapanlara polis sessiz kalmas\u0131na ra\u011fmen di\u011fer taraftan y\u00fcksek har\u00e7 bedelleri y\u00fcz\u00fcnden demokratik hakk\u0131n\u0131 kullanarak eylem yapan memur, i\u015f\u00e7i, \u00e7ift\u00e7i ve \u00f6\u011frencilere kar\u015f\u0131 son derece ha\u015fin davranmas\u0131 h\u00fck\u00fcmetin bir politikas\u0131 ve PKK yanda\u015flar\u0131 ile uzla\u015fma aray\u0131\u015f\u0131n\u0131n sonucu. \u00c7ok tehlikeli bir s\u00fcre\u00e7 olarak g\u00f6r\u00fcyorum. Bir defa bu h\u00fck\u00fcmet d\u00f6neminde K\u00fcrtler lehine bir tak\u0131m a\u00e7\u0131l\u0131mlar yapmay\u0131 planlayan bu iktidar d\u00f6neminde maalesef bu t\u00fcr etkinlikler adeta \u00fcst\u00fc \u00f6rt\u00fcl\u00fc bir \u015fekilde yasal hale geldi. Yani insanlar art\u0131k \u00e7ok rahatl\u0131kla T\u00fcrkiye\u2019yi b\u00f6lmeye y\u00f6nelik \u00e7al\u0131\u015fmalar yapabiliyor, \u00e7ok rahatl\u0131kla b\u00f6l\u00fcc\u00fc sloganlar atabiliyor. Bu ama\u00e7la etkinlikler d\u00fczenleyebiliyor. Ama buna ses \u00e7\u0131kart\u0131lam\u0131yor. Onlar\u0131 incitmeyelim, \u00fczmeyelim anlay\u0131\u015f\u0131 bana g\u00f6re a\u011f\u0131rl\u0131kta ve g\u00f6z g\u00f6re g\u00f6re kanunlar \u00e7i\u011fneniyor hatta T\u00fcrkiye\u2019yi b\u00f6lmeye y\u00f6nelik etkinlikler maalesef ABD ve AB\u2019nin etkisiyle g\u00f6rmezden geliniyor. Bu h\u00fck\u00fcmet maalesef rahatl\u0131kla b\u00f6l\u00fcnmenin de konu\u015fulabildi\u011fi bir ortam yaratt\u0131. Yani bir \u00f6zg\u00fcven kazand\u0131rd\u0131 PKK\u2019ya. Ayr\u0131l\u0131klar tart\u0131\u015f\u0131labilir \u015feklinde a\u00e7\u0131klamalar yap\u0131l\u0131yor. B\u00fct\u00fcn bunlar hem PKK\u2019ya hem de ayr\u0131l\u0131k\u00e7\u0131 kesimlere ciddi bir \u00f6zg\u00fcven kazand\u0131r\u0131yor. Bu \u00e7ifte standart\u0131 \u00e7ok da garipsemiyorum. \u00c7\u00fcnk\u00fc h\u00fck\u00fcmetin kafas\u0131n\u0131n arkas\u0131ndaki olaylar, T\u00fcrkiye i\u00e7in getirmek istedi\u011fi sonu\u00e7lar\u0131 yava\u015f yava\u015f g\u00f6r\u00fcyoruz. Bir taraftan \u00e7ok a\u011f\u0131r bir su\u00e7 i\u015flenirken, resmen b\u00f6l\u00fcc\u00fcl\u00fck propagandas\u0131 yap\u0131l\u0131rken polisin buna sessiz kalmas\u0131, di\u011fer taraftan y\u00fcksek har\u00e7 bedelleri y\u00fcz\u00fcnden demokratik hakk\u0131n\u0131 kullanarak eylem yapan \u00f6\u011frencilere kar\u015f\u0131 son derece ha\u015fin davranmas\u0131 h\u00fck\u00fcmet politikas\u0131d\u0131r. H\u00fck\u00fcmetin PKK ve yanda\u015flar\u0131 ile uzla\u015fma aray\u0131\u015f\u0131n\u0131n sonucudur bunlar.\u201d<\/p>\n<p style=\"text-align: justify;\"><strong><em>Fazla ho\u015fg\u00f6r\u00fcn\u00fcn bedeli a\u011f\u0131r olur<\/em><\/strong><\/p>\n<p style=\"text-align: justify;\">CHP Ankara Milletvekili Hakk\u0131 S\u00fcha Okay:  \u201cHukukta \u00e7ifte standart olmaz. Hukuka ayk\u0131r\u0131 bir i\u015flem yap\u0131l\u0131yorsa ona hukukun gere\u011fi ne ise yapmakla y\u00fck\u00fcml\u00fcd\u00fcr. Burada her zaman ho\u015fg\u00f6r\u00fcl\u00fc davran\u0131\u015flar\u0131n y\u00fcksek bedeli olur. Ama bir anlamda T\u00fcrkiye\u2019nin bu s\u00fcreci ile ilintili yap\u0131p da bakarsan\u0131z iki g\u00fcn sonra bu ho\u015fg\u00f6r\u00fcn\u00fcn bedeli \u00e7ok y\u00fcksek olur. Bir su\u00e7 varsa onun \u00fczerine \u00e7ifte standartl\u0131 bir yakla\u015f\u0131mla de\u011fil, kararl\u0131l\u0131kla gidilmesi laz\u0131m.\u201d<\/p>\n<p style=\"text-align: justify;\"><strong><em>Yasalar ve hukuk \u00e7i\u011fneniyor<\/em><\/strong><\/p>\n<p style=\"text-align: justify;\">Yarg\u0131tay Onursal ba\u015fsavc\u0131s\u0131 Vural Sava\u015f:  \u201cB\u00f6yle bir ortamda ger\u00e7ekle\u015fen mitinglerde polislere itidalli davran\u0131n deniyor. Yani bu mitinglerde b\u00f6l\u00fcc\u00fc ba\u015f\u0131n\u0131n posterlerini a\u00e7an ya da b\u00f6l\u00fcc\u00fc \u00f6rg\u00fct\u00fcn bayraklar\u0131n\u0131n a\u00e7anlara dokunmay\u0131n denmek isteniyor. \u00d6te yandan TBMM\u2019deki DTP K\u00fcrt A\u00e7\u0131l\u0131m\u0131 konusunda uzla\u015fma sa\u011flanmazsa b\u00f6l\u00fcc\u00fcl\u00fc\u011f\u00fc g\u00fcndeme getiririz diyerek iktidar\u0131 adeta tehdit ediyor.  Avrupa \u0130nsan Haklar\u0131 Mahkemesi \u0130spanya\u2019da bir partinin b\u00f6l\u00fcc\u00fc \u00f6rg\u00fctle ba\u011flant\u0131s\u0131 oldu\u011fu gerek\u00e7esiyle b\u0131rak\u0131n kapat\u0131lmas\u0131n\u0131, se\u00e7imlere girmesini, hatta \u00fcyelerinin ba\u011f\u0131ms\u0131z aday olmalar\u0131n\u0131n bile \u00f6n\u00fcne ge\u00e7ti. B\u00f6yle bir durumda PKK ile her defas\u0131nda ba\u011flar\u0131n\u0131n oldu\u011funu s\u00f6yledikleri bir partinin \u00fcyeleri hakk\u0131nda neden i\u015flem yap\u0131lm\u0131yor? Bunun da \u00f6tesinde mitinglerde a\u00e7\u0131lan b\u00f6l\u00fcc\u00fc bayraklar ve posterlere de tepki g\u00f6sterilmemesi T\u00fcrkiye\u2019nin bu noktada nereye geldi\u011finin art\u0131k a\u00e7\u0131k\u00e7a g\u00f6stergesidir. Anayasam\u0131za ve yasalar\u0131m\u0131za ayk\u0131r\u0131 durumlarda, hukuk \u00e7i\u011fnenmektedir. Polis de iktidarlar\u0131n ve \u00f6zellikle de \u0130\u00e7i\u015fleri Bakanl\u0131\u011f\u0131\u2019n\u0131n etkisinde oldu\u011fu i\u00e7in kendisine bulunulan telkinlere dikkat etmek durumda kal\u0131yor.\u201d<\/p>\n<p style=\"text-align: justify;\"><strong><em>Kollu\u011fun an\u0131nda m\u00fcdahalesi gerekir<\/em><\/strong><\/p>\n<p style=\"text-align: justify;\">\u0130stanbul Barosu Y\u00f6netim Kurulu \u00dcyesi H\u00fcseyin \u00d6zbek: hukukun ki\u015fiye \u00f6zg\u00fc kurallar koymad\u0131\u011f\u0131n\u0131 belirterek, \u201cHukuk Ahmet\u2019e, Mehmet\u2019e ayr\u0131 kurallar koymaz, hukuk soyuttur. Herkes i\u00e7in e\u015fit olarak uygulan\u0131r. Hukuki bir yapt\u0131r\u0131m\u0131n ki\u015filere g\u00f6re farkl\u0131 olmamas\u0131 gerekir. Dolay\u0131s\u0131yla Diyarbak\u0131r\u2019da ve Kad\u0131k\u00f6y\u2019de yap\u0131lan mitinglerde ter\u00f6r \u00f6rg\u00fct\u00fc ve liderini \u00f6v\u00fcc\u00fc sloganlar at\u0131l\u0131p, pankartlar a\u00e7\u0131lm\u0131\u015fsa ortada T\u00fcrk Ceza Kanunu\u2019na g\u00f6re bir su\u00e7 vard\u0131r. \u00dcstelik de toplumun g\u00f6z\u00fc \u00f6n\u00fcnde. Kad\u0131k\u00f6y gibi \u0130stanbul\u2019un merkezi bir yeri ve Diyarbak\u0131r kent merkezinde i\u015flenen bir su\u00e7tur. Bu t\u00fcr su\u00e7lara kollu\u011fun an\u0131nda m\u00fcdahale etmesi gerekir. Bunlar yap\u0131lmam\u0131\u015fsa ortada siyasi iktidar\u0131n K\u00fcrt a\u00e7\u0131l\u0131m\u0131 politikas\u0131 do\u011frultusunda g\u00fcvenlik g\u00fc\u00e7lerinin, kollu\u011fun g\u00f6rev yapmas\u0131n\u0131n engellenmi\u015f olmas\u0131 akla geliyor. Yani siyasi iktidar\u0131n bu konuda m\u00fcdahale etmemesi i\u00e7in kollu\u011fa talimat vermi\u015f olmas\u0131 d\u00fc\u015f\u00fcncesini do\u011furuyor. Devletin b\u00f6l\u00fcc\u00fc eylem ve s\u00f6ylemlere seyirci kalmas\u0131 bu konuda bir iradesizlik olarak alg\u0131lan\u0131r. Tekrar\u0131 i\u00e7in cesaret bulurlar\u201d dedi.<\/p>\n<p style=\"text-align: justify;\"><span style=\"color: #888888;\">Haber: \u00d6nsel \u00dcNAL &#8211; <a href=\"http:\/\/www.yenicaggazetesi.com.tr\/haberdetay.php?hit=22489\" target=\"_blank\">yenicaggazetesi.com.tr<\/a><\/span><\/p>\n","protected":false},"excerpt":{"rendered":"<p style=\"text-align: center;\">\n<p style=\"text-align: justify;\">AKP\u2019nin hemen her konuda sergiledi\u011fi \u00e7ifte standart, Emniyet\u2019in de ayar\u0131n\u0131 bozdu. Ba\u015fbakan\u2019\u0131n kar\u015f\u0131s\u0131nda \u201cA\u00e7\u0131z\u201d diye ba\u011f\u0131ran gen\u00e7lere, y\u00fcksek har\u00e7 paras\u0131n\u0131 protesto eden \u00f6\u011frencilere, hak arayan memurlara \u00e7ok sert m\u00fcdahale eden polisin, a\u00e7\u0131k\u00e7a su\u00e7 i\u015flendi\u011fi halde \u0130stanbul\u2019daki DTP mitingine sessiz kalmas\u0131, hukuk\u00e7ular\u0131 ve siyasileri k\u0131zd\u0131rd\u0131.<\/p>\n<p style=\"text-align: justify;\">\u0130stanbul\u2019daki g\u00f6steride ter\u00f6r yanda\u015flar\u0131, <\/p>\n","protected":false},"author":1,"featured_media":0,"comment_status":"open","ping_status":"closed","sticky":false,"template":"","format":"standard","meta":{"footnotes":""},"categories":[105],"tags":[],"class_list":["post-14158","post","type-post","status-publish","format-standard","hentry","category-gundem","odd"],"_links":{"self":[{"href":"http:\/\/www.korhanyilmaz.com\/index.php?rest_route=\/wp\/v2\/posts\/14158","targetHints":{"allow":["GET"]}}],"collection":[{"href":"http:\/\/www.korhanyilmaz.com\/index.php?rest_route=\/wp\/v2\/posts"}],"about":[{"href":"http:\/\/www.korhanyilmaz.com\/index.php?rest_route=\/wp\/v2\/types\/post"}],"author":[{"embeddable":true,"href":"http:\/\/www.korhanyilmaz.com\/index.php?rest_route=\/wp\/v2\/users\/1"}],"replies":[{"embeddable":true,"href":"http:\/\/www.korhanyilmaz.com\/index.php?rest_route=%2Fwp%2Fv2%2Fcomments&post=14158"}],"version-history":[{"count":0,"href":"http:\/\/www.korhanyilmaz.com\/index.php?rest_route=\/wp\/v2\/posts\/14158\/revisions"}],"wp:attachment":[{"href":"http:\/\/www.korhanyilmaz.com\/index.php?rest_route=%2Fwp%2Fv2%2Fmedia&parent=14158"}],"wp:term":[{"taxonomy":"category","embeddable":true,"href":"http:\/\/www.korhanyilmaz.com\/index.php?rest_route=%2Fwp%2Fv2%2Fcategories&post=14158"},{"taxonomy":"post_tag","embeddable":true,"href":"http:\/\/www.korhanyilmaz.com\/index.php?rest_route=%2Fwp%2Fv2%2Ftags&post=14158"}],"curies":[{"name":"wp","href":"https:\/\/api.w.org\/{rel}","templated":true}]}}