{"id":14151,"date":"2009-09-02T22:30:26","date_gmt":"2009-09-02T19:30:26","guid":{"rendered":"http:\/\/www.korhanyilmaz.com\/?p=14151"},"modified":"2009-09-02T22:30:26","modified_gmt":"2009-09-02T19:30:26","slug":"incirlik-ussunde-abd-hareketliligi","status":"publish","type":"post","link":"http:\/\/www.korhanyilmaz.com\/?p=14151","title":{"rendered":"\u0130ncirlik \u00dcss\u00fc&#039;nde ABD hareketlili\u011fi"},"content":{"rendered":"<p style=\"text-align: justify;\"><a href=\"http:\/\/www.korhanyilmaz.com\/wp-content\/uploads\/2009\/09\/incirlik.jpg\"  class=\"lightview\"><img loading=\"lazy\" decoding=\"async\" class=\"aligncenter size-full wp-image-14152\" src=\"http:\/\/www.korhanyilmaz.com\/wp-content\/uploads\/2009\/09\/incirlik.jpg\" alt=\"\" width=\"392\" height=\"197\" \/><\/a><\/p>\n<p style=\"text-align: justify;\"><strong><em>\u0130ncirlik\u2019te Amerikan askerine haz\u0131rl\u0131k<\/em><\/strong><\/p>\n<p style=\"text-align: justify;\">\u0130\u015fgal g\u00fcc\u00fc Amerika, 2010 A\u011fustos\u2019unda Irak\u2019tan tamamen \u00e7ekilme takvimi \u00fczerinde hesaplar yaparken, Adana\u2019n\u0131n \u0130ncirlik hava \u00fcss\u00fcnde de yo\u011fun bir hareketlilik ya\u015fan\u0131yor. B\u00f6lgede nakliye u\u00e7aklar\u0131n\u0131n ini\u015f ve kalk\u0131\u015f trafi\u011finin artmas\u0131 dikkat \u00e7ekti. Pentagon, 29 A\u011fustos\u2019ta yapt\u0131\u011f\u0131 a\u00e7\u0131klamada \u00e7ekilmenin Aral\u0131k ay\u0131 sonuna al\u0131nabilice\u011fini belirtmi\u015f,100 bin askerin T\u00fcrkiye \u00fczerinden \u00e7ekilebilece\u011fini belirtmi\u015fti. ABD\u2019li Tu\u011fgeneral Brown, T\u00fcrk siyasilerle g\u00f6r\u00fc\u015f\u00fclece\u011fine dikkat \u00e7ekmi\u015fti. Pentagon\u2019dan \u0130ncirlik \u00fcss\u00fcndeki 39\u2019uncu Wing Komutanl\u0131\u011f\u0131\u2019na gelen yaz\u0131da da \u00e7ekilecek askerlerin \u0130ncirlik\u2019te toplanaca\u011f\u0131 ve sevkiyat\u0131n bu \u00fcs \u00fczerinden sa\u011flanaca\u011f\u0131 belirtilmi\u015fti.<\/p>\n<p style=\"text-align: justify;\"><span style=\"color: #888888;\">Kaynak : <a href=\"http:\/\/www.yenicaggazetesi.com.tr\/haberdetay.php?hit=22487\" target=\"_blank\">yenicaggazetesi.com.tr<\/a><\/span><\/p>\n","protected":false},"excerpt":{"rendered":"<p style=\"text-align: justify;\">\n<p style=\"text-align: justify;\">\u0130ncirlik\u2019te Amerikan askerine haz\u0131rl\u0131k<\/p>\n<p style=\"text-align: justify;\">\u0130\u015fgal g\u00fcc\u00fc Amerika, 2010 A\u011fustos\u2019unda Irak\u2019tan tamamen \u00e7ekilme takvimi \u00fczerinde hesaplar yaparken, Adana\u2019n\u0131n \u0130ncirlik hava \u00fcss\u00fcnde de yo\u011fun bir hareketlilik ya\u015fan\u0131yor. B\u00f6lgede nakliye u\u00e7aklar\u0131n\u0131n ini\u015f ve kalk\u0131\u015f trafi\u011finin artmas\u0131 dikkat \u00e7ekti. Pentagon, 29 A\u011fustos\u2019ta yapt\u0131\u011f\u0131 a\u00e7\u0131klamada \u00e7ekilmenin Aral\u0131k ay\u0131 sonuna al\u0131nabilice\u011fini belirtmi\u015f,100 bin askerin <\/p>\n","protected":false},"author":1,"featured_media":0,"comment_status":"open","ping_status":"closed","sticky":false,"template":"","format":"standard","meta":{"footnotes":""},"categories":[105],"tags":[],"class_list":["post-14151","post","type-post","status-publish","format-standard","hentry","category-gundem","odd"],"_links":{"self":[{"href":"http:\/\/www.korhanyilmaz.com\/index.php?rest_route=\/wp\/v2\/posts\/14151","targetHints":{"allow":["GET"]}}],"collection":[{"href":"http:\/\/www.korhanyilmaz.com\/index.php?rest_route=\/wp\/v2\/posts"}],"about":[{"href":"http:\/\/www.korhanyilmaz.com\/index.php?rest_route=\/wp\/v2\/types\/post"}],"author":[{"embeddable":true,"href":"http:\/\/www.korhanyilmaz.com\/index.php?rest_route=\/wp\/v2\/users\/1"}],"replies":[{"embeddable":true,"href":"http:\/\/www.korhanyilmaz.com\/index.php?rest_route=%2Fwp%2Fv2%2Fcomments&post=14151"}],"version-history":[{"count":0,"href":"http:\/\/www.korhanyilmaz.com\/index.php?rest_route=\/wp\/v2\/posts\/14151\/revisions"}],"wp:attachment":[{"href":"http:\/\/www.korhanyilmaz.com\/index.php?rest_route=%2Fwp%2Fv2%2Fmedia&parent=14151"}],"wp:term":[{"taxonomy":"category","embeddable":true,"href":"http:\/\/www.korhanyilmaz.com\/index.php?rest_route=%2Fwp%2Fv2%2Fcategories&post=14151"},{"taxonomy":"post_tag","embeddable":true,"href":"http:\/\/www.korhanyilmaz.com\/index.php?rest_route=%2Fwp%2Fv2%2Ftags&post=14151"}],"curies":[{"name":"wp","href":"https:\/\/api.w.org\/{rel}","templated":true}]}}