{"id":14147,"date":"2009-09-02T22:40:15","date_gmt":"2009-09-02T19:40:15","guid":{"rendered":"http:\/\/www.korhanyilmaz.com\/?p=14147"},"modified":"2009-09-02T22:40:15","modified_gmt":"2009-09-02T19:40:15","slug":"osman-kacmaz%e2%80%99a-dosyasi-verilmedi","status":"publish","type":"post","link":"http:\/\/www.korhanyilmaz.com\/?p=14147","title":{"rendered":"Osman Ka\u00e7maz\u2019a dosyas\u0131 verilmedi"},"content":{"rendered":"<p><a href=\"http:\/\/www.korhanyilmaz.com\/wp-content\/uploads\/2009\/09\/ozman_kacmaz.jpg\"  class=\"lightview\"><img loading=\"lazy\" decoding=\"async\" class=\"aligncenter size-full wp-image-14148\" src=\"http:\/\/www.korhanyilmaz.com\/wp-content\/uploads\/2009\/09\/ozman_kacmaz.jpg\" alt=\"\" width=\"441\" height=\"216\" \/><\/a><\/p>\n<p style=\"text-align: justify;\"><strong><em>Ka\u00e7maz ifade vermedi<\/em><\/strong><\/p>\n<p style=\"text-align: justify;\">Sincan 1. A\u011f\u0131r Ceza Mahkemesi Ba\u015fkan\u0131 Osman Ka\u00e7maz, Adalet Bakanl\u0131\u011f\u0131\u2019nca hakk\u0131nda y\u00fcr\u00fct\u00fclen soru\u015fturmayla ilgili bilgi ve belgeler kendisine verilmedi\u011fi i\u00e7in savunma yapmad\u0131.<\/p>\n<p style=\"text-align: justify;\">Cumhurba\u015fkan\u0131 Abdullah G\u00fcl hakk\u0131nda verdi\u011fi \u201cyarg\u0131lanmal\u0131\u201d karar\u0131n\u0131n ard\u0131ndan h\u00fck\u00fcmetin hedefi haline gelen 1. A\u011f\u0131r Ceza Mahkemesi Ba\u015fkan\u0131 Osman Ka\u00e7maz, Adalet Bakanl\u0131\u011f\u0131nca hakk\u0131nda y\u00fcr\u00fct\u00fclen soru\u015fturma kapsam\u0131nda m\u00fcfetti\u015flere ifade vermedi. Ka\u00e7maz, sabah saatlerinde avukat\u0131 Baykal Do\u011fan ile Adalet Bakanl\u0131\u011f\u0131 Tefti\u015f Kurulu Ba\u015fkanl\u0131\u011f\u0131n\u0131n bulundu\u011fu binaya geldi. Yakla\u015f\u0131k 45 dakika i\u00e7eride kalan Ka\u00e7maz, daha sonra ayr\u0131ld\u0131. Ka\u00e7maz\u2019\u0131n avukat\u0131 Do\u011fan, gazetecilere yapt\u0131\u011f\u0131 a\u00e7\u0131klamada, daha \u00f6nce \u201csoru\u015fturma s\u00fcrecindeki usuls\u00fczl\u00fckleri a\u00e7\u0131k a\u00e7\u0131k beyan ettiklerini\u201d ifade ederek, \u015f\u00f6yle konu\u015ftu: <!--more--><\/p>\n<p style=\"text-align: justify;\"><em><strong>Hakk\u0131m\u0131z k\u0131s\u0131tlan\u0131yor<\/strong><\/em><\/p>\n<p style=\"text-align: justify;\">\u201cBug\u00fcn de ayn\u0131 \u015fey ile kar\u015f\u0131la\u015ft\u0131k. Soru\u015fturmaya esas bilgi ve belgeler, talep etti\u011fimiz halde, gizlilik karar\u0131 oldu\u011fundan bahisle taraf\u0131m\u0131za verilmedi. Buna ra\u011fmen, belgelere dayanarak savunma yapmam\u0131z istendi. Bilmedi\u011fimiz, g\u00f6rmedi\u011fimiz, incelemedi\u011fimiz belgelere dayanarak yap\u0131lan soru\u015fturmada sorulara cevap veremeyece\u011fimizi ifade ettik. \u00c7\u00fcnk\u00fc, bunun savunma hakk\u0131n\u0131n k\u0131s\u0131tlanmas\u0131 niteli\u011finde oldu\u011funu beyan ettik.\u201d<\/p>\n<p style=\"text-align: justify;\"><strong><em>D\u00fcnyada e\u015fi yok<\/em><\/strong><\/p>\n<p style=\"text-align: justify;\">Bu arada, YARSAV Ba\u015fkan\u0131 \u00d6mer Faruk Emina\u011fao\u011flu, Osman Ka\u00e7maz\u2019\u0131n i\u00e7eride bulundu\u011fu dakikalarda binaya geldi. Emina\u011fao\u011flu, buradan ayr\u0131l\u0131rken gazetecilere bir a\u00e7\u0131klama yapt\u0131. \u201cBakanl\u0131\u011f\u0131n; hangi delilleri, hangi y\u00f6ntemlerle, nas\u0131l, hangi i\u00e7erikle elde edildi\u011fini hi\u00e7bir meslekta\u015f\u0131na a\u00e7\u0131klamadan savunma alma yoluna gitti\u011fini\u201d ileri s\u00fcren Emina\u011fao\u011flu, \u201cBunun d\u00fcnyada e\u015fi benzeri yok. Bu gibi olaylarla yarg\u0131n\u0131n muhatap edilmesi, bir de yarg\u0131 reformu s\u00f6ylemini dilinden d\u00fc\u015f\u00fcrmeyen bakanl\u0131\u011f\u0131n bunu yapmas\u0131 kabul edilemez. YARSAV olarak her t\u00fcrl\u00fc hukuksuzlu\u011fa kar\u015f\u0131y\u0131z\u201d dedi.<\/p>\n<p style=\"text-align: justify;\"><strong><em>Yarg\u0131tay \u00fcyelerinin ac\u0131 g\u00fcn\u00fc<\/em><\/strong><\/p>\n<p style=\"text-align: justify;\">Ankara\u2019da vefat eden Yarg\u0131tay Be\u015finci Hukuk Dairesi Tetkik Hakimi M\u00fcnevver Karahan (50) d\u00fcn son yolcu\u011funa u\u011furland\u0131. Karahan i\u00e7in Yarg\u0131tay\u2019da bir t\u00f6ren d\u00fczenlendi. T\u00f6rende bir konu\u015fma yapan Yarg\u0131tay Ba\u015fkan\u0131 Ger\u00e7eker, Karahan\u2019\u0131n \u00e7ok de\u011ferli ki\u015fili\u011fi ile \u00f6rnek oldu\u011funu belirterek,    \u201cArkada\u015f\u0131m\u0131z\u0131n, Yarg\u0131tay\u2019a \u00e7ok b\u00fcy\u00fck hizmetleri oldu\u201d dedi. Karahan\u2019\u0131n e\u015fi Kamil Karahan\u2019\u0131n taziyeleri kabul etmesinin ard\u0131ndan sayg\u0131 duru\u015funda bulunuldu. M\u00fcnevver Karahan\u2019\u0131n cenazesi, Kocatepe Camii\u2019nde k\u0131l\u0131nan cenaze namaz\u0131n\u0131n ard\u0131ndan Kar\u015f\u0131yaka Mezarl\u0131\u011f\u0131\u2019nda topra\u011fa verildi.<\/p>\n<p style=\"text-align: justify;\"><span style=\"color: #888888;\">Haber: Fatih ERBOZ &#8211; <a href=\"http:\/\/www.yenicaggazetesi.com.tr\/haberdetay.php?hit=22490\" target=\"_blank\">yenicagazetesi.com.tr<\/a><\/span><\/p>\n","protected":false},"excerpt":{"rendered":"<\/p>\n<p style=\"text-align: justify;\">Ka\u00e7maz ifade vermedi<\/p>\n<p style=\"text-align: justify;\">Sincan 1. A\u011f\u0131r Ceza Mahkemesi Ba\u015fkan\u0131 Osman Ka\u00e7maz, Adalet Bakanl\u0131\u011f\u0131\u2019nca hakk\u0131nda y\u00fcr\u00fct\u00fclen soru\u015fturmayla ilgili bilgi ve belgeler kendisine verilmedi\u011fi i\u00e7in savunma yapmad\u0131.<\/p>\n<p style=\"text-align: justify;\">Cumhurba\u015fkan\u0131 Abdullah G\u00fcl hakk\u0131nda verdi\u011fi \u201cyarg\u0131lanmal\u0131\u201d karar\u0131n\u0131n ard\u0131ndan h\u00fck\u00fcmetin hedefi haline gelen 1. A\u011f\u0131r Ceza Mahkemesi Ba\u015fkan\u0131 Osman Ka\u00e7maz, Adalet Bakanl\u0131\u011f\u0131nca hakk\u0131nda y\u00fcr\u00fct\u00fclen <\/p>\n","protected":false},"author":1,"featured_media":0,"comment_status":"open","ping_status":"closed","sticky":false,"template":"","format":"standard","meta":{"footnotes":""},"categories":[105],"tags":[],"class_list":["post-14147","post","type-post","status-publish","format-standard","hentry","category-gundem","odd"],"_links":{"self":[{"href":"http:\/\/www.korhanyilmaz.com\/index.php?rest_route=\/wp\/v2\/posts\/14147","targetHints":{"allow":["GET"]}}],"collection":[{"href":"http:\/\/www.korhanyilmaz.com\/index.php?rest_route=\/wp\/v2\/posts"}],"about":[{"href":"http:\/\/www.korhanyilmaz.com\/index.php?rest_route=\/wp\/v2\/types\/post"}],"author":[{"embeddable":true,"href":"http:\/\/www.korhanyilmaz.com\/index.php?rest_route=\/wp\/v2\/users\/1"}],"replies":[{"embeddable":true,"href":"http:\/\/www.korhanyilmaz.com\/index.php?rest_route=%2Fwp%2Fv2%2Fcomments&post=14147"}],"version-history":[{"count":0,"href":"http:\/\/www.korhanyilmaz.com\/index.php?rest_route=\/wp\/v2\/posts\/14147\/revisions"}],"wp:attachment":[{"href":"http:\/\/www.korhanyilmaz.com\/index.php?rest_route=%2Fwp%2Fv2%2Fmedia&parent=14147"}],"wp:term":[{"taxonomy":"category","embeddable":true,"href":"http:\/\/www.korhanyilmaz.com\/index.php?rest_route=%2Fwp%2Fv2%2Fcategories&post=14147"},{"taxonomy":"post_tag","embeddable":true,"href":"http:\/\/www.korhanyilmaz.com\/index.php?rest_route=%2Fwp%2Fv2%2Ftags&post=14147"}],"curies":[{"name":"wp","href":"https:\/\/api.w.org\/{rel}","templated":true}]}}