{"id":14144,"date":"2009-09-02T22:27:20","date_gmt":"2009-09-02T19:27:20","guid":{"rendered":"http:\/\/www.korhanyilmaz.com\/?p=14144"},"modified":"2009-09-02T22:27:20","modified_gmt":"2009-09-02T19:27:20","slug":"turkiye-bize-ihanet-ediyor","status":"publish","type":"post","link":"http:\/\/www.korhanyilmaz.com\/?p=14144","title":{"rendered":"T\u00dcRK\u0130YE B\u0130ZE \u0130HANET ED\u0130YOR"},"content":{"rendered":"<p style=\"text-align: center;\"><a href=\"http:\/\/www.korhanyilmaz.com\/wp-content\/uploads\/2009\/09\/ihanet.jpg\"  class=\"lightview\"><img loading=\"lazy\" decoding=\"async\" class=\"aligncenter size-full wp-image-14145\" src=\"http:\/\/www.korhanyilmaz.com\/wp-content\/uploads\/2009\/09\/ihanet.jpg\" alt=\"\" width=\"399\" height=\"196\" \/><\/a><\/p>\n<p style=\"text-align: justify;\">AKP\u2019nin Ermenistan ile yapt\u0131\u011f\u0131 protokole \u00f6nce inanamayan Azerbaycan\u2019da \u015fokun yerini \u00f6fke ald\u0131. Protokole tepkiler \u00e7\u0131\u011f gibi b\u00fcy\u00fcrken en sert \u00e7\u0131k\u0131\u015f \u00fcnl\u00fc siyaset bilimci Vefa G\u00fcl\u00fczade\u2019den geldi: Azerbaycan\u2019a ihanet ediliyor!<\/p>\n<p style=\"text-align: justify;\"><em><strong>\u201cBa\u011flar\u0131m\u0131z kopabilir\u201d<\/strong><\/em><\/p>\n<p style=\"text-align: justify;\">G\u00dcL\u00dcZADE, \u201c2 \u00fclkenin vard\u0131\u011f\u0131 uzla\u015fma, bana Sovyetler Birli\u011fi ile Nazi Almanyas\u0131 aras\u0131ndaki Molotov-Ribbentrop Pakt\u0131\u2019n\u0131 hat\u0131rlatt\u0131. Bu t\u00fcr hatal\u0131 eylemler, Azeri-T\u00fcrk ba\u011flar\u0131n\u0131 yok edebilir\u201d dedi.<\/p>\n<p style=\"text-align: justify;\"><strong><em>Erdo\u011fan\u2019a zarif hat\u0131rlatma<\/em><\/strong><\/p>\n<p style=\"text-align: justify;\">HALKIN tepkisi sonras\u0131 Azerbaycan D\u0131\u015fi\u015fleri de a\u00e7\u0131klama yap-t\u0131: Karaba\u011f\u2019da i\u015fgal bitmeden s\u0131n\u0131r\u0131n a\u00e7\u0131lmas\u0131 milli \u00e7\u0131karlar\u0131m\u0131za ayk\u0131r\u0131d\u0131r. Erdo\u011fan, \u201c\u0130\u015fgal biterse s\u0131n\u0131r a\u00e7\u0131labilir\u201d demi\u015fti. <!--more--><\/p>\n<p style=\"text-align: justify;\"><em><strong>Azerbaycan\u2019a ihanet<\/strong><\/em><\/p>\n<p style=\"text-align: justify;\">AKP h\u00fck\u00fcmetinin Ermenistan ile yapt\u0131\u011f\u0131 mutabakat\u0131 sert dille ele\u015ftiren Azerbaycanl\u0131 \u00fcnl\u00fc<\/p>\n<p style=\"text-align: justify;\">siyaset bilimcisi Vefa G\u00fcl\u00fczade, \u201cBu hatal\u0131 eylemler, Azeri-T\u00fcrk ba\u011flar\u0131n\u0131 yok edebilir\u201d dedi.<\/p>\n<p style=\"text-align: justify;\">AKP h\u00fck\u00fcmeti ile Ermenistan aras\u0131nda var\u0131lan mutabakata y\u00f6nelik tepkiler \u00e7\u0131\u011f gibi. Bak\u00fc\u2019den AKP\u2019ye \u015fimdiye kadar en sert tepki \u00fcnl\u00fc siyaset bilimcisi Vefa G\u00fcl\u00fczade\u2019den geldi. Aysor.am sitesine g\u00f6re, yap\u0131lan mutabakat\u0131 de\u011ferlendiren G\u00fcl\u00fczade, \u201cAzerbaycan\u2019a ihanet ediliyor\u201d dedi. T\u00fcrkiye ile Ermenistan aras\u0131ndaki uzla\u015f\u0131y\u0131 kendisine Sovyetler Birli\u011fi ile Nazi Almanya aras\u0131ndaki Molotov-Ribbentrop Pakt\u0131\u2019n\u0131 hat\u0131rlatt\u0131\u011f\u0131n\u0131 ifade eden G\u00fcl\u00fczade, \u201cAKP h\u00fck\u00fcmetinin bu hatal\u0131 eylemleri, Azeri-T\u00fcrk ba\u011flar\u0131n\u0131 yok edebilir\u201d ifadesini kuland\u0131. \u201cBu Azerbaycan\u2019\u0131n se\u00e7ti\u011fi yol de\u011fil. T\u00fcrkiye, bizi bunu yapt\u0131r\u0131yor. Bir se\u00e7ene\u011fimiz yok\u201d diyen G\u00fcl\u00fczade, Ankara y\u00f6netiminin Azerbaycan\u2019\u0131n \u00e7\u0131karlar\u0131na ayk\u0131r\u0131 ad\u0131mlar att\u0131\u011f\u0131na vurgu yapt\u0131. Azerbaycan D\u0131\u015fi\u015fleri\u2019nden yap\u0131lan a\u00e7\u0131klamada da, \u201cKaraba\u011f\u2019da i\u015fgal sona ermeden s\u0131n\u0131rlar\u0131n a\u00e7\u0131lmas\u0131 milli \u00e7\u0131karlar\u0131m\u0131za ayk\u0131r\u0131d\u0131r\u201d denildi.<\/p>\n<p style=\"text-align: justify;\"><strong><em>Erdo\u011fan\u2019a s\u00f6z\u00fc hat\u0131rlat\u0131ld\u0131<\/em><\/strong><\/p>\n<p style=\"text-align: justify;\">A\u00e7\u0131klamada, \u015funlara yer verildi: \u201cBu meselede Azerbaycan taraf\u0131 T\u00fcrkiye\u2019nin \u00fcst d\u00fczey y\u00f6neticilerinin seslendirdi\u011fi \u00e7ok say\u0131daki a\u00e7\u0131klamalara esaslan\u0131yor. \u015e\u00f6yle ki; T\u00fcrkiye Ba\u015fbakan\u0131 Erdo\u011fan bu y\u0131l\u0131n 14 May\u0131s\u2019\u0131nda Azerbaycan Milli Meclisi\u2019ndeki \u015f\u00f6yle demi\u015fti: \u2019T\u00fcrkiye-Ermenistan s\u0131n\u0131rlar\u0131 Azerbaycan topraklar\u0131 Ermenistan taraf\u0131ndan i\u015fgal edildikten sonra kapat\u0131ld\u0131. Bu i\u015fgal kalkt\u0131ktan sonra s\u0131n\u0131rlar a\u00e7\u0131labilir. Biz Azerbaycanl\u0131 karde\u015flerimiz raz\u0131 olmad\u0131\u011f\u0131 s\u00fcrece bu noktadan ileri bir ad\u0131m atm\u0131yoruz. Bunlar birbirleri ile ba\u011fl\u0131d\u0131r ve ayr\u0131 say\u0131lamaz.\u2019 Her \u00fclkenin bir ba\u015fka \u00fclke ile ili\u015fkilerini belirlemesi onun ba\u011f\u0131ms\u0131zl\u0131k hakk\u0131d\u0131r. Ancak bu durumda meselenin do\u011frudan Azerbaycan\u2019\u0131n milli \u00e7\u0131karlar\u0131 ile ilgili oldu\u011funu dikkate alarak beyan ediyoruz ki Da\u011fl\u0131k Karaba\u011f sorunu \u00e7\u00f6z\u00fclmeden T\u00fcrkiye-Ermenistan s\u0131n\u0131rlar\u0131n\u0131n a\u00e7\u0131lmas\u0131 Azerbaycan\u2019\u0131n milli \u00e7\u0131karlar\u0131na ayk\u0131r\u0131d\u0131r.\u201d<\/p>\n<p style=\"text-align: justify;\"><strong><em>Milli Meclis\u2019te konu\u015fmu\u015ftu<\/em><\/strong><\/p>\n<p style=\"text-align: justify;\">Ba\u015fbakan Recep Tayyip Erdo\u011fan, 14 May\u0131s\u2019ta Azerbaycan Milli Meclisi\u2019nde konu\u015fma yapm\u0131\u015ft\u0131. Azerbaycan ile T\u00fcrkiye\u2019nin yak\u0131nl\u0131\u011f\u0131n\u0131, iki \u00fclkenin kader birli\u011fini kimsenin tart\u0131\u015fma konusu yapmas\u0131na izin vermeyeceklerini dile getiren Erdo\u011fan, \u201cUluslararas\u0131 camiada birbirinin hukukunu korumak \u00fclkelerimizin en b\u00fcy\u00fck hedefidir\u201d demi\u015fti. Erdo\u011fan, Azerbaycan Milli Meclisi\u2019nde yapt\u0131\u011f\u0131 konu\u015fmada, T\u00fcrkiye ve Azerbaycan halklar\u0131n\u0131n birlikte sevindi\u011fini, birlikte \u00fcz\u00fcld\u00fc\u011f\u00fcn\u00fc ve gerekti\u011finde birlikte sava\u015ft\u0131\u011f\u0131n\u0131 s\u00f6ylemi\u015fti. Ba\u015fbakan Erdo\u011fan, iki \u00fclkenin siyasi ili\u015fkilerinin men\u015feinin ortak hissiyat oldu\u011funu vurgulayarak, T\u00fcrkiye\u2019nin Azerbaycan Cumhuriyeti\u2019nin ba\u011f\u0131ms\u0131zl\u0131\u011f\u0131n\u0131 tan\u0131yan ilk devlet oldu\u011funu ifade etmi\u015fti.<\/p>\n<p style=\"text-align: justify;\"><strong><em>Davuto\u011flu telefonla arad\u0131<\/em><\/strong><\/p>\n<p style=\"text-align: justify;\">Ermenistan ile var\u0131lan anla\u015fman\u0131n ard\u0131ndan T\u00fcrkiye, Azerbaycan\u2019daki hassasiyeti gidermeye \u00e7al\u0131\u015f\u0131yor. Daha \u00f6nce \u2018Azerbaycan\u2019\u0131n zarar\u0131na olacak hi\u00e7bir ad\u0131m atmayaca\u011f\u0131z\u2019 \u015feklinde bir a\u00e7\u0131klama yapan D\u0131\u015fi\u015fleri Bakan\u0131 Ahmet Davuto\u011flu, ziyaret i\u00e7in gitti\u011fi M\u0131s\u0131r\u2019\u0131n Ba\u015fkenti Kahire\u2019den, Azerbaycan D\u0131\u015fi\u015fleri Bakan\u0131 Elmar Memmedyarov\u2019u telefonla arad\u0131. Davuto\u011flu\u2019nun Azeri Bakan\u2019a Ermenistan ile var\u0131lan mutabakat konusunda bilgi verdi\u011fi belirtildi. Memmedyarov\u2019un ise bu konuda Davuto\u011flu\u2019na bir tepki vermedi\u011fi kaydedildi.<\/p>\n<p style=\"text-align: justify;\"><span style=\"color: #888888;\">Haber: S\u00fcmeyra YILMAZ &#8211; <a href=\"http:\/\/www.yenicaggazetesi.com.tr\/haberdetay.php?hit=22484\" target=\"_blank\">yenicaggazetesi.com.tr<\/a><\/span><\/p>\n","protected":false},"excerpt":{"rendered":"<p style=\"text-align: center;\">\n<p style=\"text-align: justify;\">AKP\u2019nin Ermenistan ile yapt\u0131\u011f\u0131 protokole \u00f6nce inanamayan Azerbaycan\u2019da \u015fokun yerini \u00f6fke ald\u0131. Protokole tepkiler \u00e7\u0131\u011f gibi b\u00fcy\u00fcrken en sert \u00e7\u0131k\u0131\u015f \u00fcnl\u00fc siyaset bilimci Vefa G\u00fcl\u00fczade\u2019den geldi: Azerbaycan\u2019a ihanet ediliyor!<\/p>\n<p style=\"text-align: justify;\">\u201cBa\u011flar\u0131m\u0131z kopabilir\u201d<\/p>\n<p style=\"text-align: justify;\">G\u00dcL\u00dcZADE, \u201c2 \u00fclkenin vard\u0131\u011f\u0131 uzla\u015fma, bana Sovyetler Birli\u011fi ile Nazi Almanyas\u0131 aras\u0131ndaki Molotov-Ribbentrop Pakt\u0131\u2019n\u0131 hat\u0131rlatt\u0131. <\/p>\n","protected":false},"author":1,"featured_media":0,"comment_status":"open","ping_status":"closed","sticky":false,"template":"","format":"standard","meta":{"footnotes":""},"categories":[3],"tags":[],"class_list":["post-14144","post","type-post","status-publish","format-standard","hentry","category-dunya","odd"],"_links":{"self":[{"href":"http:\/\/www.korhanyilmaz.com\/index.php?rest_route=\/wp\/v2\/posts\/14144","targetHints":{"allow":["GET"]}}],"collection":[{"href":"http:\/\/www.korhanyilmaz.com\/index.php?rest_route=\/wp\/v2\/posts"}],"about":[{"href":"http:\/\/www.korhanyilmaz.com\/index.php?rest_route=\/wp\/v2\/types\/post"}],"author":[{"embeddable":true,"href":"http:\/\/www.korhanyilmaz.com\/index.php?rest_route=\/wp\/v2\/users\/1"}],"replies":[{"embeddable":true,"href":"http:\/\/www.korhanyilmaz.com\/index.php?rest_route=%2Fwp%2Fv2%2Fcomments&post=14144"}],"version-history":[{"count":0,"href":"http:\/\/www.korhanyilmaz.com\/index.php?rest_route=\/wp\/v2\/posts\/14144\/revisions"}],"wp:attachment":[{"href":"http:\/\/www.korhanyilmaz.com\/index.php?rest_route=%2Fwp%2Fv2%2Fmedia&parent=14144"}],"wp:term":[{"taxonomy":"category","embeddable":true,"href":"http:\/\/www.korhanyilmaz.com\/index.php?rest_route=%2Fwp%2Fv2%2Fcategories&post=14144"},{"taxonomy":"post_tag","embeddable":true,"href":"http:\/\/www.korhanyilmaz.com\/index.php?rest_route=%2Fwp%2Fv2%2Ftags&post=14144"}],"curies":[{"name":"wp","href":"https:\/\/api.w.org\/{rel}","templated":true}]}}