{"id":14140,"date":"2009-09-01T15:50:45","date_gmt":"2009-09-01T12:50:45","guid":{"rendered":"http:\/\/www.korhanyilmaz.com\/?p=14140"},"modified":"2009-09-01T15:50:45","modified_gmt":"2009-09-01T12:50:45","slug":"polis-miti-takip-ettigini-acikladi","status":"publish","type":"post","link":"http:\/\/www.korhanyilmaz.com\/?p=14140","title":{"rendered":"Polis, M\u0130T&#039;i Takip Etti\u011fini A\u00e7\u0131klad\u0131!"},"content":{"rendered":"<p style=\"text-align: center;\"><a href=\"http:\/\/www.korhanyilmaz.com\/wp-content\/uploads\/2009\/09\/2009-09-02_105750.jpg\"  class=\"lightview\"><img loading=\"lazy\" decoding=\"async\" class=\"aligncenter size-full wp-image-14141\" src=\"http:\/\/www.korhanyilmaz.com\/wp-content\/uploads\/2009\/09\/2009-09-02_105750.jpg\" alt=\"\" width=\"365\" height=\"191\" \/><\/a><\/p>\n<p style=\"text-align: justify;\">Taraf gazetesi bug\u00fcn \u00f6nemli bir haber yay\u0131nlad\u0131. Ba\u015fl\u0131\u011f\u0131, \u201cDevlet PKK ile g\u00f6r\u00fc\u015f\u00fcyor\u201d. Tabi bu, \u201cKe\u015fke b\u00f6yle olsa\u201d diyerek at\u0131lan bir ba\u015fl\u0131k.<\/p>\n<p style=\"text-align: justify;\">Kim bu devlet?<\/p>\n<p style=\"text-align: justify;\">Haberin giri\u015f paragraf\u0131n\u0131 aynen aktar\u0131yoruz:<\/p>\n<p style=\"text-align: justify;\">\u201cT\u00fcrkiye\u2019de baz\u0131 devlet yetkililerinin silah b\u0131rakt\u0131rmak i\u00e7in PKK\u2019yla gizli temaslarda bulundu\u011fu, \u00f6zellikle M\u0130T g\u00f6revlileri ile Avrupa\u2019daki baz\u0131 PKK liderleri aras\u0131nda g\u00f6r\u00fc\u015fmeler ger\u00e7ekle\u015ftirildi\u011fi yolundaki iddialar uzun s\u00fcredir dillendiriliyordu. <!--more--><\/p>\n<p style=\"text-align: justify;\">Devlet ve PKK aras\u0131nda gizli g\u00f6r\u00fc\u015fmeler oldu\u011fu y\u00f6n\u00fcndeki bu iddialar ilk kez bir devlet belgesine girdi.\u201d<\/p>\n<p style=\"text-align: justify;\">Belge denilen Emniyet Genel M\u00fcd\u00fcrl\u00fc\u011f\u00fc \u0130stihbarat Daire Ba\u015fkanl\u0131\u011f\u0131\u2019n\u0131n 2008 Nisan ay\u0131nda yay\u0131nlad\u0131\u011f\u0131 \u201cPKK\/Kongra-Gel Ter\u00f6r \u00d6rg\u00fct\u00fc- Analiz Notlar\u0131- M\u00fccadele Metodlar\u0131\u201d adl\u0131 gizli ibareli kitap.<\/p>\n<p style=\"text-align: justify;\">Bu durumda \u2013 Taraf\u2019a g\u00f6re \u2013 polis M\u0130T\u2019i takip alt\u0131na alm\u0131\u015f oluyor.<\/p>\n<p style=\"text-align: justify;\">Peki takip edilen yaln\u0131zca M\u0130T g\u00f6revlileri mi?<\/p>\n<p style=\"text-align: justify;\">****<\/p>\n<p style=\"text-align: justify;\">Habere konu Emniyet kitab\u0131nda PKK ile g\u00f6r\u00fc\u015fen kurumun M\u0130T oldu\u011funa ili\u015fkin bir b\u00f6l\u00fcm yer alm\u0131yor. Yani M\u0130T lafz\u0131 Taraf\u2019a ait.<\/p>\n<p style=\"text-align: justify;\">Bu durumda ya yeterli \u00f6zeni g\u00f6stermedikleri ya da yay\u0131nlad\u0131klar\u0131ndan daha fazlas\u0131n\u0131 bilip, haberi perdelediklerini anl\u0131yoruz. Sonu\u00e7ta her iki ihtimalde m\u00fcmk\u00fcn.<\/p>\n<p style=\"text-align: justify;\">Taraf gazetesi, habercilikten ziyade politika m\u00fchendisli\u011fine odakland\u0131\u011f\u0131 i\u00e7in devletin PKK\u2019y\u0131 \u2013 daha do\u011frusu Abdullah \u00d6calan\u2019\u0131 &#8211; muhatap alarak g\u00f6r\u00fc\u015f\u00fcyor ya da g\u00f6r\u00fc\u015febilecek olmas\u0131 tek ba\u015f\u0131na \u201ciyi haber\u201d kabul ediliyor. Yani gerisinin pek bir \u00f6nemi yok.<\/p>\n<p style=\"text-align: justify;\">\u00d6te yandan bu defa do\u011fruyu yazm\u0131\u015fa benziyorlar. Zaten kaynak belli. Her ne kadar k\u0131lavuzlar\u0131 karga olsa da \u2026<\/p>\n<p style=\"text-align: justify;\">****<\/p>\n<p style=\"text-align: justify;\">Haberden bir b\u00f6l\u00fcm \u015f\u00f6yle:<\/p>\n<p style=\"text-align: justify;\">\u201cDevlet ve PKK aras\u0131nda gizli g\u00f6r\u00fc\u015fmeler oldu\u011fu y\u00f6n\u00fcndeki bu iddialar ilk kez bir devlet belgesine girdi. 2008\u2019in Nisan ay\u0131nda Emniyet Genel M\u00fcd\u00fcrl\u00fc\u011f\u00fc \u0130stihbarat Daire Ba\u015fkanl\u0131\u011f\u0131 yay\u0131nlar\u0131ndan \u00e7\u0131kan \u201cPKK\/Kongra-Gel Ter\u00f6r \u00d6rg\u00fct\u00fc- Analiz Notlar\u0131- M\u00fccadele Metodlar\u0131\u201d adl\u0131 gizli ibareli kitapta 2006 y\u0131l\u0131nda baz\u0131 devlet yetkililerinin PKK\u2019n\u0131n Avrupa Sorumlusu Sabri Ok vas\u0131tas\u0131yla Abdullah \u00d6calan\u2019la g\u00f6r\u00fc\u015ft\u00fc\u011f\u00fc ve \u00d6calan\u2019\u0131n 2006 y\u0131l\u0131 ekim ay\u0131nda ilan etti\u011fi ate\u015fkesin de bu g\u00f6r\u00fc\u015fmeler sonucunda ger\u00e7ekle\u015fti\u011fi yaz\u0131l\u0131yor.\u201d<\/p>\n<p style=\"text-align: justify;\">Odatv\u2019nin edindi\u011fi bilgilerde Sabri Ok\u2019un 2006 y\u0131l\u0131n\u0131 hareketli bi\u00e7imde ge\u00e7irdi\u011fini teyit ediyor.<\/p>\n<p style=\"text-align: justify;\">****<\/p>\n<p style=\"text-align: justify;\">Taraf\u2019\u0131n bilmedi\u011fi baz\u0131 detaylar ise \u015f\u00f6yle:<\/p>\n<p style=\"text-align: justify;\">Sabri Ok, 10 y\u0131l cezaevinde hapis yatt\u0131ktan sonra tahliye oluyor ve Avrupa\u2019ya gidiyor. T\u00fcrkiye Cumhuriyeti vatanda\u015f\u0131 pasaportu ta\u015f\u0131yan Sabri Ok, s\u0131k s\u0131k T\u00fcrkiye\u2019ye geliyor ve belli bir s\u00fcre kal\u0131p yeniden Avrupa d\u00f6n\u00fcyor.<\/p>\n<p style=\"text-align: justify;\">T\u00fcrkiye\u2019deki g\u00fcnlerinin \u00f6nemli b\u00f6l\u00fcm\u00fcn\u00fc Ankara\u2019da S\u0131hhiye semtindeki bir avukatl\u0131k b\u00fcrosunda ge\u00e7iriyor. Bu b\u00fcro \u00f6nemli \u00e7\u00fcnk\u00fc Demokratik Toplum Partisi\u2019nin te\u015fkilatlanma, se\u00e7im \u00e7al\u0131\u015fmalar\u0131, milletvekili tespitleri gibi konularda Sabri Ok \u00e7ok aktif rol oynuyor. Tabi g\u00fcc\u00fcn\u00fc \u0130mral\u0131\u2019da hapis yatan Abdullah \u00d6calan\u2019dan al\u0131yor. \u00d6calan Sabri Ok\u2019a \u00e7ok sayg\u0131 duyuyor. (Merakl\u0131s\u0131na not: Sabri Ok bir Avrupa \u00fclkesinde vatanda\u015fl\u0131k almaya \u00e7al\u0131\u015f\u0131yordu.)<\/p>\n<p style=\"text-align: justify;\">****<\/p>\n<p style=\"text-align: justify;\">Emniyet istihbarat taraf\u0131ndan haz\u0131rlanan kitab\u0131n  \u201cS\u00fcre\u00e7 De\u011ferlendirilmesi ve Beklentiler\u201d ba\u015fl\u0131kl\u0131 b\u00f6l\u00fcm\u00fcnde \u201cPKK\u2019n\u0131n silah b\u0131rakmas\u0131 i\u00e7in Sabri Ok \u00fczerinden s\u00fcrd\u00fcr\u00fclen temaslar\u201d ba\u015fl\u0131\u011f\u0131 alt\u0131nda yaz\u0131lanlar \u015f\u00f6yle:<\/p>\n<p style=\"text-align: justify;\">\u201cBa\u015far\u0131n\u0131n ge\u00e7ici ate\u015fkesle sa\u011flanabilece\u011fine inanan baz\u0131 kurumlar \u00e7e\u015fitli perdelemeler kullanarak A.\u00d6CALAN\u2019\u0131n \u00e7ok g\u00fcvendi\u011fi ve \u00f6rg\u00fct i\u00e7erisinde etkinli\u011fi olan ve halen yurtd\u0131\u015f\u0131nda Avrupa sorumlusu olarak faaliyet y\u00fcr\u00fcten FERAH (K) Sabri Ok\u2019la ger\u00e7ekle\u015ftirilen g\u00f6r\u00fc\u015fmelerle beklentiler cezaevindeki A.\u00d6CALAN\u2019a iletilmi\u015f, \u00f6rg\u00fct eleba\u015f\u0131 kendisinin muhatap al\u0131nmas\u0131n\u0131 ba\u015flang\u0131\u00e7 olarak g\u00f6rd\u00fc\u011f\u00fc bu yakla\u015f\u0131m \u00fczerine zaten k\u0131\u015f \u00fcslenmesine ge\u00e7erek eylemselli\u011fin minimuma d\u00fc\u015fece\u011fi bir zaman dilimi olan 2006 Ekim\u2019inde ate\u015fkes ilan etmi\u015ftir. Ancak ya\u015fanan geli\u015fmeler A.\u00d6CALAN\u2019\u0131n beklentileri do\u011frultusunda olu\u015fmam\u0131\u015f, 2007 May\u0131s ay\u0131 itibariyle yeniden silahl\u0131 faaliyete y\u00f6nelmi\u015flerdir.\u201d<\/p>\n<p style=\"text-align: justify;\">2006 Ekim\u2019inde ilan edilen ate\u015fkesin mimar\u0131 \u201cbaz\u0131 kurumlar\u201d acaba hangisi?<\/p>\n<p style=\"text-align: justify;\">****<\/p>\n<p style=\"text-align: justify;\">Odatv\u2019nin edindi\u011fi bilgilere g\u00f6re Sabri Ok\u2019un T\u00fcrkiye\u2019deki b\u00fct\u00fcn hareketleri askeri istihbarat taraf\u0131ndan takibe al\u0131nd\u0131.<\/p>\n<p style=\"text-align: justify;\">M\u0130T\u2019in bu s\u00fcre\u00e7te yeri neydi, hen\u00fcz teyitli bilgiye sahip de\u011filiz. Ancak Jandarma\u2019n\u0131n geni\u015f bir ekiple Sabri Ok\u2019u izledi\u011fi teyitli bilgi.<\/p>\n<p style=\"text-align: justify;\">Bu durumda \u015f\u00f6yle bir resim ortaya \u00e7\u0131k\u0131yor: Jandarma Sabri Ok\u2019u, poliste Jandarmay\u0131 izliyor.<\/p>\n<p style=\"text-align: justify;\">\u201cGe\u00e7ici ate\u015fkese inanan baz\u0131 kurumlar\u201d ifadesi de Jandarmaya i\u015faret ediyor.<\/p>\n<p style=\"text-align: justify;\">****<\/p>\n<p style=\"text-align: justify;\">Neden bu kadar keskin bir analizde bulundu\u011fumuzu da \u015f\u00f6yle anlatal\u0131m. Sabri Ok ya da benzerlerinin T\u00fcrkiye i\u00e7indeki faaliyetleri \u00f6ncelikle Jandarma istihbarat\u0131nca izleniyor. Tabi M\u0130T\u2019le de koordinasyon sa\u011flan\u0131yor, \u00e7\u00fcnk\u00fc meselenin yurtd\u0131\u015f\u0131 aya\u011f\u0131 da bulunuyor.<\/p>\n<p style=\"text-align: justify;\">Peki ya polise ne demeli?<\/p>\n<p style=\"text-align: justify;\">Takip edilen ki\u015fi kent i\u00e7inde (Ankara \u2013S\u0131hhiye) hareket etti\u011fi i\u00e7in belki poliste devrede. Ama dikkat edin, habere g\u00f6re polis istihbarat faaliyetinin sonucu olarak herhangi bir icrada bulunmuyor. Sadece jandarman\u0131n ne yapt\u0131\u011f\u0131n\u0131 okuyor.<\/p>\n<p style=\"text-align: justify;\">Haberi de Taraf yay\u0131nl\u0131yor. \u0130lgin\u00e7 tabi\u2026<\/p>\n<p style=\"text-align: justify;\">****<\/p>\n<p style=\"text-align: justify;\">Taraf, polis te\u015fkilat\u0131 i\u00e7in oldum olas\u0131 \u201cmutlak olumlu\u201d bir dil kullan\u0131yor. Ama b\u00f6ylesine tarafgirlik k\u00f6rle\u015fmeye sebep oluyor.<\/p>\n<p style=\"text-align: justify;\">Di\u011fer taraftan Taraf\u2019\u0131n yazarlar\u0131ndan ikisi halen emniyet m\u00fcd\u00fcrl\u00fc\u011f\u00fcnde g\u00f6rev yap\u0131yor. \u015eimdi de polisin gizli ibareli kitab\u0131n\u0131 haber yap\u0131yorlar. Kaynak belki polis yazarlar de\u011fil ama durumun ahlaki a\u00e7\u0131dan s\u0131k\u0131nt\u0131l\u0131 oldu\u011funa i\u015faret etmek zorunday\u0131z.<\/p>\n<p style=\"text-align: justify;\"><a href=\"http:\/\/www.odatv.com\/Siyaset\/polis_miti_takip_ettigini_acikladi-17462.html\" target=\"_blank\"><span style=\"color: #888888;\">Odatv.com<\/span><\/a><\/p>\n","protected":false},"excerpt":{"rendered":"<p style=\"text-align: center;\">\n<p style=\"text-align: justify;\">Taraf gazetesi bug\u00fcn \u00f6nemli bir haber yay\u0131nlad\u0131. Ba\u015fl\u0131\u011f\u0131, \u201cDevlet PKK ile g\u00f6r\u00fc\u015f\u00fcyor\u201d. Tabi bu, \u201cKe\u015fke b\u00f6yle olsa\u201d diyerek at\u0131lan bir ba\u015fl\u0131k.<\/p>\n<p style=\"text-align: justify;\">Kim bu devlet?<\/p>\n<p style=\"text-align: justify;\">Haberin giri\u015f paragraf\u0131n\u0131 aynen aktar\u0131yoruz:<\/p>\n<p style=\"text-align: justify;\">\u201cT\u00fcrkiye\u2019de baz\u0131 devlet yetkililerinin silah b\u0131rakt\u0131rmak i\u00e7in PKK\u2019yla gizli temaslarda bulundu\u011fu, \u00f6zellikle M\u0130T g\u00f6revlileri ile <\/p>\n","protected":false},"author":1,"featured_media":0,"comment_status":"open","ping_status":"closed","sticky":false,"template":"","format":"standard","meta":{"footnotes":""},"categories":[105],"tags":[],"class_list":["post-14140","post","type-post","status-publish","format-standard","hentry","category-gundem","odd"],"_links":{"self":[{"href":"http:\/\/www.korhanyilmaz.com\/index.php?rest_route=\/wp\/v2\/posts\/14140","targetHints":{"allow":["GET"]}}],"collection":[{"href":"http:\/\/www.korhanyilmaz.com\/index.php?rest_route=\/wp\/v2\/posts"}],"about":[{"href":"http:\/\/www.korhanyilmaz.com\/index.php?rest_route=\/wp\/v2\/types\/post"}],"author":[{"embeddable":true,"href":"http:\/\/www.korhanyilmaz.com\/index.php?rest_route=\/wp\/v2\/users\/1"}],"replies":[{"embeddable":true,"href":"http:\/\/www.korhanyilmaz.com\/index.php?rest_route=%2Fwp%2Fv2%2Fcomments&post=14140"}],"version-history":[{"count":0,"href":"http:\/\/www.korhanyilmaz.com\/index.php?rest_route=\/wp\/v2\/posts\/14140\/revisions"}],"wp:attachment":[{"href":"http:\/\/www.korhanyilmaz.com\/index.php?rest_route=%2Fwp%2Fv2%2Fmedia&parent=14140"}],"wp:term":[{"taxonomy":"category","embeddable":true,"href":"http:\/\/www.korhanyilmaz.com\/index.php?rest_route=%2Fwp%2Fv2%2Fcategories&post=14140"},{"taxonomy":"post_tag","embeddable":true,"href":"http:\/\/www.korhanyilmaz.com\/index.php?rest_route=%2Fwp%2Fv2%2Ftags&post=14140"}],"curies":[{"name":"wp","href":"https:\/\/api.w.org\/{rel}","templated":true}]}}