{"id":14133,"date":"2009-09-02T09:37:17","date_gmt":"2009-09-02T06:37:17","guid":{"rendered":"http:\/\/www.korhanyilmaz.com\/?p=14133"},"modified":"2009-09-02T09:37:17","modified_gmt":"2009-09-02T06:37:17","slug":"mardin-katliami-davasi-bugun-gorulecek","status":"publish","type":"post","link":"http:\/\/www.korhanyilmaz.com\/?p=14133","title":{"rendered":"Mardin katliam\u0131 davas\u0131 bug\u00fcn g\u00f6r\u00fclecek"},"content":{"rendered":"<p style=\"text-align: center;\"><a href=\"http:\/\/www.korhanyilmaz.com\/wp-content\/uploads\/2009\/09\/mardin.jpg\"  class=\"lightview\"><img loading=\"lazy\" decoding=\"async\" class=\"size-full wp-image-14134 aligncenter\" src=\"http:\/\/www.korhanyilmaz.com\/wp-content\/uploads\/2009\/09\/mardin.jpg\" alt=\"\" width=\"307\" height=\"236\" \/><\/a><\/p>\n<p style=\"text-align: justify;\">Mardin&#8217;in Bilge k\u00f6y\u00fcnde 7&#8217;si \u00e7ocuk 44 ki\u015finin \u00f6ld\u00fcr\u00fcld\u00fc\u011f\u00fc sald\u0131r\u0131yla ilgili a\u00e7\u0131lan ve g\u00fcvenlik gerek\u00e7esiyle \u00c7orum&#8217;da g\u00f6r\u00fclmesi kararla\u015ft\u0131r\u0131lan davan\u0131n ilk duru\u015fmas\u0131 bug\u00fcn yap\u0131lacak. Duru\u015fma bas\u0131na kapal\u0131 olacak.<\/p>\n<p style=\"text-align: justify;\">Davan\u0131n ilk duru\u015fmas\u0131, \u00c7orum Adalet Saray\u0131&#8217;ndaki A\u011f\u0131r Ceza Mahkemesi Duru\u015fma Salonu&#8217;nda saat 09.30&#8217;da g\u00f6r\u00fclecek.<\/p>\n<p style=\"text-align: justify;\">11 tutuklu san\u0131k yo\u011fun g\u00fcvenlik \u00f6nlemleri aras\u0131nda saat 09.05&#8217;te adliyeye getirildi.<\/p>\n<p style=\"text-align: justify;\">Mahkeme Ba\u015fkan\u0131 Turgut Bayraktar, san\u0131klar aras\u0131nda bir \u00e7ocuk bulundu\u011fu i\u00e7in mahkemenin kapal\u0131 yap\u0131laca\u011f\u0131n\u0131, bas\u0131n mensuplar\u0131n\u0131n duru\u015fmaya al\u0131nmayaca\u011f\u0131n\u0131 bildirdi. <!--more--><\/p>\n<p style=\"text-align: justify;\">Sald\u0131r\u0131y\u0131 d\u00fczenledikleri gerek\u00e7esiyle haklar\u0131nda dava a\u00e7\u0131lan ve g\u00fcvenlik gerek\u00e7esiyle \u00c7orum&#8217;da yarg\u0131lanmalar\u0131na karar verdi\u011fi 1&#8217;i \u00e7ocuk 11 tutuklu san\u0131k A.K.\u00c7, M.S.\u00c7, S.\u00c7, M.\u00c7, \u00d6.\u00c7, A.H.\u00c7, M.\u00c7, A.\u00c7, M.\u015e.\u00c7, A.\u00c7. ile A.\u00c7, 8 A\u011fustos&#8217;ta Gaziantep F Tipi Kapal\u0131 Cezaevi&#8217;nden \u00c7orum L Tipi Kapal\u0131 Cezaevi&#8217;ne nakledilmi\u015fti.<\/p>\n<p style=\"text-align: justify;\">Bu san\u0131klardan 18 ya\u015f\u0131ndan k\u00fc\u00e7\u00fck olan M.\u015e.\u00c7. ile ilgili soru\u015fturma ayr\u0131 y\u00fcr\u00fct\u00fclecek.<\/p>\n<p style=\"text-align: justify;\"><strong><em>\u0130ddianameden&#8230;<\/em><\/strong><\/p>\n<p style=\"text-align: justify;\">Mardin Cumhuriyet Ba\u015fsavc\u0131l\u0131\u011f\u0131nca haz\u0131rlanan 43 sayfal\u0131k iddianamede, tutuklu 9 san\u0131k hakk\u0131nda, T\u00fcrk Ceza Kanunu&#8217;nun (TCK) &#8220;tasarlayarak ve canavarca hisle adam \u00f6ld\u00fcrme&#8221; su\u00e7undan 36&#8217;\u015far kez, 7 \u00e7ocu\u011fun \u00f6ld\u00fcr\u00fclmesi su\u00e7undan 7&#8217;\u015fer kez ve gebe oldu\u011fu bilinen kad\u0131n\u0131 \u00f6ld\u00fcrmek su\u00e7undan da 1&#8217;er kez olmak \u00fczere 44&#8217;er kez a\u011f\u0131rla\u015ft\u0131r\u0131lm\u0131\u015f m\u00fcebbet hapis cezas\u0131 istendi.<\/p>\n<p style=\"text-align: justify;\">\u0130ddianamede, tutuklu 9 san\u0131\u011f\u0131n, 4&#8217;\u00fc \u00e7ocuk 10 ki\u015fiyi de &#8220;kasten \u00f6ld\u00fcrmeye kalk\u0131\u015fma&#8221; su\u00e7undan 200&#8217;er y\u0131la kadar hapis cezas\u0131yla cezaland\u0131r\u0131lmalar\u0131 talep edildi.<\/p>\n<p style=\"text-align: justify;\">San\u0131klardan 18 ya\u015f\u0131ndan k\u00fc\u00e7\u00fck olan M.\u015e.\u00c7. ile ilgili soru\u015fturman\u0131n ayr\u0131 y\u00fcr\u00fct\u00fcld\u00fc\u011f\u00fc kaydedilen iddianamede, evinde 6 adet el bombas\u0131 bulunan Ahmet \u00c7elebi hakk\u0131nda da 17 y\u0131la kadar hapis cezas\u0131 istendi.<\/p>\n<p style=\"text-align: justify;\">\u0130ddianamede, olay\u0131n meydana geldi\u011fi Maz\u0131da\u011f\u0131 il\u00e7esine ba\u011fl\u0131 Bilge k\u00f6y\u00fcnde yap\u0131lan ara\u015ft\u0131rmada, &#8220;maktuller ve aileleri ile \u015f\u00fcpheliler ve aileleri aras\u0131nda su\u00e7un i\u015flenmesi a\u00e7\u0131s\u0131ndan bir husumetin bulunmad\u0131\u011f\u0131&#8221;n\u0131n tespit edildi\u011fi kaydedildi.<\/p>\n<p style=\"text-align: justify;\">Sald\u0131r\u0131 s\u0131ras\u0131nda 5&#8217;i Kala\u015fnikof marka olmak \u00fczere 6 uzun namlulu silah kullan\u0131ld\u0131\u011f\u0131, \u00f6ld\u00fcr\u00fclen Kerime \u00c7elebi ile Emine \u00c7elebi&#8217;nin cesedinde ve olay yerinde ele ge\u00e7irilen 105 adet mermi kovan\u0131n\u0131n da san\u0131klardan Abdulhakim \u00c7elebi&#8217;ye ge\u00e7ici k\u00f6y korucusu olmas\u0131 nedeniyle teslim edilen silahtan at\u0131ld\u0131\u011f\u0131 belirlendi.<\/p>\n<p style=\"text-align: justify;\">Ayr\u0131ca, olay\u0131n meydana geldi\u011fi Cemil \u00c7elebi&#8217;nin evinin \u00f6n\u00fcnde ele ge\u00e7irilen 31 mermi kovan\u0131n\u0131n da san\u0131klar Mehmet \u00c7elebi ve Mustafa \u00c7elebi&#8217;ye ait olan silahlardan at\u0131ld\u0131\u011f\u0131 tespit edildi.<\/p>\n<p style=\"text-align: justify;\"><span style=\"color: #888888;\">CNN T\u00dcRK<\/span><\/p>\n","protected":false},"excerpt":{"rendered":"<p style=\"text-align: center;\">\n<p style=\"text-align: justify;\">Mardin&#8217;in Bilge k\u00f6y\u00fcnde 7&#8217;si \u00e7ocuk 44 ki\u015finin \u00f6ld\u00fcr\u00fcld\u00fc\u011f\u00fc sald\u0131r\u0131yla ilgili a\u00e7\u0131lan ve g\u00fcvenlik gerek\u00e7esiyle \u00c7orum&#8217;da g\u00f6r\u00fclmesi kararla\u015ft\u0131r\u0131lan davan\u0131n ilk duru\u015fmas\u0131 bug\u00fcn yap\u0131lacak. Duru\u015fma bas\u0131na kapal\u0131 olacak.<\/p>\n<p style=\"text-align: justify;\">Davan\u0131n ilk duru\u015fmas\u0131, \u00c7orum Adalet Saray\u0131&#8217;ndaki A\u011f\u0131r Ceza Mahkemesi Duru\u015fma Salonu&#8217;nda saat 09.30&#8217;da g\u00f6r\u00fclecek.<\/p>\n<p style=\"text-align: justify;\">11 tutuklu san\u0131k yo\u011fun g\u00fcvenlik \u00f6nlemleri <\/p>\n","protected":false},"author":1,"featured_media":0,"comment_status":"open","ping_status":"closed","sticky":false,"template":"","format":"standard","meta":{"footnotes":""},"categories":[105],"tags":[],"class_list":["post-14133","post","type-post","status-publish","format-standard","hentry","category-gundem","odd"],"_links":{"self":[{"href":"http:\/\/www.korhanyilmaz.com\/index.php?rest_route=\/wp\/v2\/posts\/14133","targetHints":{"allow":["GET"]}}],"collection":[{"href":"http:\/\/www.korhanyilmaz.com\/index.php?rest_route=\/wp\/v2\/posts"}],"about":[{"href":"http:\/\/www.korhanyilmaz.com\/index.php?rest_route=\/wp\/v2\/types\/post"}],"author":[{"embeddable":true,"href":"http:\/\/www.korhanyilmaz.com\/index.php?rest_route=\/wp\/v2\/users\/1"}],"replies":[{"embeddable":true,"href":"http:\/\/www.korhanyilmaz.com\/index.php?rest_route=%2Fwp%2Fv2%2Fcomments&post=14133"}],"version-history":[{"count":0,"href":"http:\/\/www.korhanyilmaz.com\/index.php?rest_route=\/wp\/v2\/posts\/14133\/revisions"}],"wp:attachment":[{"href":"http:\/\/www.korhanyilmaz.com\/index.php?rest_route=%2Fwp%2Fv2%2Fmedia&parent=14133"}],"wp:term":[{"taxonomy":"category","embeddable":true,"href":"http:\/\/www.korhanyilmaz.com\/index.php?rest_route=%2Fwp%2Fv2%2Fcategories&post=14133"},{"taxonomy":"post_tag","embeddable":true,"href":"http:\/\/www.korhanyilmaz.com\/index.php?rest_route=%2Fwp%2Fv2%2Ftags&post=14133"}],"curies":[{"name":"wp","href":"https:\/\/api.w.org\/{rel}","templated":true}]}}