{"id":14127,"date":"2009-09-01T08:45:30","date_gmt":"2009-09-01T05:45:30","guid":{"rendered":"http:\/\/www.korhanyilmaz.com\/?p=14127"},"modified":"2009-09-01T08:45:30","modified_gmt":"2009-09-01T05:45:30","slug":"dtp-yuruyusu-pkk-gosterisine-donustu","status":"publish","type":"post","link":"http:\/\/www.korhanyilmaz.com\/?p=14127","title":{"rendered":"DTP y\u00fcr\u00fcy\u00fc\u015f\u00fc PKK g\u00f6sterisine d\u00f6n\u00fc\u015ft\u00fc!.."},"content":{"rendered":"<p style=\"text-align: center;\"><a href=\"http:\/\/www.korhanyilmaz.com\/wp-content\/uploads\/2009\/09\/YURUYUS.jpg\"  class=\"lightview\"><img loading=\"lazy\" decoding=\"async\" class=\"size-full wp-image-14128 aligncenter\" src=\"http:\/\/www.korhanyilmaz.com\/wp-content\/uploads\/2009\/09\/YURUYUS.jpg\" alt=\"\" width=\"307\" height=\"236\" \/><\/a><\/p>\n<p style=\"text-align: justify;\">DTP&#8217;nin Diyarbak\u0131r&#8217;da d\u00fczenledi\u011fi me\u015faleli y\u00fcr\u00fcy\u00fc\u015f adeta ter\u00f6r \u00f6rg\u00fct\u00fc PKK ve Abdullah \u00d6calan&#8217;\u0131n g\u00f6sterisine d\u00f6n\u00fc\u015ft\u00fc. Belediye Ba\u015fkan\u0131 Osman Baydemir \u0130\u00e7i\u015fleri Bakan\u0131 Be\u015fir Atalay&#8217;\u0131n d\u00fcnk\u00fc konu\u015fmas\u0131n\u0131, &#8220;D\u0131\u015flay\u0131c\u0131 bir dil kullanmaktan hepimiz sak\u0131nmal\u0131y\u0131z&#8221; s\u00f6zleriyle de\u011ferlendirdi.<\/p>\n<p style=\"text-align: justify;\">(DHA) &#8212; Y\u00fcr\u00fcy\u00fc\u015fte y\u00fczleri kapal\u0131 grup \u00d6calan resimleri ile PKK flamalar\u0131 ta\u015f\u0131d\u0131.<\/p>\n<p style=\"text-align: justify;\">DTP&#8217;nin bug\u00fcn Diyarbak\u0131r&#8217;da d\u00fczenleyece\u011fi miting \u00f6ncesinde partinin gen\u00e7lik yap\u0131lanmas\u0131 olan Yurtsever Demoktaki Gen\u00e7lik Meclisi, Ba\u011flar \u0130l\u00e7esi&#8217;nden &#8216;bar\u0131\u015f \u00e7ad\u0131r\u0131&#8217;n\u0131n bulundu\u011fu S\u00fcmerpark&#8217;a yakla\u015f\u0131k 2 kilometre ellerinde me\u015falelerle y\u00fcr\u00fcy\u00fc\u015f d\u00fczenledi. <!--more--><\/p>\n<p style=\"text-align: justify;\">Yakla\u015f\u0131k 500 ki\u015finin kat\u0131ld\u0131\u011f\u0131 y\u00fcr\u00fcy\u00fc\u015fte \u00f6n saflarda y\u00fcr\u00fcyenler y\u00fczler\u0131 pu\u015fu ile kapat\u0131p, PKK flamalar\u0131 ve \u00d6calan resimlerini a\u00e7t\u0131.<\/p>\n<p style=\"text-align: justify;\"><strong><em>Baydemir konu\u015ftu <\/em><\/strong><\/p>\n<p style=\"text-align: justify;\">G\u00f6stericiler halay \u00e7ekerken, daha sonra sabaha kadar tutulacak olan bar\u0131\u015f n\u00f6betine kat\u0131ld\u0131. Bar\u0131\u015f n\u00f6betine kat\u0131lmak \u00fczere\u00a0 haz\u0131r bulunan B\u00fcy\u00fck\u015fehir Belediye Ba\u015fkan\u0131 Osman Baydemir yapt\u0131\u011f\u0131 a\u00e7\u0131klamada 1 Eyl\u00fcl d\u00fcnya bar\u0131\u015f g\u00fcn\u00fcn t\u00fcm d\u00fcnya halklar\u0131na kutlu olmas\u0131n\u0131 diledi.<\/p>\n<p style=\"text-align: justify;\"><strong><em>Baydemir s\u00f6zlerine \u015f\u00f6yle devam etti:<\/em><\/strong><\/p>\n<p style=\"text-align: justify;\">&#8220;B\u00fct\u00fcn K\u00fcrt ve T\u00fcrk halk\u0131n\u0131n ve d\u00fcnya halklar\u0131n\u0131n abr\u0131\u015f g\u00fcn\u00fc i\u00e7tenlikle kutlu olsun. \u015euan d\u0131\u015far\u0131daki heyecandan co\u015fkudan etkilenmemk ger\u00e7ekten m\u00fcmk\u00fcn de\u011fil. Umuyor ve diliyorumki 2009 1 Eyl\u00fcl&#8217;\u00fc, 2009 D\u00fcnya Bar\u0131\u015f G\u00fcn\u00fc \u00fclkemiz a\u00e7\u0131s\u0131ndan bar\u0131\u015fa ula\u015f\u0131m \u00e7abas\u0131 a\u00e7\u0131s\u0131ndan bir milatt\u0131r ve yeni bir sayfa a\u00e7\u0131lmas\u0131d\u0131r. 30 y\u0131ld\u0131r T\u00fcrk\u00fcyle, K\u00fcrd\u00fcyle di\u011fer b\u00fct\u00fcn etnik kimlikleri ile \u00e7at\u0131\u015fmadan yeteri miktarda hep beraber ac\u0131 \u00e7ektik. Art\u0131k yeni bir sayfa a\u00e7man\u0131n vakti gelmi\u015ftir. Hatta birazda ge\u00e7 kal\u0131nm\u0131\u015ft\u0131r.<\/p>\n<p style=\"text-align: justify;\">Umuyor ve diliyorumki bu r\u00fczgar yerini kal\u0131c\u0131 bir bar\u0131\u015f iklimine b\u0131rak\u0131r. Bu co\u015fkuyla gelecek nesillere sava\u015f\u0131 miras b\u0131rakmamam\u0131z laz\u0131m. Bar\u0131\u015f\u0131 miras b\u0131rakmam\u0131z laz\u0131m. Bunun i\u00e7inde hepimize d\u00fc\u015fen g\u00f6revler vard\u0131r. Ben inan\u0131yorumki hepimiz g\u00f6revimizi yetirme \u00e7abas\u0131 i\u00e7erisinde olursak, bar\u0131\u015fta kal\u0131c\u0131 olur. Bar\u0131\u015f\u0131 in\u015faa s\u00fcrecide ba\u015far\u0131 ile tamamlanm\u0131\u015f olur&#8221;<\/p>\n<p style=\"text-align: justify;\"><strong><em>Atalay ve T\u00fcrk&#8217;\u00fcn a\u00e7\u0131klamalar\u0131<\/em><\/strong><\/p>\n<p style=\"text-align: justify;\">\u0130\u00e7i\u015fleri Bakan\u0131 Be\u015fir Atalay&#8217;\u0131 a\u00e7\u0131klamas\u0131n\u0131n ard\u0131ndann DTP Genel Ba\u015fkan\u0131 Ahmet T\u00fcrk&#8217;\u00fcn \u00f6nemli a\u00e7\u0131klamalar yapt\u0131\u011f\u0131n\u0131 s\u00f6yleyen Baydemir, &#8220;\u015e\u00fcphesizki genel ba\u015fkanlar de\u011ferlendirme yapt\u0131. Nacizane temennim ad\u0131m\u0131z, g\u00f6revimiz ve s\u0131fat\u0131mz\u0131 ne olursa olsun bar\u0131\u015f s\u00fcrecinin ya da bar\u0131\u015f\u0131 in\u015faa dili kapsay\u0131c\u0131 bir dil olmal\u0131d\u0131r. Pozitif bir dil olmal\u0131d\u0131r, kucaklay\u0131c\u0131 bir dil olmal\u0131d\u0131r. D\u0131\u015flay\u0131c\u0131 bir dil kullanmaktan hepimiz sak\u0131nmal\u0131y\u0131z. Ger\u00e7ekler \u00fczerinden vicdanlar\u0131 harekete ge\u00e7irecek bir dili kullanmam\u0131z gerekir diye d\u00fc\u015f\u00fcn\u00fcyorum. Yok sayan hele hele rencide eden bir dili kullanmaktan kesinlikle sak\u0131nmal\u0131y\u0131z&#8221; dedi.<\/p>\n<p style=\"text-align: justify;\"><span style=\"color: #888888;\">CNN T\u00dcRK<\/span><\/p>\n","protected":false},"excerpt":{"rendered":"<p style=\"text-align: center;\">\n<p style=\"text-align: justify;\">DTP&#8217;nin Diyarbak\u0131r&#8217;da d\u00fczenledi\u011fi me\u015faleli y\u00fcr\u00fcy\u00fc\u015f adeta ter\u00f6r \u00f6rg\u00fct\u00fc PKK ve Abdullah \u00d6calan&#8217;\u0131n g\u00f6sterisine d\u00f6n\u00fc\u015ft\u00fc. Belediye Ba\u015fkan\u0131 Osman Baydemir \u0130\u00e7i\u015fleri Bakan\u0131 Be\u015fir Atalay&#8217;\u0131n d\u00fcnk\u00fc konu\u015fmas\u0131n\u0131, &#8220;D\u0131\u015flay\u0131c\u0131 bir dil kullanmaktan hepimiz sak\u0131nmal\u0131y\u0131z&#8221; s\u00f6zleriyle de\u011ferlendirdi.<\/p>\n<p style=\"text-align: justify;\">(DHA) &#8212; Y\u00fcr\u00fcy\u00fc\u015fte y\u00fczleri kapal\u0131 grup \u00d6calan resimleri ile PKK flamalar\u0131 ta\u015f\u0131d\u0131.<\/p>\n<p style=\"text-align: justify;\">DTP&#8217;nin bug\u00fcn <\/p>\n","protected":false},"author":1,"featured_media":0,"comment_status":"open","ping_status":"closed","sticky":false,"template":"","format":"standard","meta":{"footnotes":""},"categories":[105],"tags":[],"class_list":["post-14127","post","type-post","status-publish","format-standard","hentry","category-gundem","odd"],"_links":{"self":[{"href":"http:\/\/www.korhanyilmaz.com\/index.php?rest_route=\/wp\/v2\/posts\/14127","targetHints":{"allow":["GET"]}}],"collection":[{"href":"http:\/\/www.korhanyilmaz.com\/index.php?rest_route=\/wp\/v2\/posts"}],"about":[{"href":"http:\/\/www.korhanyilmaz.com\/index.php?rest_route=\/wp\/v2\/types\/post"}],"author":[{"embeddable":true,"href":"http:\/\/www.korhanyilmaz.com\/index.php?rest_route=\/wp\/v2\/users\/1"}],"replies":[{"embeddable":true,"href":"http:\/\/www.korhanyilmaz.com\/index.php?rest_route=%2Fwp%2Fv2%2Fcomments&post=14127"}],"version-history":[{"count":0,"href":"http:\/\/www.korhanyilmaz.com\/index.php?rest_route=\/wp\/v2\/posts\/14127\/revisions"}],"wp:attachment":[{"href":"http:\/\/www.korhanyilmaz.com\/index.php?rest_route=%2Fwp%2Fv2%2Fmedia&parent=14127"}],"wp:term":[{"taxonomy":"category","embeddable":true,"href":"http:\/\/www.korhanyilmaz.com\/index.php?rest_route=%2Fwp%2Fv2%2Fcategories&post=14127"},{"taxonomy":"post_tag","embeddable":true,"href":"http:\/\/www.korhanyilmaz.com\/index.php?rest_route=%2Fwp%2Fv2%2Ftags&post=14127"}],"curies":[{"name":"wp","href":"https:\/\/api.w.org\/{rel}","templated":true}]}}