{"id":14120,"date":"2009-08-31T19:51:43","date_gmt":"2009-08-31T16:51:43","guid":{"rendered":"http:\/\/www.korhanyilmaz.com\/?p=14120"},"modified":"2009-08-31T19:51:43","modified_gmt":"2009-08-31T16:51:43","slug":"turkten-atalaya-tepki-dag-fare-bile-dogurmadi","status":"publish","type":"post","link":"http:\/\/www.korhanyilmaz.com\/?p=14120","title":{"rendered":"T\u00fcrk&#039;ten Atalay&#039;a tepki: &#039;Da\u011f fare bile do\u011furmad\u0131&#039;"},"content":{"rendered":"<p style=\"text-align: center;\"><a href=\"http:\/\/www.korhanyilmaz.com\/wp-content\/uploads\/2009\/09\/AHMET_TURK.jpg\"  class=\"lightview\"><img loading=\"lazy\" decoding=\"async\" class=\"size-full wp-image-14121 aligncenter\" src=\"http:\/\/www.korhanyilmaz.com\/wp-content\/uploads\/2009\/09\/AHMET_TURK.jpg\" alt=\"\" width=\"307\" height=\"236\" \/><\/a><\/p>\n<p style=\"text-align: justify;\">DTP Genel Ba\u015fkan\u0131 Ahmet T\u00fcrk, \u0130\u00e7i\u015fleri Bakan\u0131 Be\u015fir Atalay&#8217;\u0131n a\u00e7\u0131klamalar\u0131yla ilgili olarak, &#8220;Da\u011f fare bile do\u011furmad\u0131. A\u00e7\u0131klamalar umutsuzluk yaratt\u0131&#8221; dedi.<\/p>\n<p style=\"text-align: justify;\">Be\u015fir Atalay&#8217;\u0131n bug\u00fcn yapt\u0131\u011f\u0131 bas\u0131n toplant\u0131s\u0131n\u0131 de\u011ferlendiren Ahmet T\u00fcrk, &#8220;K\u00fcrtlerin de hassasiyetlerini g\u00f6zetmeniz gerekir. Yeni bir anayasa olmadan b\u0131rak\u0131n K\u00fcrt sorununun \u00e7\u00f6z\u00fcm\u00fcn\u00fc, a\u00e7\u0131l\u0131m bile yapamazs\u0131n\u0131z&#8221; dedi.<\/p>\n<p style=\"text-align: justify;\">DTP Genel Ba\u015fkan\u0131 Ahmet T\u00fcrk, &#8216;Bar\u0131\u015f \u00e7ad\u0131r\u0131&#8217;n\u0131n kuruldu\u011fu S\u00fcmerpark&#8217;ta gazetecilerin sorular\u0131n\u0131 yan\u0131tlad\u0131. <!--more--><\/p>\n<p style=\"text-align: justify;\">T\u00fcrk,  &#8220;\u00c7ok a\u00e7\u0131kl\u0131kla ifade edeyim ki, bug\u00fcn h\u00fck\u00fcmet ad\u0131na a\u00e7\u0131klama yapan Say\u0131n \u0130\u00e7i\u015fleri Bakan\u0131&#8217;n\u0131n a\u00e7\u0131klamalar\u0131 \u00f6zellikle K\u00fcrt halk\u0131nda b\u00fcy\u00fck bir \u015fa\u015fk\u0131nl\u0131k ve b\u00fcy\u00fck bir umutsuzluk yaratm\u0131\u015ft\u0131r. Biz, K\u00fcrt sorununun bar\u0131\u015f\u00e7\u0131l \u00e7\u00f6z\u00fcmlerinin tart\u0131\u015f\u0131laca\u011f\u0131 bir s\u00fcrecin i\u00e7ine girdi\u011fimzi s\u00f6ylerken, bug\u00fcn yapt\u0131\u011f\u0131 a\u00e7\u0131klamada ne K\u00fcrt sorununun \u00e7\u00f6z\u00fcm\u00fcnden ne a\u00e7\u0131l\u0131mdan, ne de demokraik a\u00e7\u0131l\u0131mdan s\u00f6z etti\u011fini g\u00f6remedik&#8221; dedi.<\/p>\n<p style=\"text-align: justify;\">Ahmet T\u00fcrk, &#8220;Ba\u015flarken, &#8220;K\u00fcrt sorunun \u00e7\u00f6zmemiz gerekir&#8221; diye yola \u00e7\u0131kt\u0131lar. Sonra K\u00fcrt a\u00e7\u0131l\u0131m\u0131 dediler, arkas\u0131ndan da demokratik a\u00e7\u0131l\u0131m dediler. Ama bug\u00fcnk\u00fc a\u00e7\u0131klamada, K\u00fcrtleri d\u0131\u015far\u0131da tutan bir milli mutabakat metni olarak \u00f6n\u00fcm\u00fcze geldi, a\u00e7\u0131klamas\u0131 olarak \u00f6n\u00fcm\u00fcze geldi&#8221; diye konu\u015ftu.<\/p>\n<p style=\"text-align: justify;\">Ahmet T\u00fcrk \u015f\u00f6yle konu\u015ftu: &#8220;Y\u0131llardar bar\u0131\u015f\u0131n \u00f6nemini vurgulad\u0131k. K\u00fcrt halk\u0131n\u0131n temel taleplerinin yenme getirilmesiyle, T\u00fcrkiye&#8217;de g\u00fc\u00e7l\u00fc bir demokrasinin, g\u00fc\u00e7l\u00fc bir kucakla\u015fman\u0131n olaca\u011f\u0131n\u0131 ifade ettik. Ama bug\u00fcn g\u00f6r\u00fcyoruz ki, bir tabir var &#8216;da\u011f fare do\u011furdu&#8217; diyarlar. Oysa bug\u00fcnk\u00fc a\u00e7\u0131klamada da\u011f fare bile do\u011furmad\u0131. Yine 72 milyonun hassasiyetinden s\u00f6z edildi. Ama bug\u00fcn 72 milyonun hassasiyeti de\u011fil, birilerini tatmin etmek i\u00e7in K\u00fcrtlerden s\u00f6z etmeyen, K\u00fcrtlerin varl\u0131\u011f\u0131ndan bile s\u00f6z etmeyen, sadece beli bir kesime mesaj veren bir mant\u0131\u011f\u0131n ortada oldu\u011funu g\u00f6rd\u00fck.<\/p>\n<p style=\"text-align: justify;\">Yine bug\u00fcn g\u00f6rd\u00fc\u011f\u00fcm\u00fcz kadar\u0131yla, g\u00f6r\u00fc\u015ft\u00fckleri sivil toplum \u00f6rg\u00fctlerinden tutun, K\u00fcrtlere kadar, meslek odalar\u0131na kadar hi\u00e7 birinin d\u00fc\u015fencesi, bug\u00fcnk\u00fc a\u00e7\u0131klamaya yans\u0131mad\u0131. Sadece ve sadece g\u00f6r\u00fc\u015fmedikleri kesimlerin d\u00fc\u015f\u00fcnceleri ve talepleri bu a\u00e7\u0131klamaya yans\u0131d\u0131&#8221;<\/p>\n<p style=\"text-align: justify;\">Bar\u0131\u015f u\u011fruna cok ciddi \u00e7abalar ortaya koyduklar\u0131n\u0131 s\u00f6yleyen T\u00fcrk, konu\u015fmas\u0131n\u0131 \u015f\u00f6yle s\u00fcrd\u00fcrd\u00fc: &#8220;Ama bu mant\u0131kla, bu anlay\u0131\u015fla K\u00fcrt sorununun \u00e7\u00f6z\u00fclemeyece\u011fini., \u00e7\u00f6z\u00fclmeyece\u011fini herkesin bilmesi gerekiyor. Bug\u00fcn e\u011fer K\u00fcrt sorunu tart\u0131\u015fmas\u0131 g\u00fcndemdeyse, K\u00fcrtlerin de hassasiyetlerini g\u00f6z\u00f6n\u00fcnde tutmak zorundas\u0131n\u0131z. Ama sat\u0131rba\u015flar\u0131yla bakt\u0131\u011f\u0131m\u0131z da yani bir Anayasa&#8217;dan s\u00f6z edilmiyor. Yeni bir Anayasa olmadan b\u0131rak\u0131n K\u00fcrt sorununun \u00e7\u00f6z\u00fcm\u00fcn\u00fc, a\u00e7\u0131l\u0131m\u0131 bile yapamazs\u0131n\u0131z. Yine e\u011fitim haklar\u0131ndan s\u00f6z edilmiyor.<\/p>\n<p style=\"text-align: justify;\">Bir halk\u0131n kimli\u011finin, k\u00fclt\u00fcr\u00fcn\u00fcn, e\u011fitim hakk\u0131n\u0131 g\u00fcndeminize getirmezseniz, nas\u0131l bir bar\u0131\u015f sa\u011flayacaks\u0131n\u0131z. Yine burada tek bir s\u00f6zc\u00fck vard\u0131, ama\u00e7 tasfiye. Zaten 30 y\u0131ldan beri tasfiye projelerini, \u00e7abalar\u0131n\u0131z\u0131, \u00e7al\u0131\u015fmalar\u0131n\u0131z\u0131 ortaya koydunuz. Tasfiye edebildiniz mi? Yeni imha, inkar politikalar\u0131n\u0131n devam\u0131 anlam\u0131na gelecek anlay\u0131\u015f\u0131 g\u00f6rd\u00fc\u011f\u00fcm\u00fcz\u00fc b\u00f6yle bir mant\u0131\u011f\u0131n i\u015fledi\u011finizi maalesef \u00fcz\u00fcnt\u00fcyle izledik. Ama buradan yinede s\u00f6yl\u00fcyorum, bar\u0131\u015f ka\u00e7\u0131n\u0131lmazd\u0131r. Kucakla\u015fmay\u0131 sa\u011flama da ka\u00e7\u0131n\u0131lmazd\u0131r. Biz bu konuda bar\u0131\u015f konusunda b\u00f6t\u00fcn\u00fc olumsuzluklara ra\u011fmen, bu uygulanan politikalar\u0131n ger\u00e7ekten \u00e7\u00f6z\u00fcme de\u011fil, aldatmaya y\u00f6nelik oldu\u011funu b\u00fct\u00fcn d\u00fcnya ile payla\u015faca\u011f\u0131z. Bar\u0131\u015f \u00e7abalar\u0131m\u0131z\u0131 bu mant\u0131\u011fa ra\u011fmen s\u00fcrd\u00fcrece\u011fiz.&#8221;<\/p>\n<p style=\"text-align: justify;\">\u0130\u00e7i\u015fleri Bakan\u0131 Be\u015fir Atalay, bug\u00fcnk\u00fc bas\u0131n toplant\u0131s\u0131nda s\u00fcre\u00e7le ilgili Anayasa de\u011fi\u015fikli\u011finin g\u00fcndemde olmad\u0131\u011f\u0131n\u0131 belirtmi\u015f ve &#8220;Af diye bir kavram\u0131n zikretmedik, zikretmiyoruz. Bu i\u015fin ba\u015f\u0131 silahlar\u0131n b\u0131rak\u0131lmas\u0131 ve tasfiye. Bunun i\u00e7in \u00e7ok \u00e7al\u0131\u015f\u0131lmas\u0131 gerekiyor&#8221; demi\u015fti.<\/p>\n<p style=\"text-align: justify;\">DTP Genel Ba\u015fkan\u0131 Ahmet T\u00fcrk, Atalay&#8217;\u0131n bas\u0131n toplant\u0131s\u0131n\u0131 dinledikten sonra yapt\u0131\u011f\u0131 ilk a\u00e7\u0131klamada, &#8220;mutlaka bu anayasan\u0131n\u0131 de\u011fi\u015ftirilmesi laz\u0131m&#8221; demi\u015fti.<\/p>\n<p style=\"text-align: justify;\">T\u00fcrk, &#8220;Tabii ki biz siyaset\u00e7iler umutlu olmak zorunday\u0131z. Umudu ta\u015f\u0131mazsak siyaset yapmay\u0131z. Bu konuda da halka \u00f6nc\u00fcl\u00fck yapamay\u0131z. Siyaset\u00e7inin g\u00f6revi gelece\u011fi do\u011fru belirlemeye y\u00f6nelik \u00e7abalar\u0131, \u00e7al\u0131\u015fmalar\u0131 ortaya koymakt\u0131r. Bizim de g\u00f6revimiz budur&#8221; ifadelerini kullanm\u0131\u015ft\u0131.<\/p>\n<p style=\"text-align: justify;\"><span style=\"color: #888888;\">CNN T\u00dcRK<\/span><\/p>\n","protected":false},"excerpt":{"rendered":"<p style=\"text-align: center;\">\n<p style=\"text-align: justify;\">DTP Genel Ba\u015fkan\u0131 Ahmet T\u00fcrk, \u0130\u00e7i\u015fleri Bakan\u0131 Be\u015fir Atalay&#8217;\u0131n a\u00e7\u0131klamalar\u0131yla ilgili olarak, &#8220;Da\u011f fare bile do\u011furmad\u0131. A\u00e7\u0131klamalar umutsuzluk yaratt\u0131&#8221; dedi.<\/p>\n<p style=\"text-align: justify;\">Be\u015fir Atalay&#8217;\u0131n bug\u00fcn yapt\u0131\u011f\u0131 bas\u0131n toplant\u0131s\u0131n\u0131 de\u011ferlendiren Ahmet T\u00fcrk, &#8220;K\u00fcrtlerin de hassasiyetlerini g\u00f6zetmeniz gerekir. Yeni bir anayasa olmadan b\u0131rak\u0131n K\u00fcrt sorununun \u00e7\u00f6z\u00fcm\u00fcn\u00fc, a\u00e7\u0131l\u0131m bile yapamazs\u0131n\u0131z&#8221; dedi.<\/p>\n<p style=\"text-align:  \n\n","protected":false},"author":1,"featured_media":0,"comment_status":"open","ping_status":"closed","sticky":false,"template":"","format":"standard","meta":{"footnotes":""},"categories":[105],"tags":[],"class_list":["post-14120","post","type-post","status-publish","format-standard","hentry","category-gundem","odd"],"_links":{"self":[{"href":"http:\/\/www.korhanyilmaz.com\/index.php?rest_route=\/wp\/v2\/posts\/14120","targetHints":{"allow":["GET"]}}],"collection":[{"href":"http:\/\/www.korhanyilmaz.com\/index.php?rest_route=\/wp\/v2\/posts"}],"about":[{"href":"http:\/\/www.korhanyilmaz.com\/index.php?rest_route=\/wp\/v2\/types\/post"}],"author":[{"embeddable":true,"href":"http:\/\/www.korhanyilmaz.com\/index.php?rest_route=\/wp\/v2\/users\/1"}],"replies":[{"embeddable":true,"href":"http:\/\/www.korhanyilmaz.com\/index.php?rest_route=%2Fwp%2Fv2%2Fcomments&post=14120"}],"version-history":[{"count":0,"href":"http:\/\/www.korhanyilmaz.com\/index.php?rest_route=\/wp\/v2\/posts\/14120\/revisions"}],"wp:attachment":[{"href":"http:\/\/www.korhanyilmaz.com\/index.php?rest_route=%2Fwp%2Fv2%2Fmedia&parent=14120"}],"wp:term":[{"taxonomy":"category","embeddable":true,"href":"http:\/\/www.korhanyilmaz.com\/index.php?rest_route=%2Fwp%2Fv2%2Fcategories&post=14120"},{"taxonomy":"post_tag","embeddable":true,"href":"http:\/\/www.korhanyilmaz.com\/index.php?rest_route=%2Fwp%2Fv2%2Ftags&post=14120"}],"curies":[{"name":"wp","href":"https:\/\/api.w.org\/{rel}","templated":true}]}}