{"id":14108,"date":"2009-08-31T17:39:44","date_gmt":"2009-08-31T14:39:44","guid":{"rendered":"http:\/\/www.korhanyilmaz.com\/?p=14108"},"modified":"2011-12-23T10:58:26","modified_gmt":"2011-12-23T08:58:26","slug":"diyelim-ki","status":"publish","type":"post","link":"http:\/\/www.korhanyilmaz.com\/?p=14108","title":{"rendered":"Diyelim ki&#8230;"},"content":{"rendered":"<div id=\"attachment_14110\" style=\"width: 115px\" class=\"wp-caption alignleft\"><img loading=\"lazy\" decoding=\"async\" aria-describedby=\"caption-attachment-14110\" class=\"size-full wp-image-14110\" style=\"margin: 0px 10px;\" title=\"R\u0131dvan Akar - CNN T\u00dcRK Haber M\u00fcd\u00fcr\u00fc\" src=\"http:\/\/www.korhanyilmaz.com\/wp-content\/uploads\/2009\/09\/r\u0131dvan_akar.jpg\" alt=\"r\u0131dvan_akar\" width=\"105\" height=\"112\" \/><p id=\"caption-attachment-14110\" class=\"wp-caption-text\">R\u0131dvan Akar<\/p><\/div>\n<p style=\"text-align: justify;\"><strong>Diyelim ki&#8230;<\/strong><\/p>\n<p style=\"text-align: justify;\">Diyelim ki a\u00e7\u0131l\u0131m &#8216;fos&#8217; \u00e7\u0131kt\u0131.<\/p>\n<p style=\"text-align: justify;\">Kim kaybeder?<\/p>\n<p style=\"text-align: justify;\">Diyelim ki a\u00e7\u0131l\u0131mdan umut kesildi.<\/p>\n<p style=\"text-align: justify;\">Kim kaybeder?<\/p>\n<p style=\"text-align: justify;\">Diyelim ki a\u00e7\u0131l\u0131m sonucu kan durdu.<\/p>\n<p style=\"text-align: justify;\">Kim kaybeder?<\/p>\n<p style=\"text-align: justify;\">Diyelim ki a\u00e7\u0131l\u0131m toplumsal bar\u0131\u015f\u0131n \u00f6n\u00fcn\u00fc a\u00e7t\u0131.<\/p>\n<p style=\"text-align: justify;\">Kim kaybeder? <!--more--><\/p>\n<p style=\"text-align: justify;\">Kanaatim o ki yukar\u0131daki sorular\u0131n hepsine verilecek ortak yan\u0131t. &#8220;AK Parti&#8221; olabilir.<\/p>\n<p style=\"text-align: justify;\">AK Parti siyaseten bir intihar projesi olan &#8220;a\u00e7\u0131l\u0131m s\u00fcreci&#8221; ile siyasi bir intihar\u0131n e\u015fi\u011fine gelmi\u015f bulunuyor. Bu saatten sonra a\u00e7\u0131l\u0131m ba\u015far\u0131ya ula\u015fsa da ula\u015fmasa da AK Parti, 2011 se\u00e7imlerinde ciddi bir oy kayb\u0131na u\u011frayacak.<\/p>\n<p style=\"text-align: justify;\">K\u00fcrt Sorunu bu \u00fclkenin en yap\u0131sal problemi. Sadece maddi ve manevi kay\u0131plar\u0131yla de\u011fil, bu \u00fclkenin demokrasisi, gelece\u011fi, zihniyet haritas\u0131n\u0131 derinden etkileyen bir kilometre ta\u015f\u0131.<\/p>\n<p style=\"text-align: justify;\">\u00d6ylesine bir sorundan s\u00f6z ediyoruz ki bu defa salt askeri bir \u00e7\u00f6z\u00fcm olmas\u0131 m\u00fcmk\u00fcn de\u011fil. Zira K\u00fcrt kimli\u011fi ge\u00e7mi\u015fteki ayaklanmalardan farkl\u0131 olarak i\u00e7selle\u015ftirildi. Daha da \u00f6nemlisi uluslar aras\u0131 konjonkt\u00fcr, bu sorundan beslenen \u00fclkelerin jeostratejileri ve emperyal bir vizyonun par\u00e7as\u0131 olmas\u0131 da sorunu daha da \u00e7etrefil bir hale getirdi.<\/p>\n<p style=\"text-align: justify;\">\u00d6calan&#8217;\u0131n ifadelerinde yer alan &#8220;bizden yararlanmaya kalkt\u0131lar&#8221; itiraf\u0131 bu a\u00e7\u0131dan \u00f6nem ta\u015f\u0131yor.<\/p>\n<p style=\"text-align: justify;\">Ancak kimse kendini kand\u0131rmas\u0131n bu sadece &#8220;d\u0131\u015f g\u00fc\u00e7lerin&#8221; \u00fclkeyi b\u00f6lme komplosu de\u011fil.<\/p>\n<p style=\"text-align: justify;\">K\u00fcrt Sorunu&#8217;nu hafife alan bu anlay\u0131\u015f\u0131n \u00f6len 40 bin can\u0131 ve giden 1 trilyon dolar\u0131 anlamas\u0131 m\u00fcmk\u00fcn de\u011fil.<\/p>\n<p style=\"text-align: justify;\">Sorun, 21.y\u00fczy\u0131lda hala kan d\u00f6ken bir zihniyetin kendi me\u015fruiyetini yaratma \u00e7abas\u0131 da de\u011fil. Bir \u00e7ok kanaat \u00f6nderinin dedi\u011fi gibi PKK, K\u00fcrt sorunu&#8217;nun nedeni de\u011fil, sonucu olabilir. Zira nas\u0131l ki Bulgaristan&#8217;da isimleri, k\u00f6yleri de\u011fi\u015ftirilen T\u00fcrk az\u0131nl\u0131\u011f\u0131 bir varolu\u015f problemi olarak kimliklerine sahip \u00e7\u0131kt\u0131ysa, T\u00fcrkiye&#8217;de benzer bir sorunu ya\u015fad\u0131\u011f\u0131m\u0131z\u0131 kabul etmek gerekir.<\/p>\n<p style=\"text-align: justify;\">Bu \u00fclkenin K\u00fcrt yurtta\u015flar\u0131 kendi isimleri, k\u00f6yleri, kimlikleri ve dilleriyle ya\u015famak istiyor.<\/p>\n<p style=\"text-align: justify;\">Ancak bu ger\u00e7e\u011fin kabul edilmesi de o kadar kolay de\u011fil. Zira geride sivili, askeri, korucusu ve polisiyle 8 bine yak\u0131n \u015fehit cenazesi var. \u00dcstelik ge\u00e7mi\u015ften de\u011fil, d\u00fcnden s\u00f6z ediyoruz. Bug\u00fcn ve yar\u0131n cenazeleri kalkacak o 4 askerin ac\u0131l\u0131 ailesine kimse &#8220;a\u00e7\u0131l\u0131mdan&#8221; s\u00f6z edemez. Yaz\u0131y\u0131 kaleme al\u0131rken, \u015fimdiden o protestolar\u0131 duyar gibiyiz.<\/p>\n<p style=\"text-align: justify;\">AK Parti siyasi bir intihar projesini hayata ge\u00e7iriyor.<\/p>\n<p style=\"text-align: justify;\">Ba\u015farsa da ba\u015farmasa da&#8230;<\/p>\n<p style=\"text-align: justify;\">Yap\u0131lan ara\u015ft\u0131rmalar -Umut \u00d6zk\u0131r\u0131ml\u0131- \u00fclkede &#8220;ben milliyet\u00e7iyim&#8221; diyenlerin oran\u0131n\u0131 y\u00fczde 70&#8217;lerde g\u00f6steriyor. AK Parti taban\u0131nda bu oran y\u00fczde 72&#8217;lere \u00e7\u0131k\u0131yor. Yani b\u00f6ylesi bir mantaliteye bar\u0131\u015f projesinin empoze ettirilmesi gerekiyor. Hem de d\u00fcnk\u00fc sald\u0131r\u0131lar devam eder, kan d\u00f6k\u00fcl\u00fcrken.<\/p>\n<p style=\"text-align: justify;\">\u0130\u015fte bu nedenle kan dursa, &#8220;ihanet&#8221;, durmasa &#8220;ter\u00f6re verilen tavizler, PKK&#8217;y\u0131 azd\u0131rd\u0131&#8221; t\u00fcr\u00fcnden bir su\u00e7laman\u0131n muhatab\u0131 olarak AK Parti&#8217;yi g\u00fc\u00e7 bir d\u00f6nem bekliyor.<\/p>\n<p style=\"text-align: justify;\">Daha da \u00f6nemlisi bu s\u00fcrecin muhataplar\u0131n\u0131 (DTP, PKK vb) ikna edememe olas\u0131l\u0131\u011f\u0131 da y\u00fcksek g\u00f6r\u00fcn\u00fcyor. Zira DTP&#8217;nin ortaya koydu\u011fu taleplerin bug\u00fcnden yar\u0131na tatmin edil(e)meyece\u011fini \u0130\u00e7i\u015fleri Bakan\u0131 Be\u015fir Atalay a\u00e7\u0131klad\u0131.<\/p>\n<p style=\"text-align: justify;\">Velhas\u0131l a\u00e7\u0131l\u0131m s\u00fcreci fena halde ne \u0130sa&#8217;ya ne Musa&#8217;ya projesine d\u00f6n\u00fc\u015fme riskini i\u00e7inde bar\u0131nd\u0131r\u0131yor.<\/p>\n<p style=\"text-align: justify;\">Diyelim ki bir a\u00e7\u0131l\u0131m projesi var.<\/p>\n<p style=\"text-align: justify;\">Kim kaybeder?<\/p>\n<p style=\"text-align: justify;\">\u00d6l\u00fcmden, kandan beslenenler.<\/p>\n<p style=\"text-align: justify;\">AK Parti bu \u00fclkeye bar\u0131\u015f\u0131 getirecek bu giri\u015fimde, se\u00e7imi kazansa da kaybetse de tarihin \u00f6n\u00fcnde hat\u0131rlanacak.<\/p>\n<p style=\"text-align: justify;\"><span style=\"color: #888888;\">R\u0131dvan Akar &#8211; CNN T\u00dcRK<\/span><\/p>\n<p style=\"text-align: justify;\"><span style=\"color: #888888;\">Yazara Ula\u015fmak i\u00e7in : <a href=\"mailto:ridvana@cnnturk.com.tr\">ridvana@cnnturk.com.tr<\/a><\/span><\/p>\n","protected":false},"excerpt":{"rendered":"<p id=\"caption-attachment-14110\" class=\"wp-caption-text\">R\u0131dvan Akar<\/p>\n<p style=\"text-align: justify;\">Diyelim ki&#8230;<\/p>\n<p style=\"text-align: justify;\">Diyelim ki a\u00e7\u0131l\u0131m &#8216;fos&#8217; \u00e7\u0131kt\u0131.<\/p>\n<p style=\"text-align: justify;\">Kim kaybeder?<\/p>\n<p style=\"text-align: justify;\">Diyelim ki a\u00e7\u0131l\u0131mdan umut kesildi.<\/p>\n<p style=\"text-align: justify;\">Kim kaybeder?<\/p>\n<p style=\"text-align: justify;\">Diyelim ki a\u00e7\u0131l\u0131m sonucu kan durdu.<\/p>\n<p style=\"text-align: justify;\">Kim kaybeder?<\/p>\n<p style=\"text-align: justify;\">Diyelim ki a\u00e7\u0131l\u0131m toplumsal bar\u0131\u015f\u0131n \u00f6n\u00fcn\u00fc a\u00e7t\u0131.<\/p>\n<p style=\"text-align: justify;\">Kim kaybeder? <\/p>\n","protected":false},"author":1,"featured_media":0,"comment_status":"open","ping_status":"closed","sticky":false,"template":"","format":"standard","meta":{"footnotes":""},"categories":[16],"tags":[583],"class_list":["post-14108","post","type-post","status-publish","format-standard","hentry","category-kose-yazilari","tag-ridvan-akar","odd"],"_links":{"self":[{"href":"http:\/\/www.korhanyilmaz.com\/index.php?rest_route=\/wp\/v2\/posts\/14108","targetHints":{"allow":["GET"]}}],"collection":[{"href":"http:\/\/www.korhanyilmaz.com\/index.php?rest_route=\/wp\/v2\/posts"}],"about":[{"href":"http:\/\/www.korhanyilmaz.com\/index.php?rest_route=\/wp\/v2\/types\/post"}],"author":[{"embeddable":true,"href":"http:\/\/www.korhanyilmaz.com\/index.php?rest_route=\/wp\/v2\/users\/1"}],"replies":[{"embeddable":true,"href":"http:\/\/www.korhanyilmaz.com\/index.php?rest_route=%2Fwp%2Fv2%2Fcomments&post=14108"}],"version-history":[{"count":0,"href":"http:\/\/www.korhanyilmaz.com\/index.php?rest_route=\/wp\/v2\/posts\/14108\/revisions"}],"wp:attachment":[{"href":"http:\/\/www.korhanyilmaz.com\/index.php?rest_route=%2Fwp%2Fv2%2Fmedia&parent=14108"}],"wp:term":[{"taxonomy":"category","embeddable":true,"href":"http:\/\/www.korhanyilmaz.com\/index.php?rest_route=%2Fwp%2Fv2%2Fcategories&post=14108"},{"taxonomy":"post_tag","embeddable":true,"href":"http:\/\/www.korhanyilmaz.com\/index.php?rest_route=%2Fwp%2Fv2%2Ftags&post=14108"}],"curies":[{"name":"wp","href":"https:\/\/api.w.org\/{rel}","templated":true}]}}