{"id":14104,"date":"2009-08-31T15:01:08","date_gmt":"2009-08-31T12:01:08","guid":{"rendered":"http:\/\/www.korhanyilmaz.com\/?p=14104"},"modified":"2009-08-31T15:01:08","modified_gmt":"2009-08-31T12:01:08","slug":"akp%e2%80%99nin-ergenekon-sorusturmasi-ile-ne-ilgisi-var","status":"publish","type":"post","link":"http:\/\/www.korhanyilmaz.com\/?p=14104","title":{"rendered":"AKP\u2019nin Ergenekon Soru\u015fturmas\u0131 ile ne ilgisi var?"},"content":{"rendered":"<p style=\"text-align: justify;\"><a href=\"http:\/\/www.korhanyilmaz.com\/wp-content\/uploads\/2009\/09\/ERGENEKON.jpg\"  class=\"lightview\"><img loading=\"lazy\" decoding=\"async\" class=\"aligncenter size-full wp-image-14105\" src=\"http:\/\/www.korhanyilmaz.com\/wp-content\/uploads\/2009\/09\/ERGENEKON.jpg\" alt=\"\" width=\"327\" height=\"175\" \/><\/a><\/p>\n<p style=\"text-align: justify;\">Gareth H. Jenkins 1989\u2019dan beri \u0130stanbul\u2019da ya\u015fayan bir gazeteci. \u00d6zellikle sivil-asker ili\u015fkileri, siyasal \u0130slam ve ter\u00f6rizm \u00fczerine ara\u015ft\u0131rmalar yapan Jenkins, bu y\u0131l\u0131n a\u011fustos ay\u0131nda yazd\u0131\u011f\u0131 Ger\u00e7ekle Fantezi Aras\u0131nda: T\u00fcrkiye\u2019nin Ergenekon Soru\u015fturmas\u0131 (Between Fact and Fantasy: Turkey\u2019s Ergenekon Investigation) makalesiyle tart\u0131\u015fma g\u00fcndemlerine oturmu\u015f durumda. Yaz\u0131n\u0131n ba\u015fl\u0131\u011f\u0131ndan da anla\u015f\u0131laca\u011f\u0131 \u00fczere Jenkins Ergenekon Soru\u015fturmas\u0131\u2019na mesafeli  duruyor, bu sebeple kimi AKP yanl\u0131s\u0131 bas\u0131n taraf\u0131ndan a\u015fa\u011f\u0131lan\u0131yor, hatta \u201cgazeteci\u201d olmamakla itham ediliyor. <!--more--><\/p>\n<p style=\"text-align: justify;\"><strong><em>\u00d6nce makalenin sonucundan ba\u015flayal\u0131m\u2026.<\/em><\/strong><\/p>\n<p style=\"text-align: justify;\">Jenkins, makalesinin sonu\u00e7 b\u00f6l\u00fcm\u00fcnde, genel hatlar\u0131yla d\u00fc\u015f\u00fcncelerini toparl\u0131yor ve okuyucuya sunuyor. Sonu\u00e7 b\u00f6l\u00fcm\u00fcne, 1000\u2019lerce sayfal\u0131k iddianamenin, halk\u0131 iddianameyi okumaktan al\u0131koymas\u0131 ger\u00e7e\u011fi  ve bu y\u00fczden, herkesin kendi \u00f6nceden varolan politik saikleriyle hareket etti\u011fini ve iddianameden ba\u011f\u0131ms\u0131z, politik g\u00f6r\u00fc\u015fleriyle soru\u015fturmaya bakmas\u0131 sorununa dikkat \u00e7ekerek ba\u015fl\u0131yor. Delil say\u0131s\u0131n\u0131n azl\u0131\u011f\u0131, polisin keyfili\u011fi, insanlar\u0131n neden tutuklu olduklar\u0131n\u0131 bilmeden uzun s\u00fcre tutuklu tutulmas\u0131 ve soru\u015fturman\u0131n politik g\u00fcd\u00fclerle ilerlemesi hissi gibi sorunlar\u0131 vurgulayan yazar,  bu soru\u015fturman\u0131n, T\u00fcrkiye\u2019nin ge\u00e7mi\u015finde bulunan ve hatalarla dolu soru\u015fturmalardan daha da hatal\u0131 oldu\u011funu; \u00e7\u00fcnk\u00fc hen\u00fcz Ergenekon isimli bir \u00f6rg\u00fct\u00fcn varl\u0131\u011f\u0131n\u0131n bile kan\u0131tlanmad\u0131\u011f\u0131n yaz\u0131yor.<\/p>\n<p style=\"text-align: justify;\">Jenkins, yaz\u0131s\u0131nda Derin Devlet kavram\u0131na da de\u011finiyor: \u201cDerin devlet daha ziyade dokunulamama k\u00fclt\u00fcr\u00fcd\u00fcr, iddianamede yaz\u0131lanlardaki gibi tek ve merkezden kontrol edilen hiyerar\u015fik bir yap\u0131 de\u011fil.\u201c Devam\u0131nda derin devletin 90\u2019lar\u0131n sonuna do\u011fru azald\u0131\u011f\u0131 g\u00f6r\u00fc\u015f\u00fcn\u00fc savunan Jenkins, yine de tekrar hortlasa bile, eskisi gibi k\u00fc\u00e7\u00fck \u00e7eteler arac\u0131l\u0131\u011f\u0131yla y\u00fcr\u00fct\u00fcl\u00fcr, bu tarz devasa \u00f6rg\u00fct arac\u0131l\u0131\u011f\u0131yla de\u011fil; \u00e7\u00fcnk\u00fc iddianamede \u00e7izilen \u00f6rg\u00fct son derece maliyetli ve i\u00e7ine s\u0131zmalara kar\u015f\u0131 da son derece korumas\u0131z diyor. Yaz\u0131ya g\u00f6re, \u00dcmraniye\u2019deki bombalar bile ge\u00e7mi\u015fte veya gelecekte herhangi illegal bir i\u015f i\u00e7in kullan\u0131lacak m\u0131 sorusu bile cevaplanmam\u0131\u015f, 100\u2019lerce sayfal\u0131k telefon dinlemeleri de Ergenekon\u2019un varl\u0131\u011f\u0131n\u0131 kan\u0131tlamam\u0131\u015f bulunuyor.  Bu sebeple makalenin 80. sayfas\u0131nda \u201cErgenekon organizasyonu,\u2026 bir komplo teorisyeninin hayal \u00fcr\u00fcn\u00fcd\u00fcr.\u201d diyor.<\/p>\n<p style=\"text-align: justify;\">Yaz\u0131n\u0131n devam\u0131nda soru\u015fturman\u0131n halk nezdinde yaratt\u0131\u011f\u0131 etkilerden bahsediliyor. AKP muhaliflerinin sanki Ergenekon taraf\u0131ndan manip\u00fcle edilmi\u015fler gibi yans\u0131t\u0131lmas\u0131, her ne kadar h\u00fck\u00fcmetten kimsenin soru\u015fturmayla organik ba\u011f\u0131 olmasa da Erdo\u011fan\u2019\u0131n soru\u015fturmay\u0131 desteklemesi ve kar\u015f\u0131 \u00e7\u0131kanlar\u0131 hukuka sayg\u0131s\u0131zl\u0131kla itham etmesi, polisin tutuklamalardaki keyfili\u011fi ve telefonda s\u00f6ylenen s\u00f6zler y\u00fcz\u00fcnden insanlar\u0131n tutuklanmas\u0131 orta s\u0131n\u0131f laik kesimde ciddi bir korku yarat\u0131yor.<\/p>\n<p style=\"text-align: justify;\">Yazar, son olarak, \u00dcmraniye\u2019de bulunan bombalar\u0131n ba\u011f\u0131ms\u0131z bir hak komisyonu olu\u015fturabilcek g\u00fcce sahip olmas\u0131na ra\u011fmen, k\u0131sa vadede g\u00f6z\u00fcken, T\u00fcrkiye\u2019nin sadece ge\u00e7mi\u015fiyle y\u00fczle\u015fmesi \u015fans\u0131n\u0131n ka\u00e7\u0131r\u0131lmas\u0131 de\u011fil; ayn\u0131 zamanda Ergenekon soru\u015fturmas\u0131n\u0131n gelecekle ilgili hukuk ve demokrasi a\u00e7\u0131s\u0131ndan kimi endi\u015feler de do\u011furdu\u011funu; \u00e7\u00fcnk\u00fc Silivri\u2019de bulunanlar\u0131n baz\u0131lar\u0131n\u0131n ger\u00e7ekten karanl\u0131k ge\u00e7mi\u015fleri olmas\u0131na ra\u011fmen, su\u00e7suz insanlar\u0131n da oraya koyulmas\u0131 Ergenekon soru\u015fturmas\u0131ndan \u00e7\u0131kacak karar\u0131n, muhtemelen haks\u0131z bir karar olaca\u011f\u0131n\u0131(\u201c\u2026it is unlikely any of the accused\u2026will receive justice\u201d, s.83) s\u00f6yl\u00fcyor.<\/p>\n<p style=\"text-align: justify;\">Jenkins\u2019in yazd\u0131\u011f\u0131 makaledeki temel d\u00fc\u015f\u00fcncesi Ergenekon Soru\u015fturmas\u0131 ile AKP\u2019nin bir ili\u015fki halindeymi\u015f gibi g\u00f6z\u00fckmesi. Bu konuda yasal olarak bir \u015feyler s\u00f6ylememiz m\u00fcmk\u00fcn de\u011fil. Yine de Canan Ar\u0131tman\u2019\u0131n H\u00fcseyin \u00c7elik\u2019e sordu\u011fu 1 numara sorusu, H\u00fcseyin \u00c7elik\u2019in telefon dinlemelerinin kay\u0131tlar\u0131n\u0131 nereden bildi\u011fi sorusu ge\u00e7erlili\u011fini koruyor.<\/p>\n<p style=\"text-align: justify;\"><span style=\"color: #888888;\">Doruk Cengiz &#8211; Odatv.com<\/span><\/p>\n","protected":false},"excerpt":{"rendered":"<p style=\"text-align: justify;\">\n<p style=\"text-align: justify;\">Gareth H. Jenkins 1989\u2019dan beri \u0130stanbul\u2019da ya\u015fayan bir gazeteci. \u00d6zellikle sivil-asker ili\u015fkileri, siyasal \u0130slam ve ter\u00f6rizm \u00fczerine ara\u015ft\u0131rmalar yapan Jenkins, bu y\u0131l\u0131n a\u011fustos ay\u0131nda yazd\u0131\u011f\u0131 Ger\u00e7ekle Fantezi Aras\u0131nda: T\u00fcrkiye\u2019nin Ergenekon Soru\u015fturmas\u0131 (Between Fact and Fantasy: Turkey\u2019s Ergenekon Investigation) makalesiyle tart\u0131\u015fma g\u00fcndemlerine oturmu\u015f durumda. Yaz\u0131n\u0131n ba\u015fl\u0131\u011f\u0131ndan da anla\u015f\u0131laca\u011f\u0131 \u00fczere Jenkins Ergenekon <\/p>\n","protected":false},"author":1,"featured_media":0,"comment_status":"open","ping_status":"closed","sticky":false,"template":"","format":"standard","meta":{"footnotes":""},"categories":[105],"tags":[],"class_list":["post-14104","post","type-post","status-publish","format-standard","hentry","category-gundem","odd"],"_links":{"self":[{"href":"http:\/\/www.korhanyilmaz.com\/index.php?rest_route=\/wp\/v2\/posts\/14104","targetHints":{"allow":["GET"]}}],"collection":[{"href":"http:\/\/www.korhanyilmaz.com\/index.php?rest_route=\/wp\/v2\/posts"}],"about":[{"href":"http:\/\/www.korhanyilmaz.com\/index.php?rest_route=\/wp\/v2\/types\/post"}],"author":[{"embeddable":true,"href":"http:\/\/www.korhanyilmaz.com\/index.php?rest_route=\/wp\/v2\/users\/1"}],"replies":[{"embeddable":true,"href":"http:\/\/www.korhanyilmaz.com\/index.php?rest_route=%2Fwp%2Fv2%2Fcomments&post=14104"}],"version-history":[{"count":0,"href":"http:\/\/www.korhanyilmaz.com\/index.php?rest_route=\/wp\/v2\/posts\/14104\/revisions"}],"wp:attachment":[{"href":"http:\/\/www.korhanyilmaz.com\/index.php?rest_route=%2Fwp%2Fv2%2Fmedia&parent=14104"}],"wp:term":[{"taxonomy":"category","embeddable":true,"href":"http:\/\/www.korhanyilmaz.com\/index.php?rest_route=%2Fwp%2Fv2%2Fcategories&post=14104"},{"taxonomy":"post_tag","embeddable":true,"href":"http:\/\/www.korhanyilmaz.com\/index.php?rest_route=%2Fwp%2Fv2%2Ftags&post=14104"}],"curies":[{"name":"wp","href":"https:\/\/api.w.org\/{rel}","templated":true}]}}