{"id":14091,"date":"2009-08-31T00:12:59","date_gmt":"2009-08-30T21:12:59","guid":{"rendered":"http:\/\/www.korhanyilmaz.com\/?p=14091"},"modified":"2009-08-31T00:12:59","modified_gmt":"2009-08-30T21:12:59","slug":"hainler-dun-de-basaramadi-bugun-de-basaramayacak","status":"publish","type":"post","link":"http:\/\/www.korhanyilmaz.com\/?p=14091","title":{"rendered":"Hainler d\u00fcn de ba\u015faramad\u0131 bug\u00fcn de ba\u015faramayacak"},"content":{"rendered":"<p style=\"text-align: center;\"><a href=\"http:\/\/www.korhanyilmaz.com\/wp-content\/uploads\/2009\/09\/2009-09-01_001245.jpg\"  class=\"lightview\"><img loading=\"lazy\" decoding=\"async\" class=\"aligncenter size-full wp-image-14092\" src=\"http:\/\/www.korhanyilmaz.com\/wp-content\/uploads\/2009\/09\/2009-09-01_001245.jpg\" alt=\"\" width=\"445\" height=\"221\" \/><\/a><\/p>\n<p style=\"text-align: justify;\">MHP Genel Ba\u015fkan\u0131 Devlet Bah\u00e7eli, \u201cD\u00fcn topraklar\u0131m\u0131z\u0131 parselleyerek, T\u00fcrk milletini yok etmek isteyenlerin emelleriyle, bug\u00fcn milletimizin birli\u011fini, karde\u015fli\u011fini bozmaya u\u011fra\u015fanlar\u0131n ama\u00e7lar\u0131 \u00fcst \u00fcste \u00f6rt\u00fc\u015fse de tarihin \u015fahitli\u011finde bu hain giri\u015fimlerden asla sonu\u00e7 al\u0131namayaca\u011f\u0131 iyi bilinmelidir\u201d dedi. Bah\u00e7eli, 30 A\u011fustos Zafer Bayram\u0131 dolay\u0131s\u0131yla yay\u0131mlad\u0131\u011f\u0131 msajda, s\u00f6zde a\u00e7\u0131l\u0131ma g\u00f6nderme yaparak, \u015funlar\u0131 s\u00f6yledi: \u201cUnutulmamal\u0131d\u0131r ki, T\u00fcrk milleti tarihin hi\u00e7bir d\u00f6neminde etnik z\u00fcmrelerden kurulu bir topluluk, yaln\u0131zca boy ve soy bak\u0131m\u0131ndan da birbirine ba\u011fl\u0131 olan bir kavim olmam\u0131\u015f, yapay ve zorlama ya da tesad\u00fcfen bir araya gelmi\u015f insan y\u0131\u011f\u0131n\u0131 olarak tan\u0131mlanmam\u0131\u015ft\u0131r. T\u00fcrk milletini bu yakla\u015f\u0131m\u0131n hilaf\u0131na g\u00f6sterme ve anlamland\u0131rma \u00e7abalar\u0131, beyhude gayretler olarak akim (sonu\u00e7suz, ba\u015far\u0131s\u0131z) kalmaya her zaman mahkum olacakt\u0131r.\u201d <!--more--><\/p>\n<p style=\"text-align: justify;\"><em><strong>Muhte\u015fem bir m\u00fccadele<\/strong><\/em><\/p>\n<p style=\"text-align: justify;\">Mesaj\u0131nda \u201cT\u00fcrk milletinin, son anayurdunda ya\u015famas\u0131na tahamm\u00fcl edemeyen mihraklara kar\u015f\u0131, 87 y\u0131l \u00f6nce Kocatepe\u2019den ba\u015flatt\u0131\u011f\u0131 muazzam taarruzun y\u0131l d\u00f6n\u00fcm\u00fcn\u00fc iftiharla kutluyoruz\u201d diyen Bah\u00e7eli, B\u00fcy\u00fck Taarruz\u2019u, \u201c\u00fczerine kin, entrika ve ate\u015fle gelen d\u0131\u015f d\u00fc\u015fmanlarla birlikte, i\u00e7erideki hainlere ve gafillere kar\u015f\u0131 vatan\u0131n\u0131 m\u00fcdafaa eden b\u00fcy\u00fck milletin tarihe mal olan muhte\u015fem bir m\u00fccadelesi\u201d olarak tan\u0131mlad\u0131. Bah\u00e7eli, Kocatepe, \u00c7i\u011filtepe, T\u0131naztepe ve Belentepe\u2019de yanan ba\u011f\u0131ms\u0131zl\u0131k me\u015falesinin Dumlup\u0131nar\u2019da k\u00f6r\u00fcklendi\u011fini, Ege\u2019ye kadar t\u00fcm yolu ayd\u0131nlatt\u0131\u011f\u0131n\u0131, T\u00fcrk\u2019\u00fcn inanc\u0131, kararl\u0131l\u0131\u011f\u0131 ve azmi kar\u015f\u0131s\u0131nda \u00e7elik ve demirin \u00e7aresiz kald\u0131\u011f\u0131n\u0131 belirtti. \u201cBu tarihe kadar yakla\u015f\u0131k 200 y\u0131l geri \u00e7ekilen T\u00fcrk milleti, B\u00fcy\u00fck Taarruz ile birlikte esareti ve yabanc\u0131 postallar\u0131 asla kabullenmeyece\u011fini t\u00fcm d\u00fcnyaya ispat ve ilan etmi\u015ftir\u201d diyen Bah\u00e7eli, milletin maddi ve manevi haklar\u0131n\u0131 ayaklar alt\u0131na almaya u\u011fra\u015fanlar\u0131n yan\u0131nda, yabanc\u0131 g\u00fc\u00e7lerin s\u0131rf l\u00fctuflar\u0131n\u0131 kazanmak i\u00e7in milli de\u011ferleri feda etmeye haz\u0131r olanlar\u0131n da gerekli dersleri ziyadesiyle ald\u0131\u011f\u0131n\u0131 ifade etti.<\/p>\n<p style=\"text-align: justify;\"><em><strong>Ba\u011f\u0131ms\u0131zl\u0131k vurgusu<\/strong><\/em><\/p>\n<p style=\"text-align: justify;\">\u201c\u015eehit olma pahas\u0131na esaret prangalar\u0131n\u0131 par\u00e7alayarak, gelecek nesillerin h\u00fcr ve ba\u011f\u0131ms\u0131z ya\u015famas\u0131n\u0131 sa\u011flayan ecdad\u0131n fedakarl\u0131klar\u0131n\u0131n, hi\u00e7bir d\u00fcnyevi nimetle k\u0131yaslanmayacak kadar \u00f6nemli ve de\u011ferli\u201d oldu\u011funa i\u015faret eden Bah\u00e7eli, \u015funlar\u0131 kaydetti: \u201cAs\u0131rlard\u0131r verilen m\u00fccadeleler sonucunda kazan\u0131lm\u0131\u015f olan kutlu vatan topraklar\u0131 \u00fczerinde ba\u011f\u0131ms\u0131z ve onurlu bir \u015fekilde var olabilmek i\u00e7in g\u00f6sterilen \u00fcst\u00fcn \u00e7aba, bug\u00fcn bizim yolumuzu ayd\u0131nlatan en \u00f6nemli manevi kaynaklar\u0131m\u0131z aras\u0131ndad\u0131r. \u0130\u00e7inde bulundu\u011fumuz d\u00f6nemde, kendi tarih ve kahramanlar\u0131na yabanc\u0131la\u015fan,ge\u00e7mi\u015fin gurur ve destans\u0131 hat\u0131ralar\u0131ndan gerekli dersleri \u00e7\u0131karmada aciz olanlar\u0131n varl\u0131\u011f\u0131 milletimizin heyecan\u0131ndan, \u00e7a\u011flar\u0131 a\u015fan kudretinden hi\u00e7bir \u015fey kaybettirmeyecektir. D\u00fcn topraklar\u0131m\u0131z\u0131 parselleyerek, T\u00fcrk milletini yok etmek isteyenlerin emelleriyle, bug\u00fcn milletimizin birli\u011fini, karde\u015fli\u011fini bozmaya u\u011fra\u015fanlar\u0131n ama\u00e7lar\u0131 \u00fcst \u00fcste \u00f6rt\u00fc\u015fse de tarihin \u015fahitli\u011finde bu hain giri\u015fimlerden asla sonu\u00e7 al\u0131namayaca\u011f\u0131 \u00e7ok iyi bilinmelidir.\u201d<\/p>\n<p style=\"text-align: justify;\">Bah\u00e7eli, \u201cT\u00fcrk milletinin kar\u015f\u0131la\u015ft\u0131\u011f\u0131 zorluklar, ihanetler  ve k\u0131y\u0131m giri\u015fimleri, hi\u00e7bir zaman birlikte ya\u015fama idealine zarar verememi\u015ftir\u201d dedi.<\/p>\n","protected":false},"excerpt":{"rendered":"<p style=\"text-align: center;\">\n<p style=\"text-align: justify;\">MHP Genel Ba\u015fkan\u0131 Devlet Bah\u00e7eli, \u201cD\u00fcn topraklar\u0131m\u0131z\u0131 parselleyerek, T\u00fcrk milletini yok etmek isteyenlerin emelleriyle, bug\u00fcn milletimizin birli\u011fini, karde\u015fli\u011fini bozmaya u\u011fra\u015fanlar\u0131n ama\u00e7lar\u0131 \u00fcst \u00fcste \u00f6rt\u00fc\u015fse de tarihin \u015fahitli\u011finde bu hain giri\u015fimlerden asla sonu\u00e7 al\u0131namayaca\u011f\u0131 iyi bilinmelidir\u201d dedi. Bah\u00e7eli, 30 A\u011fustos Zafer Bayram\u0131 dolay\u0131s\u0131yla yay\u0131mlad\u0131\u011f\u0131 msajda, s\u00f6zde a\u00e7\u0131l\u0131ma g\u00f6nderme yaparak, \u015funlar\u0131 s\u00f6yledi: <\/p>\n","protected":false},"author":1,"featured_media":0,"comment_status":"open","ping_status":"closed","sticky":false,"template":"","format":"standard","meta":{"footnotes":""},"categories":[105],"tags":[],"class_list":["post-14091","post","type-post","status-publish","format-standard","hentry","category-gundem","odd"],"_links":{"self":[{"href":"http:\/\/www.korhanyilmaz.com\/index.php?rest_route=\/wp\/v2\/posts\/14091","targetHints":{"allow":["GET"]}}],"collection":[{"href":"http:\/\/www.korhanyilmaz.com\/index.php?rest_route=\/wp\/v2\/posts"}],"about":[{"href":"http:\/\/www.korhanyilmaz.com\/index.php?rest_route=\/wp\/v2\/types\/post"}],"author":[{"embeddable":true,"href":"http:\/\/www.korhanyilmaz.com\/index.php?rest_route=\/wp\/v2\/users\/1"}],"replies":[{"embeddable":true,"href":"http:\/\/www.korhanyilmaz.com\/index.php?rest_route=%2Fwp%2Fv2%2Fcomments&post=14091"}],"version-history":[{"count":0,"href":"http:\/\/www.korhanyilmaz.com\/index.php?rest_route=\/wp\/v2\/posts\/14091\/revisions"}],"wp:attachment":[{"href":"http:\/\/www.korhanyilmaz.com\/index.php?rest_route=%2Fwp%2Fv2%2Fmedia&parent=14091"}],"wp:term":[{"taxonomy":"category","embeddable":true,"href":"http:\/\/www.korhanyilmaz.com\/index.php?rest_route=%2Fwp%2Fv2%2Fcategories&post=14091"},{"taxonomy":"post_tag","embeddable":true,"href":"http:\/\/www.korhanyilmaz.com\/index.php?rest_route=%2Fwp%2Fv2%2Ftags&post=14091"}],"curies":[{"name":"wp","href":"https:\/\/api.w.org\/{rel}","templated":true}]}}