{"id":14087,"date":"2009-08-31T23:49:18","date_gmt":"2009-08-31T20:49:18","guid":{"rendered":"http:\/\/www.korhanyilmaz.com\/?p=14087"},"modified":"2009-08-31T23:49:18","modified_gmt":"2009-08-31T20:49:18","slug":"cevir-kazi-yanmasin","status":"publish","type":"post","link":"http:\/\/www.korhanyilmaz.com\/?p=14087","title":{"rendered":"\u00c7evir Kaz\u0131 Yanmas\u0131n&#8230;"},"content":{"rendered":"<p style=\"text-align: justify;\"><a href=\"http:\/\/www.korhanyilmaz.com\/wp-content\/uploads\/2009\/09\/2009-09-01_000246.jpg\"  class=\"lightview\"><img loading=\"lazy\" decoding=\"async\" class=\"aligncenter size-full wp-image-14088\" src=\"http:\/\/www.korhanyilmaz.com\/wp-content\/uploads\/2009\/09\/2009-09-01_000246.jpg\" alt=\"\" width=\"445\" height=\"219\" \/><\/a><\/p>\n<p style=\"text-align: justify;\">BA\u015eBAKAN Yard\u0131mc\u0131s\u0131 B\u00fclent Ar\u0131n\u00e7\u2019\u0131n \u2018a\u00e7\u0131l\u0131m\u2019 konusunda tak\u0131nd\u0131\u011f\u0131 tutum, \u201cSiyaset, sen nelere kadirsin!\u201d dedirtti. Ar\u0131n\u00e7, 9 y\u0131l \u00f6nce idam\u0131 kald\u0131ran h\u00fck\u00fcmete \u015f\u00f6yle seslenmi\u015fti:<\/p>\n<p style=\"text-align: justify;\"><strong><em>V\u0131c\u0131k v\u0131c\u0131k istismar&#8230;<\/em><\/strong><\/p>\n<p style=\"text-align: justify;\">\u201cH\u00dcK\u00dcMET\u0130N \u00d6calan konusundaki tavr\u0131 omurgas\u0131z&#8230; Olay, v\u0131c\u0131k v\u0131c\u0131k istismar. Bu, h\u00fck\u00fcmetin ter\u00f6r \u00f6rg\u00fct\u00fcyle pazarl\u0131k yapt\u0131\u011f\u0131n\u0131n g\u00f6stergesi. Devlet ter\u00f6rle pazarl\u0131k yapmaz, siyasi \u00e7\u00f6z\u00fcm ne demek!\u201d <!--more--><\/p>\n<p style=\"text-align: justify;\"><em><strong>B\u00fclent Ar\u0131n\u00e7\u2019tan U d\u00f6n\u00fc\u015f\u00fc!<\/strong><\/em><\/p>\n<p style=\"text-align: justify;\">Sivri \u00e7\u0131k\u0131\u015flar\u0131yla tan\u0131nan Ba\u015fbakan Yard\u0131mc\u0131s\u0131 B\u00fclent Ar\u0131n\u00e7\u2019\u0131n \u2019a\u00e7\u0131l\u0131m\u2019 konusunda tak\u0131nd\u0131\u011f\u0131 tav\u0131r \u015fa\u015f\u0131rtt\u0131. D\u00fcn, \u201cDevlet ter\u00f6ristle pazarl\u0131\u011fa oturmaz\u201d diyen Ar\u0131n\u00e7, bug\u00fcn DTP katk\u0131s\u0131n\u0131 \u00f6vd\u00fc.<\/p>\n<p style=\"text-align: justify;\">Ba\u015fbakan Yard\u0131mc\u0131s\u0131 B\u00fclent Ar\u0131n\u00e7\u2019\u0131n, \u2019a\u00e7\u0131l\u0131m\u2019konusunda tak\u0131nd\u0131\u011f\u0131 tutum, \u201cSiyaset, sen nelere kadirsin!\u201d dedirtti. 9 y\u0131l \u00f6nce \u201cdevlet ter\u00f6ristlerle pazarl\u0131\u011f\u0131 oturmaz\u201d diyen Ar\u0131n\u00e7, bug\u00fcn ise s\u00fcrece katk\u0131 sa\u011flayan DTP ile 9 y\u0131l \u00f6nce ter\u00f6ristba\u015f\u0131 Abdullah \u00d6calan\u2019\u0131n idam\u0131n\u0131n kald\u0131r\u0131lmas\u0131nda \u201cyerden yere vurdu\u011fu\u201d MHP Genel Ba\u015fkan\u0131 Devlet Bah\u00e7eli\u2019yi \u00f6vd\u00fc. \u0130dam\u0131n kald\u0131r\u0131lmas\u0131nda imzas\u0131 bulunan MHP ve DSP\u2019yi \u201comurgas\u0131z siyaset yapmakla\u201d ve \u201cPKK ile siyasi \u00e7\u00f6z\u00fcm i\u00e7in masaya oturmakla\u201d ele\u015ftiren Ar\u0131n\u00e7, gazetelerin Ankara temsilcileriyle yapt\u0131\u011f\u0131 s\u00f6yle\u015fide, \u201cBah\u00e7eli kar\u015f\u0131 olmas\u0131na ra\u011fmen h\u00fck\u00fcmette mutab\u0131k oldu. Bah\u00e7eli i\u00e7in zehirli su i\u00e7mek gibi bir \u015feydi. \u0130dam kald\u0131r\u0131ld\u0131. Ben Bah\u00e7eli\u2019den ve partisinden katk\u0131 bekliyorum\u201d diyerek, Bah\u00e7eli\u2019nin o g\u00fcnk\u00fc tutumuna daha pozitif yakla\u015ft\u0131.<\/p>\n<p style=\"text-align: justify;\"><strong><em>Omurgas\u0131z, ilkesiz<\/em><\/strong><\/p>\n<p style=\"text-align: justify;\">Oysa, DSP-MHP-ANAP Koalisyon H\u00fck\u00fcmeti genel ba\u015fkanlar\u0131n\u0131n 13 Ocak 2000 tarihinde yapt\u0131klar\u0131 uzun toplant\u0131dan sonra \u00d6calan\u2019\u0131n idam cezas\u0131n\u0131n kald\u0131r\u0131lmas\u0131n\u0131 kapat\u0131lan Fazilet Partisi h\u00fck\u00fcmeti a\u011f\u0131r dille ele\u015ftirmi\u015fti. FP\u2019nin grup ba\u015fkanvekili B\u00fclent Ar\u0131n\u00e7, idam karar\u0131n\u0131n kald\u0131r\u0131lmas\u0131 konusunda sert a\u00e7\u0131klamalar\u0131yla dikkat \u00e7ekmi\u015fti. Ar\u0131n\u00e7, parlamentoda d\u00fczenledi\u011fi bas\u0131n toplant\u0131s\u0131nda, \u201cliderler zirvesinden \u00e7\u0131kan bildiri ile h\u00fck\u00fcmetin, y\u0131llard\u0131r masaya oturmaktan ka\u00e7\u0131nd\u0131\u011f\u0131 PKK ile pazarl\u0131k yapma noktas\u0131na geldi\u011fini\u201d belirtmi\u015f, h\u00fck\u00fcmeti \u00d6calan konusundaki tavr\u0131 nedeniyle, \u201comurgas\u0131z, ilkesiz\u201d olmakla su\u00e7lay\u0131p, olay\u0131 \u201cv\u0131c\u0131k v\u0131c\u0131k istismar\u201d diye tan\u0131mlam\u0131\u015ft\u0131.<\/p>\n<p style=\"text-align: justify;\"><strong><em>4 sat\u0131rl\u0131k bildiri<\/em><\/strong><\/p>\n<p style=\"text-align: justify;\">Ar\u0131n\u00e7\u2019\u0131n, o d\u00f6nemdeki, \u201cBu, h\u00fck\u00fcmetin ter\u00f6r \u00f6rg\u00fct\u00fcyle pazarl\u0131k yapt\u0131\u011f\u0131n\u0131n bir g\u00f6stergesidir. Devlet ter\u00f6rle m\u00fccadele ederken pazarl\u0131k yapmaz, masaya oturmaz, siyasi \u00e7\u00f6z\u00fcm ne demek\u201d s\u00f6zleri kay\u0131tlara ge\u00e7mi\u015fti. Liderler zirvesi ile Meclis\u2019in devre d\u0131\u015f\u0131 b\u0131rak\u0131ld\u0131\u011f\u0131n\u0131 savunan Ar\u0131n\u00e7, \u201cNe kadar muhte\u015fem bir zirve oldu\u011funu g\u00f6stermek i\u00e7in Mesut Y\u0131lmaz\u2019\u0131n 7.5 saat tuvalete bile gitmedi\u011fini s\u00f6yl\u00fcyorlar. Bu kadar \u00e7irkin, bu kadar baya\u011f\u0131, g\u00fcl\u00fcn\u00e7. Sonunda 4 sat\u0131rl\u0131k bildiri \u00e7\u0131kt\u0131. \u0130stihbarat raporlar\u0131 gazete sayfalar\u0131nda tefrika ediliyor ama siyasi partilerin haberi yok Meclis devre d\u0131\u015f\u0131 b\u0131rak\u0131lm\u0131\u015f?\u201d demi\u015fti.<\/p>\n<p style=\"text-align: justify;\"><strong><em>B\u00fcy\u00fck bir ihanet<\/em><\/strong><\/p>\n<p style=\"text-align: justify;\">DSP ve MHP\u2019yi ele\u015ftiren Ar\u0131n\u00e7, \u201cBir b\u00fcy\u00fck ihanet ve b\u00fcy\u00fck bir d\u00f6n\u00fc\u015f de ya\u015f\u0131yoruz. Tam 180 derecelik bir d\u00f6n\u00fc\u015f, bu kadar ilkesizlik bu kadar v\u0131c\u0131k v\u0131c\u0131k istismar T\u00fcrk milletine b\u00fcy\u00fck bir hakarettir. Bu hakareti T\u00fcrk milleti haketmedi\u201d diye konu\u015fmu\u015ftu.<\/p>\n<p style=\"text-align: justify;\">\u0130dam\u0131n kald\u0131r\u0131lmas\u0131na kar\u015f\u0131 \u00e7\u0131kan Ba\u015fbakan Yard\u0131mc\u0131s\u0131 B\u00fclent Ar\u0131n\u00e7, o d\u00f6nemde sessiz kalan TSK ve MGK\u2019y\u0131 da sert bir dille ele\u015ftirmi\u015fti.<\/p>\n<p style=\"text-align: justify;\"><span style=\"color: #888888;\">Kaynak : yenicaggazetesi.com.tr<\/span><\/p>\n","protected":false},"excerpt":{"rendered":"<p style=\"text-align: justify;\">\n<p style=\"text-align: justify;\">BA\u015eBAKAN Yard\u0131mc\u0131s\u0131 B\u00fclent Ar\u0131n\u00e7\u2019\u0131n \u2018a\u00e7\u0131l\u0131m\u2019 konusunda tak\u0131nd\u0131\u011f\u0131 tutum, \u201cSiyaset, sen nelere kadirsin!\u201d dedirtti. Ar\u0131n\u00e7, 9 y\u0131l \u00f6nce idam\u0131 kald\u0131ran h\u00fck\u00fcmete \u015f\u00f6yle seslenmi\u015fti:<\/p>\n<p style=\"text-align: justify;\">V\u0131c\u0131k v\u0131c\u0131k istismar&#8230;<\/p>\n<p style=\"text-align: justify;\">\u201cH\u00dcK\u00dcMET\u0130N \u00d6calan konusundaki tavr\u0131 omurgas\u0131z&#8230; Olay, v\u0131c\u0131k v\u0131c\u0131k istismar. Bu, h\u00fck\u00fcmetin ter\u00f6r \u00f6rg\u00fct\u00fcyle pazarl\u0131k yapt\u0131\u011f\u0131n\u0131n g\u00f6stergesi. Devlet ter\u00f6rle pazarl\u0131k yapmaz, siyasi <\/p>\n","protected":false},"author":1,"featured_media":0,"comment_status":"open","ping_status":"closed","sticky":false,"template":"","format":"standard","meta":{"footnotes":""},"categories":[105],"tags":[],"class_list":["post-14087","post","type-post","status-publish","format-standard","hentry","category-gundem","odd"],"_links":{"self":[{"href":"http:\/\/www.korhanyilmaz.com\/index.php?rest_route=\/wp\/v2\/posts\/14087","targetHints":{"allow":["GET"]}}],"collection":[{"href":"http:\/\/www.korhanyilmaz.com\/index.php?rest_route=\/wp\/v2\/posts"}],"about":[{"href":"http:\/\/www.korhanyilmaz.com\/index.php?rest_route=\/wp\/v2\/types\/post"}],"author":[{"embeddable":true,"href":"http:\/\/www.korhanyilmaz.com\/index.php?rest_route=\/wp\/v2\/users\/1"}],"replies":[{"embeddable":true,"href":"http:\/\/www.korhanyilmaz.com\/index.php?rest_route=%2Fwp%2Fv2%2Fcomments&post=14087"}],"version-history":[{"count":0,"href":"http:\/\/www.korhanyilmaz.com\/index.php?rest_route=\/wp\/v2\/posts\/14087\/revisions"}],"wp:attachment":[{"href":"http:\/\/www.korhanyilmaz.com\/index.php?rest_route=%2Fwp%2Fv2%2Fmedia&parent=14087"}],"wp:term":[{"taxonomy":"category","embeddable":true,"href":"http:\/\/www.korhanyilmaz.com\/index.php?rest_route=%2Fwp%2Fv2%2Fcategories&post=14087"},{"taxonomy":"post_tag","embeddable":true,"href":"http:\/\/www.korhanyilmaz.com\/index.php?rest_route=%2Fwp%2Fv2%2Ftags&post=14087"}],"curies":[{"name":"wp","href":"https:\/\/api.w.org\/{rel}","templated":true}]}}