{"id":14083,"date":"2009-08-31T23:48:04","date_gmt":"2009-08-31T20:48:04","guid":{"rendered":"http:\/\/www.korhanyilmaz.com\/?p=14083"},"modified":"2009-08-31T23:48:04","modified_gmt":"2009-08-31T20:48:04","slug":"iste-akp%e2%80%99yi-cukura-dusuren-gercek","status":"publish","type":"post","link":"http:\/\/www.korhanyilmaz.com\/?p=14083","title":{"rendered":"\u0130\u015fte AKP\u2019yi \u00c7ukura D\u00fc\u015f\u00fcren Ger\u00e7ek!"},"content":{"rendered":"<p style=\"text-align: center;\"><a href=\"http:\/\/www.korhanyilmaz.com\/wp-content\/uploads\/2009\/08\/2009-08-31_235321.jpg\"  class=\"lightview\"><img loading=\"lazy\" decoding=\"async\" class=\"aligncenter size-full wp-image-14084\" src=\"http:\/\/www.korhanyilmaz.com\/wp-content\/uploads\/2009\/08\/2009-08-31_235321.jpg\" alt=\"\" width=\"449\" height=\"215\" \/><\/a><\/p>\n<p style=\"text-align: justify;\">BA\u015eBAKAN Tayyip Erdo\u011fan\u2019\u0131n \u201cABD projesi oldu\u011funu ispatlayamayan al\u00e7akt\u0131r\u201d, Ba\u015fbakan Yard\u0131mc\u0131s\u0131 Ar\u0131n\u00e7\u2019\u0131n \u201cABD yazm\u0131\u015f, AKP uyguluyor demek, geri zekal\u0131 i\u015fi\u201d diyerek hararetle savundu\u011fu proje, bir AB dayatmas\u0131. \u0130\u015fte \u2018a\u00e7\u0131l\u0131m\u2019\u0131n kronolojisi:<\/p>\n<p style=\"text-align: justify;\"><strong><em>1999 AB \u0130lerleme Raporu:<\/em><\/strong><\/p>\n<p style=\"text-align: justify;\">N\u00fcfusun b\u00fcy\u00fck \u00f6l\u00e7\u00fcde K\u00fcrt k\u00f6kenli oldu\u011fu G\u00fcneydo\u011fu\u2019da k\u00fclt\u00fcrel haklar engellenmemeli.<\/p>\n<p style=\"text-align: justify;\"><strong><em>2000 AB \u0130lerleme Raporu:<\/em><\/strong><\/p>\n<p style=\"text-align: justify;\">Bireylerin \u00e7ocuklar\u0131na, (K\u00fcrt\u00e7e dahil) se\u00e7ti\u011fi ad\u0131 verme \u00f6zg\u00fcrl\u00fc\u011f\u00fcn\u00fc teyit eden karar olumlu. <!--more--><\/p>\n<p style=\"text-align: justify;\"><em><strong>2001 AB \u0130lerleme Raporu:<\/strong><\/em><\/p>\n<p style=\"text-align: justify;\">T\u00fcrk\u00e7e d\u0131\u015f\u0131 dillerde ileti\u015fim kurma hakk\u0131na m\u00fcdahale etmeyin, mevcut mevzuat\u0131 de\u011fi\u015ftirin.<\/p>\n<p style=\"text-align: justify;\"><strong><em>2002 AB \u0130lerleme Raporu:<\/em><\/strong><\/p>\n<p style=\"text-align: justify;\">Anayasa\u2019n\u0131n, resmi dilin T\u00fcrk\u00e7e oldu\u011funu d\u00fczenleyen 42. maddesinde de\u011fi\u015fiklik yap\u0131n.<\/p>\n<p style=\"text-align: justify;\"><strong><em>2004 AB \u0130lerleme Raporu:<\/em><\/strong><\/p>\n<p style=\"text-align: justify;\">\u00d6zellikle az\u0131nl\u0131k dillerinde yay\u0131n ve \u00f6\u011frenim alan\u0131nda hala b\u00fcy\u00fck k\u0131s\u0131tlamalar mevcuttur.<\/p>\n<p style=\"text-align: justify;\"><strong><em>2005 AB \u0130lerleme Raporu:<\/em><\/strong><\/p>\n<p style=\"text-align: justify;\">K\u00fcrt\u00e7e dahil T\u00fcrk\u00e7e d\u0131\u015f\u0131 dillerde yay\u0131n var ancak devam eden baz\u0131 k\u0131s\u0131tlamalara son verilmeli.<\/p>\n<p style=\"text-align: justify;\"><strong><em>2006 AB \u0130lerleme Raporu:<\/em><\/strong><\/p>\n<p style=\"text-align: justify;\">T\u00fcrk\u00e7e bilmeyen ki\u015filerin kamu hizmetlerine eri\u015fimini kolayla\u015ft\u0131rmak i\u00e7in \u00f6nlem al\u0131n.<\/p>\n<p style=\"text-align: justify;\"><strong><em>2007 AB \u0130lerleme Raporu:<\/em><\/strong><\/p>\n<p style=\"text-align: justify;\">Anadili T\u00fcrk\u00e7e olmayan \u00e7ocuklara da e\u011fitim verin, siyasi hayatta T\u00fcrk\u00e7e zorunlulu\u011funu kald\u0131r\u0131n.<\/p>\n<p style=\"text-align: justify;\"><strong><em>2008 AB \u0130lerleme Raporu:<\/em><\/strong><\/p>\n<p style=\"text-align: justify;\">Halen kamu veya \u00f6zel e\u011fitim sisteminde K\u00fcrt\u00e7e \u00f6\u011frenme imkan\u0131 bulunmuyor, bu sorunu \u00e7\u00f6z\u00fcn.<\/p>\n<p style=\"text-align: justify;\"><strong><em>Bu projenin neresi milli!..<\/em><\/strong><\/p>\n<p style=\"text-align: justify;\">*\u0130ktidar, k\u00fcf\u00fcrlerle, hakaretlerle K\u00fcrt a\u00e7\u0131l\u0131m\u0131n\u0131n Amerika  ve Avrupa Birli\u011fi\u2019nin dayatmas\u0131 olmad\u0131\u011f\u0131n\u0131 kendi projeleri oldu\u011funu savunuyor.<\/p>\n<p style=\"text-align: justify;\">* Ancak, AKP\u2019lilerin \u00e7\u00f6z\u00fcm olarak \u00f6ne s\u00fcrd\u00fc\u011f\u00fc, K\u00fcrt\u00e7e e\u011fitim, K\u00fcrt\u00e7e isim, K\u00fcrt\u00e7e kamu hizmeti gibi \u00f6neriler b\u00fct\u00fcn AB raporlar\u0131nda yer al\u0131yor.<\/p>\n<p style=\"text-align: justify;\">Ankara yeni bir haftaya daha s\u00f6zde K\u00fcrt sorunu a\u00e7\u0131l\u0131m\u0131 tart\u0131\u015fmalar\u0131yla ba\u015flad\u0131. Muhalefet partileri d\u00fcn de yapt\u0131klar\u0131 a\u00e7\u0131klamalarla a\u00e7\u0131l\u0131m\u0131n AB dayatmas\u0131 oldu\u011fu yorumunu yineledi. A\u00e7\u0131l\u0131m ad\u0131na sarfedilen s\u00f6zlerin AB\u2019nin talepleri ile paralelli\u011fine dikkat \u00e7eken muhalefet temsilcileri, \u201cAKP iktidar\u0131, bug\u00fcn a\u00e7\u0131l\u0131m ad\u0131 alt\u0131nda y\u00fcr\u00fct\u00fclen talepleri AB\u2019ye uyum s\u00fcrecinde, zamana yayarak zaten yerine getirecekti. Ancak Irak\u2019tan acilen \u00e7ekilme planlar\u0131 yapan ABD\u2019nin istekleri do\u011frultusunda \u00f6ne almak zorunda kald\u0131. \u015eimdi ise panik havas\u0131nda kap\u0131 kap\u0131 gezip ortak ar\u0131yor\u201d yorumunu yap\u0131yor. AKP ise a\u00e7\u0131l\u0131m \u00e7al\u0131\u015fmalar\u0131n\u0131n d\u0131\u015f kaynakl\u0131 olmad\u0131\u011f\u0131n\u0131 savunmaya devam ediyor. \u201cAmerikan projesi oldu\u011funu savunanlar bunu ispat edemezlerse al\u00e7akt\u0131rlar, namussuzdurlar\u201d diyen Ba\u015fbakan Erdo\u011fan ve \u201cABD\u2019de yaz\u0131lm\u0131\u015f, T\u00fcrkiye\u2019de AKP uyguluyor demek biraz geri zek\u00e2l\u0131 i\u015fi\u201d ifadelerini kulanan B\u00fclent Ar\u0131n\u00e7\u2019\u0131n ard\u0131ndan \u0130\u00e7i\u015fleri Bakan\u0131 Atalay da, s\u00fcreci kendi iradeleriyle ba\u015flatt\u0131klar\u0131n\u0131 \u00f6ne s\u00fcr\u00fcyor. Ancak AKP temsilcilerinin a\u00e7\u0131l\u0131m tart\u0131\u015fmalar\u0131 \u00e7er\u00e7evesinde \u00e7\u00f6z\u00fcm olarak \u00f6ne s\u00fcrd\u00fc\u011f\u00fc, K\u00fcrt\u00e7e e\u011fitim, K\u00fcrt\u00e7e isim, K\u00fcrt\u00e7e kamu hizmeti gibi \u00f6neriler b\u00fct\u00fcn  AB raporlar\u0131nda yer al\u0131yor. \u0130\u015fte  AB\u2019nin T\u00fcrkiye\u2019den talep etti\u011fi a\u00e7\u0131l\u0131mlar:<\/p>\n<p style=\"text-align: justify;\"><em><strong>1998:<\/strong><\/em> 1991 y\u0131l\u0131nda, ba\u015fka dillerdeki yay\u0131nlarla ilgili yasan\u0131n kald\u0131r\u0131lmas\u0131, K\u00fcrt\u00e7e dahil yabanc\u0131 dillerde yay\u0131n yap\u0131labilmesini m\u00fcmk\u00fcn k\u0131ld\u0131. K\u00fcrt\u00e7e, k\u00fclt\u00fcrel faaliyetler \u00e7er\u00e7evesinde art\u0131k yasak de\u011fildir fakat \u201csiyas\u00ee ileti\u015fim\u201d veya e\u011fitim alanlar\u0131nda kullan\u0131lamaz. K\u00fcrt dillerinden herhangi birinde radyo ve televizyon yay\u0131nc\u0131l\u0131\u011f\u0131 yasakt\u0131r.<\/p>\n<p style=\"text-align: justify;\"><strong>1999: <\/strong>Milli E\u011fitim Bakanl\u0131\u011f\u0131 taraf\u0131ndan a\u00e7\u0131k\u00e7a m\u00fcsaade edilmedik\u00e7e, T\u00fcrk\u00e7eden ba\u015fka hi\u00e7bir dil e\u011fitim amac\u0131yla kullan\u0131lamaz. Ne mevzuat, ne de uygulama, etnik k\u00f6kenlerinden ba\u011f\u0131ms\u0131z olarak b\u00fct\u00fcn T\u00fcrkler i\u00e7in k\u00fclt\u00fcrel haklar\u0131n kullan\u0131m\u0131na engel olmamal\u0131d\u0131r. N\u00fcfusun b\u00fcy\u00fck \u00f6l\u00e7\u00fcde K\u00fcrt k\u00f6kenli oldu\u011fu g\u00fcneydo\u011fudaki durumun d\u00fczelmesi i\u00e7in, bu husus \u00f6zel \u00f6nem ta\u015f\u0131maktad\u0131r.<\/p>\n<p style=\"text-align: justify;\"><strong><em>2000: <\/em><\/strong>K\u00fclt\u00fcrel haklar ile ilgili olarak, 31 Mart 2000 tarihinde Yarg\u0131tay taraf\u0131ndan kabul edilen ve Medeni Kanun \u00e7er\u00e7evesinde bireylerin, \u00e7ocuklar\u0131na, (K\u00fcrt\u00e7e adlar dahil) kendi se\u00e7tikleri herhangi bir ad\u0131 verme \u00f6zg\u00fcrl\u00fc\u011f\u00fcn\u00fc teyit eden karar ile, olumlu bir geli\u015fme ger\u00e7ekle\u015fmi\u015ftir. Uygulamada, baz\u0131 adlar, n\u00fcfus kay\u0131t memurlar\u0131 taraf\u0131ndan bazen kabul edilmemektedir. Yarg\u0131tay\u2019\u0131n karar\u0131, mevzuatta bir de\u011fi\u015fikli\u011fin yolunu a\u00e7mal\u0131d\u0131r.<\/p>\n<p style=\"text-align: justify;\"><em><strong>2001:<\/strong><\/em>T\u00fcrk\u00e7e d\u0131\u015f\u0131ndaki dillerde ileti\u015fim kurma hakk\u0131na m\u00fcdahale edilmesine kar\u015f\u0131 etkili bir koruma sa\u011flanabilmesi i\u00e7in, mevcut s\u0131n\u0131rlay\u0131c\u0131 mevzuat ve uygulamalar\u0131n de\u011fi\u015ftirilmesi gerekmektedir.<\/p>\n<p style=\"text-align: justify;\">*  E\u011fitim alan\u0131nda ise (temel ve sonras\u0131nda), Milli E\u011fitim Bakanl\u0131\u011f\u0131n\u0131n resmi izni olmadan, T\u00fcrk\u00e7e d\u0131\u015f\u0131nda bir dilde \u00f6\u011fretim yap\u0131lmas\u0131na izin verilmemektedir. Anayasa reformunda, T\u00fcrk\u00e7e d\u0131\u015f\u0131ndaki bir dilde e\u011fitim yap\u0131lmas\u0131na y\u00f6nelik herhangi bir h\u00fck\u00fcm bulunmamaktad\u0131r.<\/p>\n<p style=\"text-align: justify;\"><strong><em>2002:<\/em><\/strong>Anayasan\u0131n 42.nci maddesinde yer alan \u201cT\u00fcrk\u00e7eden ba\u015fka hi\u00e7bir dil, e\u011fitim ve \u00f6\u011fretim kurumlar\u0131nda T\u00fcrk vatanda\u015flar\u0131na ana dilleri olarak okutulamaz ve \u00f6\u011fretilemez h\u00fckm\u00fc\u201d de\u011fi\u015ftirilmedi\u011fi i\u00e7in, T\u00fcrk\u00e7e d\u0131\u015f\u0131ndaki dillerde resmi e\u011fitim verilmesi, de\u011fi\u015ftirilen Yabanc\u0131 Dil E\u011fitimi ve \u00d6\u011fretimi Kanunu kapsam\u0131na girmemektedir. \u00dc\u00e7\u00fcnc\u00fc reform paketinin kabul edilmesinden \u00f6nce, K\u00fcrt\u00e7enin kullan\u0131m\u0131 geni\u015f kapsaml\u0131 s\u0131n\u0131rlamalara t\u00e2biydi.<\/p>\n<p style=\"text-align: justify;\"><strong><em>2003: <\/em><\/strong>Bununla birlikte, Eyl\u00fcl 2003\u2019de yay\u0131mlanan bir genelge ile K\u00fcrt\u00e7e isimlerde yayg\u0131n olarak kullan\u0131lan q, w ve x harflerini i\u00e7eren adlar\u0131n kullan\u0131m\u0131 yasaklanarak, s\u00f6z konusu de\u011fi\u015fikli\u011fin kapsam\u0131na s\u0131n\u0131rlama getirilmi\u015ftir.<\/p>\n<p style=\"text-align: justify;\">* A\u011fustos 2002 uyum paketinin T\u00fcrk vatanda\u015flar\u0131n\u0131n g\u00fcnl\u00fck ya\u015famlar\u0131nda geleneksel olarak kulland\u0131klar\u0131 farkl\u0131 dil ve leh\u00e7elerde e\u011fitim yapabilmeleri hakk\u0131ndaki h\u00fck\u00fcmlerinin uygulanmas\u0131nda ilerleme kaydedilmemi\u015ftir. Bu t\u00fcr dil kurslar\u0131 a\u00e7mak i\u00e7in yap\u0131lan bir \u00e7ok ba\u015fvuru, haz\u0131rlanan e\u011fitim programlar\u0131n\u0131n dil e\u011fitiminden ziyade k\u00fclt\u00fcr ve tarihe yo\u011funla\u015ft\u0131\u011f\u0131 gerek\u00e7esiyle reddedilmi\u015ftir.<\/p>\n<p style=\"text-align: justify;\"><em><strong>2004:<\/strong><\/em> K\u00fcrt\u00e7e ve di\u011fer dil ve leh\u00e7elerde yay\u0131n yap\u0131lmas\u0131na art\u0131k izin verilmektedir ve k\u0131s\u0131tl\u0131 \u00f6l\u00e7\u00fcde de olsa yay\u0131nlar ba\u015flam\u0131\u015ft\u0131r. K\u00fcrt k\u00fclt\u00fcr\u00fcn\u00fcn farkl\u0131 bi\u00e7imlerinde ifade edilmesinde daha fazla ho\u015fg\u00f6r\u00fc mevcuttur. K\u00fclt\u00fcrel haklar alan\u0131nda al\u0131nan \u00f6nlemler sadece bir ba\u015flang\u0131\u00e7 noktas\u0131n\u0131 temsil etmektedir. \u00d6zellikle az\u0131nl\u0131k dillerinde yay\u0131n ve \u00f6\u011frenim alan\u0131nda hala b\u00fcy\u00fck k\u0131s\u0131tlamalar mevcuttur.<\/p>\n<p style=\"text-align: justify;\">*  K\u00fcrt\u00e7e dahil olmak \u00fczere T\u00fcrk\u00e7e d\u0131\u015f\u0131ndaki dillerde yay\u0131n s\u00fcrmekte; ancak, \u00f6nemli k\u0131s\u0131tlamalar devam etmektedir.K\u00fcrt\u00e7e \u00f6\u011frenimde \u00f6nemli k\u0131s\u0131tlamalar mevcuttur.<\/p>\n<p style=\"text-align: justify;\">* Buna ilaveten, baz\u0131 K\u00fcrt\u00e7e isimlerin kayd\u0131 konusunda sorunlar devam etmekte ve bu konudaki uygulama \u00fclke genelinde farkl\u0131l\u0131k g\u00f6stermektedir. Siyasi partilerce T\u00fcrk\u00e7e d\u0131\u015f\u0131ndaki dillerin kullan\u0131m\u0131 konusunda hala k\u0131s\u0131tlamalar mevcuttur.<\/p>\n<p style=\"text-align: justify;\"><em><strong>2006:<\/strong><\/em>Anadilleri T\u00fcrk\u00e7e olmayan \u00e7ocuklar T\u00fcrk kamu e\u011fitim sisteminde anadillerini \u00f6\u011frenememektedirler. Bu \u015fekilde bir e\u011fitim sadece \u00f6zel e\u011fitim kurumlar\u0131nda yap\u0131labilmektedir. K\u00fcrt\u00e7e \u00f6\u011freten bu t\u00fcr kurslar\u0131n t\u00fcm\u00fc 2004 y\u0131l\u0131nda kapat\u0131lm\u0131\u015ft\u0131r. Bu nedenle, halen kamu veya \u00f6zel e\u011fitim sisteminde K\u00fcrt\u00e7e \u00f6\u011frenme imkan\u0131 bulunmamaktad\u0131r.<\/p>\n<p style=\"text-align: justify;\">* T\u00fcrk\u00e7e bilmeyen ki\u015filerin kamu hizmetlerine eri\u015fimini kolayla\u015ft\u0131rmak i\u00e7in al\u0131nm\u0131\u015f bir \u00f6nlem yoktur.<\/p>\n<p style=\"text-align: justify;\"><em><strong>2007: <\/strong><\/em>Anadilleri T\u00fcrk\u00e7e olmayan \u00e7ocuklar T\u00fcrk kamu e\u011fitim sisteminde anadillerini \u00f6\u011frenememektedirler. Bu \u015fekilde bir e\u011fitim sadece \u00f6zel e\u011fitim kurumlar\u0131nda yap\u0131labilmektedir. K\u00fcrt\u00e7e \u00f6\u011freten bu t\u00fcr kurslar\u0131n t\u00fcm\u00fc 2004 y\u0131l\u0131nda kapat\u0131lm\u0131\u015ft\u0131r. Halen kamu veya \u00f6zel e\u011fitim sisteminde K\u00fcrt\u00e7e \u00f6\u011frenme imkan\u0131 bulunmamaktad\u0131r. T\u00fcrk\u00e7e bilmeyen ki\u015filerin kamu hizmetlerine eri\u015fimini kolayla\u015ft\u0131rmak i\u00e7in al\u0131nm\u0131\u015f bir \u00f6nlem yoktur.  Buna kar\u015f\u0131l\u0131k, mahkemelerde genellikle \u00e7eviri imkan\u0131 bulunmaktad\u0131r. Siyasi hayatta T\u00fcrk\u00e7e d\u0131\u015f\u0131ndaki dillerin kullan\u0131m\u0131 yasad\u0131\u015f\u0131d\u0131r.<\/p>\n<p style=\"text-align: justify;\"><em><strong>2008: <\/strong><\/em>Anadilleri T\u00fcrk\u00e7e olmayan \u00e7ocuklar, T\u00fcrk kamu e\u011fitim sisteminde anadillerini \u00f6\u011frenememektedirler. Y\u00fcr\u00fcrl\u00fckte olan yasalar do\u011frultusunda, bu \u015fekilde e\u011fitim sadece \u00f6zel e\u011fitim kurumlar\u0131nda yap\u0131labilmektedir.  2003 y\u0131l\u0131nda yap\u0131lan de\u011fi\u015fikliklerin ard\u0131ndan a\u00e7\u0131lan kurslar bug\u00fcn kapanm\u0131\u015ft\u0131r. Sonu\u00e7 olarak, halen kamu veya \u00f6zel e\u011fitim sisteminde K\u00fcrt\u00e7e \u00f6\u011frenme imkan\u0131 bulunmamaktad\u0131r.<\/p>\n<p style=\"text-align: justify;\"><span style=\"color: #888888;\">Haber: S\u00fcmeyra YILMAZ &#8211; <a href=\"http:\/\/www.yenicaggazetesi.com.tr\/haberdetay.php?hit=22379\" target=\"_blank\">yenicaggazetesi.com.tr<\/a><\/span><\/p>\n","protected":false},"excerpt":{"rendered":"<p style=\"text-align: center;\">\n<p style=\"text-align: justify;\">BA\u015eBAKAN Tayyip Erdo\u011fan\u2019\u0131n \u201cABD projesi oldu\u011funu ispatlayamayan al\u00e7akt\u0131r\u201d, Ba\u015fbakan Yard\u0131mc\u0131s\u0131 Ar\u0131n\u00e7\u2019\u0131n \u201cABD yazm\u0131\u015f, AKP uyguluyor demek, geri zekal\u0131 i\u015fi\u201d diyerek hararetle savundu\u011fu proje, bir AB dayatmas\u0131. \u0130\u015fte \u2018a\u00e7\u0131l\u0131m\u2019\u0131n kronolojisi:<\/p>\n<p style=\"text-align: justify;\">1999 AB \u0130lerleme Raporu:<\/p>\n<p style=\"text-align: justify;\">N\u00fcfusun b\u00fcy\u00fck \u00f6l\u00e7\u00fcde K\u00fcrt k\u00f6kenli oldu\u011fu G\u00fcneydo\u011fu\u2019da k\u00fclt\u00fcrel haklar engellenmemeli.<\/p>\n<p style=\"text-align: justify;\">2000 <\/p>\n","protected":false},"author":1,"featured_media":0,"comment_status":"open","ping_status":"closed","sticky":false,"template":"","format":"standard","meta":{"footnotes":""},"categories":[105],"tags":[],"class_list":["post-14083","post","type-post","status-publish","format-standard","hentry","category-gundem","odd"],"_links":{"self":[{"href":"http:\/\/www.korhanyilmaz.com\/index.php?rest_route=\/wp\/v2\/posts\/14083","targetHints":{"allow":["GET"]}}],"collection":[{"href":"http:\/\/www.korhanyilmaz.com\/index.php?rest_route=\/wp\/v2\/posts"}],"about":[{"href":"http:\/\/www.korhanyilmaz.com\/index.php?rest_route=\/wp\/v2\/types\/post"}],"author":[{"embeddable":true,"href":"http:\/\/www.korhanyilmaz.com\/index.php?rest_route=\/wp\/v2\/users\/1"}],"replies":[{"embeddable":true,"href":"http:\/\/www.korhanyilmaz.com\/index.php?rest_route=%2Fwp%2Fv2%2Fcomments&post=14083"}],"version-history":[{"count":0,"href":"http:\/\/www.korhanyilmaz.com\/index.php?rest_route=\/wp\/v2\/posts\/14083\/revisions"}],"wp:attachment":[{"href":"http:\/\/www.korhanyilmaz.com\/index.php?rest_route=%2Fwp%2Fv2%2Fmedia&parent=14083"}],"wp:term":[{"taxonomy":"category","embeddable":true,"href":"http:\/\/www.korhanyilmaz.com\/index.php?rest_route=%2Fwp%2Fv2%2Fcategories&post=14083"},{"taxonomy":"post_tag","embeddable":true,"href":"http:\/\/www.korhanyilmaz.com\/index.php?rest_route=%2Fwp%2Fv2%2Ftags&post=14083"}],"curies":[{"name":"wp","href":"https:\/\/api.w.org\/{rel}","templated":true}]}}