{"id":14071,"date":"2009-08-29T20:25:17","date_gmt":"2009-08-29T17:25:17","guid":{"rendered":"http:\/\/www.korhanyilmaz.com\/?p=14071"},"modified":"2009-08-29T20:25:17","modified_gmt":"2009-08-29T17:25:17","slug":"14071","status":"publish","type":"post","link":"http:\/\/www.korhanyilmaz.com\/?p=14071","title":{"rendered":"Bayram Bombas\u0131"},"content":{"rendered":"<p style=\"text-align: justify;\"><a href=\"http:\/\/www.korhanyilmaz.com\/wp-content\/uploads\/2009\/08\/2009-08-30_142430.jpg\"  class=\"lightview\"><img loading=\"lazy\" decoding=\"async\" class=\"aligncenter size-full wp-image-14074\" src=\"http:\/\/www.korhanyilmaz.com\/wp-content\/uploads\/2009\/08\/2009-08-30_142430.jpg\" alt=\"\" width=\"445\" height=\"220\" \/><\/a><\/p>\n<p style=\"text-align: justify;\">Ba\u015fbu\u011f\u2019a \u2018i\u015fine bak\u2019 diyen Ba\u015fbakan Yard\u0131mc\u0131s\u0131 Yaz\u0131c\u0131 baklay\u0131 a\u011fz\u0131ndan \u00e7\u0131kard\u0131:<\/p>\n<p style=\"text-align: justify;\"><em><strong>K\u00fcrt\u00e7e e\u011fitim verilebilir!<\/strong><\/em><\/p>\n<p style=\"text-align: justify;\">A\u00c7ILIM ad\u0131 alt\u0131nda ter\u00f6rle m\u00fczakere plan\u0131 y\u00fcr\u00fcten iktidar, K\u00fcrt\u00e7e\u2019yi okullara ta\u015f\u0131yacak. Ba\u015fbakan Yard\u0131mc\u0131s\u0131 ve Devlet Bakan\u0131 Hayati Yaz\u0131c\u0131, \u201cEvde K\u00fcrt\u00e7e konu\u015fuyorsa, evinin biti\u015fi\u011findeki e\u011fitim kurumunda konu\u015fabilir\u201d diye konu\u015ftu. <!--more--><\/p>\n<p style=\"text-align: justify;\"><strong><em>Bilinenlerin tekrar\u0131!..<\/em><\/strong><\/p>\n<p style=\"text-align: justify;\">\u201cGENELKURMAY Ba\u015fkan\u0131 Org. \u0130lker Ba\u015fbu\u011f\u2019a tepki g\u00f6steren Yaz\u0131c\u0131, \u015funlar\u0131 s\u00f6yledi: \u201cA\u00e7\u0131klad\u0131klar\u0131, bilinenlerin tekrar\u0131. Demokratik kriterler a\u00e7\u0131s\u0131ndan \u00e7ok do\u011fru bulmuyorum. K\u0131rm\u0131z\u0131 \u00e7izgileri korumak h\u00fck\u00fcmet ve parlamentonun g\u00f6revidir.\u201d<\/p>\n<p style=\"text-align: justify;\"><em><strong>Bakan Yaz\u0131c\u0131 tahrik etti<\/strong><\/em><\/p>\n<p style=\"text-align: justify;\">Devlet Bakan\u0131 Yaz\u0131c\u0131, \u201cT\u00fcrkiye devleti, \u00fclkesi ve milletiyle b\u00f6l\u00fcnmez bir b\u00fct\u00fcnd\u00fcr. Dili T\u00fcrk\u00e7e\u2019dir\u201d diyen Genelkurmay Ba\u015fkan\u0131 Ba\u015fbu\u011f\u2019u ele\u015ftirdi: Demokratik \u00fclkelerde askerin g\u00f6revi g\u00fcvenlik..<\/p>\n<p style=\"text-align: justify;\">Devlet Bakan\u0131 Hayati, Genelkurmay Ba\u015fkan\u0131 Orgeneral \u0130lker Ba\u015fbu\u011f\u2019un 30 A\u011fustos mesaj\u0131nda s\u00f6ylediklerini ele\u015ftirdi. Ak\u015fam gazetesinden Ebru Toktar \u00c7eki\u00e7\u2019in g\u00fcndeme ili\u015fkin sorular\u0131n\u0131 cevaplayan Devlet Bakan\u0131 Hayati Yaz\u0131c\u0131, \u00e7arp\u0131c\u0131 a\u00e7\u0131klamalarda bulundu. 30 A\u011fustos mesaj\u0131nda, \u201cT\u00fcrkiye devleti, \u00fclkesi ve milletiyle b\u00f6l\u00fcnmez bir b\u00fct\u00fcnd\u00fcr. Dili T\u00fcrk\u00e7e\u2019dir\u201d diyen Orgeneral \u0130lker Ba\u015fbu\u011f\u2019u ele\u015ftiren Yaz\u0131c\u0131, \u201cA\u00e7\u0131klad\u0131klar\u0131, bilinenlerin tekrar\u0131ndan ibarettir. Kulland\u0131\u011f\u0131 ifadeler do\u011fru, ama demokratik kriterler a\u00e7\u0131s\u0131ndan \u00e7ok do\u011fru bulmuyorum. K\u0131rm\u0131z\u0131 \u00e7izgileri korumak h\u00fck\u00fcmet ve Parlamento\u2019nun g\u00f6revidir\u201d dedi.<\/p>\n<p style=\"text-align: justify;\"><strong><em>Do\u011fru bulmuyorum<\/em><\/strong><\/p>\n<p style=\"text-align: justify;\">MGK bildirisinin ard\u0131ndan yay\u0131mlanan mesaj\u0131n do\u011frulu\u011funun tart\u0131\u015f\u0131lmas\u0131 gerekti\u011fini kaydeden Yaz\u0131c\u0131, \u201cDemokratik kriterlerin yerle\u015fmesi gereken \u00fclkelerde askerlerin, g\u00fcvenlikle sorumlu g\u00f6revlilerinin; bildiri da\u011f\u0131tmak, yay\u0131mlamak, bas\u0131n toplant\u0131s\u0131 yapmak suretiyle kamunun \u00f6n\u00fcne \u00e7ok s\u0131k\u00e7a \u00e7\u0131kmas\u0131n\u0131n do\u011fru olmad\u0131\u011f\u0131n\u0131 d\u00fc\u015f\u00fcn\u00fcyorum. Elbette onlar\u0131n g\u00f6r\u00fc\u015flerini de ifade edece\u011fi zeminler vard\u0131r. MGK\u2019da konu\u015furlar\u201d diye konu\u015ftu.<\/p>\n<p style=\"text-align: justify;\"><strong><em>\u00c7\u00f6z\u00fcme katk\u0131 de\u011fil<\/em><\/strong><\/p>\n<p style=\"text-align: justify;\">Bakan Yaz\u0131c\u0131, \u015funlar\u0131 savundu: \u201cGenelkurmay Ba\u015fkan\u0131\u2019n\u0131n mesaj\u0131, bu sorunun \u00e7\u00f6z\u00fcm\u00fcne katk\u0131 m\u0131 sa\u011flayacak, yoksa bu s\u00fcreci biraz daha m\u0131 zorla\u015ft\u0131racak? Konuyu bu a\u00e7\u0131dan iyi irdelemek gerekir. \u00dclkenin birli\u011fi ve b\u00fct\u00fcnl\u00fc\u011f\u00fc, hepimizin \u00fczerinde hassasiyet g\u00f6sterdi\u011fimiz konudur. H\u00fck\u00fcmet olsun, devletin di\u011fer kurumlar\u0131 olsun, \u00fclkenin birli\u011fi ve b\u00fct\u00fcnl\u00fc\u011f\u00fc noktas\u0131nda acziyet i\u00e7inde oldu\u011fu s\u00f6ylenebilir mi? S\u00f6ylenemeyece\u011fine g\u00f6re, bunu tekrar etmenin \u00e7ok fazla katk\u0131 sa\u011flayaca\u011f\u0131 d\u00fc\u015f\u00fcncesinde de\u011filim.\u201d  T\u00fcrkiye\u2019nin en \u00f6nemli sorunu i\u00e7in, iktidar\u0131 ve muhalefetiyle her kesimin ve herkesin \u2019\u00e7\u00f6z\u00fcms\u00fczl\u00fck\u2019de\u011fil, \u2019\u00e7\u00f6z\u00fcm\u2019konusunda katk\u0131 yapmas\u0131 gerekti\u011fini dile getiren Bakan Yaz\u0131c\u0131, \u201cVatana ihanettir, b\u00f6lersiniz, edersiniz\u2019deniyor. Hi\u00e7 kimsenin b\u00f6yle bir d\u00fc\u015f\u00fcncesi olamaz. Hi\u00e7 kimsenin de bu \u00fclkeyi b\u00f6lmeye g\u00fcc\u00fc yetmez. T\u00fcrkiye\u2019nin birli\u011fi ve b\u00fct\u00fcnl\u00fc\u011f\u00fc, T\u00fcrkiye\u2019nin kurulu\u015f felsefesidir. Ba\u015fbakan, kendisini ziyaret eden \u015fehit derneklerine de s\u00f6yledi.<\/p>\n<p style=\"text-align: center;\"><a href=\"http:\/\/www.korhanyilmaz.com\/wp-content\/uploads\/2009\/08\/uyari3.jpg\"  class=\"lightview\"><img loading=\"lazy\" decoding=\"async\" class=\"aligncenter size-full wp-image-14073\" style=\"margin-top: 15px; margin-bottom: 15px;\" src=\"http:\/\/www.korhanyilmaz.com\/wp-content\/uploads\/2009\/08\/uyari3.jpg\" alt=\"\" width=\"450\" height=\"681\" \/><\/a><\/p>\n<p style=\"text-align: justify;\"><strong><em>K\u00fcrt\u00e7e e\u011fitim \u00fcniter yap\u0131ya engel olamaz<\/em><\/strong><\/p>\n<p style=\"text-align: justify;\">\u0130ngilizce e\u011fitim veren kurumlar varsa K\u00fcrt\u00e7e e\u011fitimin de olabilece\u011fini savunan Yaz\u0131c\u0131, \u201dBu \u00fcniter yap\u0131ya engel te\u015fkil etmez. \u0130nsanlar evinde K\u00fcrt\u00e7e konu\u015fuyorsa, ba\u015fka bir binada da konu\u015fmas\u0131, niye \u00fclkenin b\u00fct\u00fcnl\u00fc\u011f\u00fcn\u00fc bozsun ki? Bunlara tak\u0131lmamak laz\u0131m\u201c ifadesini kulland\u0131. Bakan Yaz\u0131c\u0131, \u015funlar\u0131 dile getirdi: \u201dResmi diliniz T\u00fcrk\u00e7e\u2019dir. Yani resmi yaz\u0131\u015fmalar\u0131n, kamunun deklarasyonlar\u0131n\u0131n T\u00fcrk\u00e7e ile yap\u0131lmas\u0131 demektir. \u2019Bunun d\u0131\u015f\u0131nda ba\u015fka diller olamaz\u2019gibi bir \u015fey olamaz. Var olanlara, siz \u2019yok\u2019 diyemezsiniz. Yani bir k\u0131s\u0131m vatanda\u015f, T\u00fcrk\u00e7e\u2019nin yan\u0131nda K\u00fcrt\u00e7e\u2019yi de \u00f6\u011frenmek istiyorsa, b\u00f6yle bir se\u00e7imlik hakk\u0131 olsun istiyorsa, istesin.<\/p>\n<p style=\"text-align: justify;\"><span style=\"color: #888888;\">Kaynak : <a href=\"http:\/\/www.yenicaggazetesi.com.tr\/haberdetay.php?hit=22319\" target=\"_blank\">yenicaggazetesi.com.tr<\/a><\/span><\/p>\n","protected":false},"excerpt":{"rendered":"<p style=\"text-align: justify;\">\n<p style=\"text-align: justify;\">Ba\u015fbu\u011f\u2019a \u2018i\u015fine bak\u2019 diyen Ba\u015fbakan Yard\u0131mc\u0131s\u0131 Yaz\u0131c\u0131 baklay\u0131 a\u011fz\u0131ndan \u00e7\u0131kard\u0131:<\/p>\n<p style=\"text-align: justify;\">K\u00fcrt\u00e7e e\u011fitim verilebilir!<\/p>\n<p style=\"text-align: justify;\">A\u00c7ILIM ad\u0131 alt\u0131nda ter\u00f6rle m\u00fczakere plan\u0131 y\u00fcr\u00fcten iktidar, K\u00fcrt\u00e7e\u2019yi okullara ta\u015f\u0131yacak. Ba\u015fbakan Yard\u0131mc\u0131s\u0131 ve Devlet Bakan\u0131 Hayati Yaz\u0131c\u0131, \u201cEvde K\u00fcrt\u00e7e konu\u015fuyorsa, evinin biti\u015fi\u011findeki e\u011fitim kurumunda konu\u015fabilir\u201d diye konu\u015ftu. <\/p>\n","protected":false},"author":1,"featured_media":0,"comment_status":"open","ping_status":"closed","sticky":false,"template":"","format":"standard","meta":{"footnotes":""},"categories":[105],"tags":[],"class_list":["post-14071","post","type-post","status-publish","format-standard","hentry","category-gundem","odd"],"_links":{"self":[{"href":"http:\/\/www.korhanyilmaz.com\/index.php?rest_route=\/wp\/v2\/posts\/14071","targetHints":{"allow":["GET"]}}],"collection":[{"href":"http:\/\/www.korhanyilmaz.com\/index.php?rest_route=\/wp\/v2\/posts"}],"about":[{"href":"http:\/\/www.korhanyilmaz.com\/index.php?rest_route=\/wp\/v2\/types\/post"}],"author":[{"embeddable":true,"href":"http:\/\/www.korhanyilmaz.com\/index.php?rest_route=\/wp\/v2\/users\/1"}],"replies":[{"embeddable":true,"href":"http:\/\/www.korhanyilmaz.com\/index.php?rest_route=%2Fwp%2Fv2%2Fcomments&post=14071"}],"version-history":[{"count":0,"href":"http:\/\/www.korhanyilmaz.com\/index.php?rest_route=\/wp\/v2\/posts\/14071\/revisions"}],"wp:attachment":[{"href":"http:\/\/www.korhanyilmaz.com\/index.php?rest_route=%2Fwp%2Fv2%2Fmedia&parent=14071"}],"wp:term":[{"taxonomy":"category","embeddable":true,"href":"http:\/\/www.korhanyilmaz.com\/index.php?rest_route=%2Fwp%2Fv2%2Fcategories&post=14071"},{"taxonomy":"post_tag","embeddable":true,"href":"http:\/\/www.korhanyilmaz.com\/index.php?rest_route=%2Fwp%2Fv2%2Ftags&post=14071"}],"curies":[{"name":"wp","href":"https:\/\/api.w.org\/{rel}","templated":true}]}}