{"id":14067,"date":"2009-08-29T20:51:57","date_gmt":"2009-08-29T17:51:57","guid":{"rendered":"http:\/\/www.korhanyilmaz.com\/?p=14067"},"modified":"2016-12-21T23:32:48","modified_gmt":"2016-12-21T20:32:48","slug":"baykal-akp-iktidari-pkk-ile-isbirligi-icinde","status":"publish","type":"post","link":"http:\/\/www.korhanyilmaz.com\/?p=14067","title":{"rendered":"Baykal: AKP iktidar\u0131 PKK ile i\u015fbirli\u011fi i\u00e7inde"},"content":{"rendered":"<p style=\"text-align: center;\">\u00a0<\/p>\n<p style=\"text-align: justify;\"><img loading=\"lazy\" decoding=\"async\" class=\"aligncenter size-full wp-image-64341\" src=\"http:\/\/www.korhanyilmaz.com\/wp-content\/uploads\/2009\/08\/21493.jpg\" alt=\"\" width=\"450\" height=\"344\" \/><\/p>\n<p style=\"text-align: justify;\">CHP lideri Deniz Baykal, Ba\u015fbakan Yard\u0131mc\u0131s\u0131 Hayati Yaz\u0131c\u0131\u2019n\u0131n K\u00fcrt\u00e7e e\u011fitime ba\u015flanaca\u011f\u0131na y\u00f6nelik a\u00e7\u0131klamas\u0131na sert tepki g\u00f6sterdi. Baykal, \u201cAKP, DTP ve PKK ile i\u015f birli\u011fi i\u00e7inde. Dil ayr\u0131\u015ft\u0131rmas\u0131 ba\u015flarsa, millet olma anlay\u0131\u015f\u0131m\u0131z\u0131 kaybederiz\u201d dedi.<\/p>\n<p style=\"text-align: justify;\"><strong><em>Baykal: \u0130ktidar, DTP ve PKK\u2019yla i\u015fbirli\u011fi i\u00e7inde<\/em><\/strong><\/p>\n<p style=\"text-align: justify;\">Devlet Bakan\u0131 Yaz\u0131c\u0131\u2019n\u0131n K\u00fcrt\u00e7e e\u011fitimle ilgili s\u00f6zlerine \u0130zmir\u2019den cevap veren CHP lideri Baykal, \u201cDil ayr\u0131\u015ft\u0131rmas\u0131 ba\u015flarsa, millet olma anlay\u0131\u015f\u0131m\u0131z\u0131 kaybederiz\u201d dedi. <!--more--><\/p>\n<p style=\"text-align: justify;\">CHP Genel Ba\u015fkan\u0131 Deniz Baykal, okullarda K\u00fcrt\u00e7e e\u011fitim verilmesinin milleti ayr\u0131\u015ft\u0131raca\u011f\u0131n\u0131 bildirerek, \u201cAKP iktidar\u0131 DTP ve PKK ile i\u015fbirli\u011fi yaparak, Milli E\u011fitim sistemini sabote etmek i\u00e7in en tehlikeli dinamiti, may\u0131n\u0131 Milli E\u011fitimin i\u00e7ine yerle\u015ftirme karar\u0131 alm\u0131\u015ft\u0131r\u201d dedi. CHP Genel Ba\u015fkan\u0131 Baykal, \u0130zmir\u2019in Torbal\u0131 Belediyesi \u00f6n\u00fcnde halka hitaben yapt\u0131\u011f\u0131 konu\u015fmada AKP\u2019ye y\u00fcklendi.Ter\u00f6r\u00fcn ba\u015f\u0131n\u0131 al\u0131p gitti\u011fini, ekonominin siyasete kar\u0131\u015ft\u0131\u011f\u0131n\u0131, yarg\u0131ya kar\u0131\u015f\u0131ld\u0131\u011f\u0131na dikkat \u00e7eken Baykal, \u015funlar\u0131 dile getirdi: \u201cYeni bir kanun haz\u0131rl\u0131\u011f\u0131 yap\u0131yorlar. Bu kanunla Anayasa\u2019y\u0131 de\u011fi\u015ftirecek ve milletvekillerine Anayasa Mahkemesi\u2019ne, HSYK\u2019ya atamayla hakim tayin etme yetkisi verecekler. Siyaset hakimi kumanda edemeyecek. Siyaset adalete girerse adalet kal\u0131r m\u0131, hele T\u00fcrkiye gibi bir yerde.\u201d<\/p>\n<p style=\"text-align: justify;\"><strong><em>Ba\u011flar\u0131 koparma&#8230;<\/em><\/strong><\/p>\n<p style=\"text-align: justify;\">Ba\u015fbakan\u0131n dilinin alt\u0131nda bir bakla oldu\u011funu ama bunu bir t\u00fcrl\u00fc \u00e7\u0131karmad\u0131\u011f\u0131n\u0131 ifade eden Baykal, \u201cBa\u015fbakan Yard\u0131mc\u0131s\u0131 Hayati Yaz\u0131c\u0131\u2019n\u0131n a\u00e7\u0131klamas\u0131 var. Baklay\u0131 onun a\u011fz\u0131yla \u00e7\u0131karmaya ba\u015fl\u0131yor. Neymi\u015f, okullarda K\u00fcrt\u00e7e e\u011fitim ba\u015flayacakm\u0131\u015f. Okullarda \u00e7ocuklara \u00f6\u011fretilecek dili ayr\u0131\u015ft\u0131rmaya y\u00f6neliyorlar. Bu yap\u0131l\u0131rsa, biz millet anlay\u0131\u015f\u0131m\u0131z\u0131 kaybetmeye ba\u015flar\u0131z. Tek millet art\u0131k iki millet olmaya ba\u015flar. K\u00fcrt k\u00f6kenli vatanda\u015f\u0131 Kuzey Irak\u2019a y\u00f6nlendirmek ve T\u00fcrkiye ile olan k\u00f6kl\u00fc ba\u011flar\u0131n\u0131 koparmay\u0131 istiyorlar. Bu yanl\u0131\u015f. Bu PKK\u2019n\u0131n politikas\u0131d\u0131r\u201d ifadesini kulland\u0131. \u201cBug\u00fcn se\u00e7meli ders K\u00fcrt\u00e7e olacak, yar\u0131n mecburi ders olarak konulacak\u201d diyen CHP lideri, s\u00f6zlerini \u015f\u00f6yle tamamlad\u0131:<\/p>\n<p style=\"text-align: justify;\"><strong><em>Kimin ad\u0131na yap\u0131yor<\/em><\/strong><\/p>\n<p style=\"text-align: justify;\">\u201cYar\u0131n da \u2019sosyolojiyi, tarihi benim ana dilimde ver\u2019 denecek. Onun sonucunda biz \u00e7ocuklarla hangi ortak noktada bir araya gelece\u011fiz? Bu bizi ay\u0131rman\u0131n ifadesidir. Bunu Apo\u2019nun niye istedi\u011fini anl\u0131yorum, bunu PKK\u2019n\u0131n niye istedi\u011fini anl\u0131yorum, ama Ba\u015fbakan niye yap\u0131yor, onu i\u015fte anlam\u0131yorum. Ba\u015fbakan kimin ad\u0131na bunu yap\u0131yor? Maalesef bu tezgah i\u015flemeye ba\u015flam\u0131\u015ft\u0131r. Art\u0131k Ba\u015fbakan\u0131n a\u011fz\u0131ndaki baklan\u0131n ne oldu\u011fu ortaya \u00e7\u0131km\u0131\u015ft\u0131r. Biz bunu \u00f6nleyece\u011fiz. Irak\u2019ta 3-4 g\u00fcnde bir bomba patl\u0131yor, 40-45 ki\u015fi \u00f6l\u00fcyor. B\u00f6yle bir tabloya T\u00fcrkiye\u2019yi s\u00fcr\u00fcklemeye kimin ne hakk\u0131 var, rahat m\u0131 batt\u0131 size?\u201d<\/p>\n<p style=\"text-align: justify;\"><strong><em>Avrupa \u00fclkelerinin tezgah\u0131<\/em><\/strong><\/p>\n<p style=\"text-align: justify;\">30 A\u011fustos Zafer Bayram\u0131\u2019n\u0131 hat\u0131rlatan belirten Baykal, \u201cAnadolu\u2019nun d\u00fc\u015fman i\u015fgalinden kurtulu\u015funun, T\u00fcrkleri Anadolu\u2019dan s\u00f6k\u00fcp \u00e7\u0131karmak isteyen b\u00fcy\u00fck Avrupa \u00fclkelerinin tezgah\u0131n\u0131n bozulu\u015funun 87. y\u0131l d\u00f6n\u00fcm\u00fc. 87 y\u0131l ge\u00e7ti, bu topraklar bizim, T\u00fcrk milletinin\u201d diye konu\u015ftu. CHP lideri Baykal, s\u00f6zlerini \u015f\u00f6yle s\u00fcrd\u00fcr\u00fcd\u00fc: \u201cMustafa Kemal Atat\u00fcrk, millet ay\u0131rmad\u0131, kimseyi \u0131rk\u0131na, etnik k\u00f6kenine g\u00f6re ay\u0131rmad\u0131. Bir s\u00fcredir izliyorsunuz, \u00f6nce Cumhurba\u015fkan\u0131, arkas\u0131ndan Ba\u015fbakan bir tela\u015f i\u00e7inde. \u2019a\u00e7\u0131l\u0131m yapaca\u011f\u0131z\u2019diye aya\u011fa kalkt\u0131lar. Ne a\u00e7\u0131l\u0131m\u0131 yapacaks\u0131n\u0131z? Bizi ne ay\u0131r\u0131yorsun birbirimizden? K\u00fcrd\u00fc de var, Arab\u0131 da var, Arnavut\u2019u da var. Kendisini T\u00fcrk Milletinin par\u00e7as\u0131 g\u00f6ren milyonlarca insan var.\u201d<\/p>\n<p style=\"text-align: justify;\"><span style=\"color: #888888;\"><span style=\"color: #003366;\">Kaynak :<\/span><span style=\"color: #ff6600;\"> <a style=\"color: #ff6600;\" href=\"http:\/\/www.yenicaggazetesi.com.tr\/baykal-akp-iktidari-pkk-ile-isbirligi-icinde-22321h.htm\" target=\"_blank\">yenicaggazetesi.com.tr<\/a><\/span><\/span><\/p>\n","protected":false},"excerpt":{"rendered":"<p style=\"text-align: center;\">\n<p style=\"text-align: justify;\">\n<p style=\"text-align: justify;\">CHP lideri Deniz Baykal, Ba\u015fbakan Yard\u0131mc\u0131s\u0131 Hayati Yaz\u0131c\u0131\u2019n\u0131n K\u00fcrt\u00e7e e\u011fitime ba\u015flanaca\u011f\u0131na y\u00f6nelik a\u00e7\u0131klamas\u0131na sert tepki g\u00f6sterdi. Baykal, \u201cAKP, DTP ve PKK ile i\u015f birli\u011fi i\u00e7inde. Dil ayr\u0131\u015ft\u0131rmas\u0131 ba\u015flarsa, millet olma anlay\u0131\u015f\u0131m\u0131z\u0131 kaybederiz\u201d dedi.<\/p>\n<p style=\"text-align: justify;\">Baykal: \u0130ktidar, DTP ve PKK\u2019yla i\u015fbirli\u011fi i\u00e7inde<\/p>\n<p style=\"text-align: justify;\">Devlet Bakan\u0131 <\/p>\n","protected":false},"author":1,"featured_media":0,"comment_status":"open","ping_status":"closed","sticky":false,"template":"","format":"standard","meta":{"footnotes":""},"categories":[105],"tags":[],"class_list":["post-14067","post","type-post","status-publish","format-standard","hentry","category-gundem","odd"],"_links":{"self":[{"href":"http:\/\/www.korhanyilmaz.com\/index.php?rest_route=\/wp\/v2\/posts\/14067","targetHints":{"allow":["GET"]}}],"collection":[{"href":"http:\/\/www.korhanyilmaz.com\/index.php?rest_route=\/wp\/v2\/posts"}],"about":[{"href":"http:\/\/www.korhanyilmaz.com\/index.php?rest_route=\/wp\/v2\/types\/post"}],"author":[{"embeddable":true,"href":"http:\/\/www.korhanyilmaz.com\/index.php?rest_route=\/wp\/v2\/users\/1"}],"replies":[{"embeddable":true,"href":"http:\/\/www.korhanyilmaz.com\/index.php?rest_route=%2Fwp%2Fv2%2Fcomments&post=14067"}],"version-history":[{"count":0,"href":"http:\/\/www.korhanyilmaz.com\/index.php?rest_route=\/wp\/v2\/posts\/14067\/revisions"}],"wp:attachment":[{"href":"http:\/\/www.korhanyilmaz.com\/index.php?rest_route=%2Fwp%2Fv2%2Fmedia&parent=14067"}],"wp:term":[{"taxonomy":"category","embeddable":true,"href":"http:\/\/www.korhanyilmaz.com\/index.php?rest_route=%2Fwp%2Fv2%2Fcategories&post=14067"},{"taxonomy":"post_tag","embeddable":true,"href":"http:\/\/www.korhanyilmaz.com\/index.php?rest_route=%2Fwp%2Fv2%2Ftags&post=14067"}],"curies":[{"name":"wp","href":"https:\/\/api.w.org\/{rel}","templated":true}]}}