{"id":14063,"date":"2009-08-29T21:50:30","date_gmt":"2009-08-29T18:50:30","guid":{"rendered":"http:\/\/www.korhanyilmaz.com\/?p=14063"},"modified":"2009-08-29T21:50:30","modified_gmt":"2009-08-29T18:50:30","slug":"dilimiz-kurtce-olsun","status":"publish","type":"post","link":"http:\/\/www.korhanyilmaz.com\/?p=14063","title":{"rendered":"Dilimiz K\u00fcrt\u00e7e olsun!"},"content":{"rendered":"<p style=\"text-align: justify;\"><a href=\"http:\/\/www.korhanyilmaz.com\/wp-content\/uploads\/2009\/08\/2009-08-30_141642.jpg\"  class=\"lightview\"><img loading=\"lazy\" decoding=\"async\" class=\"aligncenter size-full wp-image-14064\" src=\"http:\/\/www.korhanyilmaz.com\/wp-content\/uploads\/2009\/08\/2009-08-30_141642.jpg\" alt=\"\" width=\"396\" height=\"196\" \/><\/a><\/p>\n<p style=\"text-align: justify;\">DTP Batman Milletvekili Ayla Akat Ata \u00f6zerklik isteyip bu talepte bulundu.<\/p>\n<p style=\"text-align: justify;\">DTP\u2019li Ayla Ata: B\u00f6lgemizde resmi dil K\u00fcrt\u00e7e olsun<\/p>\n<p style=\"text-align: justify;\">DTP Batman Milletvekili Ayla Akat Ata, \u2019K\u00fcrt sorunu\u2019na ili\u015fkin ortaya konulan k\u0131rm\u0131z\u0131 \u00e7izgilerin tart\u0131\u015f\u0131lmas\u0131 gerekti\u011fini s\u00f6yledi. Batman Belediyesi Konukevi\u2019nde konu\u015fan Ata, \u201cK\u00fcrtler, hi\u00e7bir s\u00fcre\u00e7te ben dilimden ve k\u00fclt\u00fcr\u00fcmden vazge\u00e7erim demedi. Bunlar K\u00fcrtler i\u00e7in k\u0131rm\u0131z\u0131 \u00e7izgilerdir\u201d dedi. \u00d6zerklik projesinin T\u00fcrkiye\u2019nin demokratikle\u015fme s\u00fcreci oldu\u011funu ileri s\u00fcren Ata, \u015funlar\u0131 dile getirdi: <!--more--><\/p>\n<p style=\"text-align: justify;\"><strong><em>\u00c7\u00f6z\u00fcm de\u011fil<\/em><\/strong><\/p>\n<p style=\"text-align: justify;\">\u201cBir tak\u0131m k\u0131rm\u0131z\u0131 \u00e7izgiler DTP taraf\u0131ndan masaya yat\u0131r\u0131ld\u0131 ve dendi ki; T\u00fcrkiye\u2019de demokratik \u00f6zerk b\u00f6lgeler olabilir bu b\u00f6lgelerin resmi dili K\u00fcrt\u00e7e olmak kayd\u0131yla yerel dillerin kamuda kullan\u0131m\u0131n\u0131n \u00f6n\u00fc a\u00e7\u0131labilir. Biz t\u00fcm T\u00fcrkiye\u2019de resmi dil K\u00fcrt\u00e7e olsun demiyoruz. K\u00fcrtlerin bulunduklar\u0131 b\u00f6lgede resmi dil K\u00fcrt\u00e7e olsun.\u201d  S\u00fcre\u00e7 bir yok sayma, tekle\u015ftirme, tek sayma mant\u0131\u011f\u0131 ile devam ederse, bunun \u00e7\u00f6z\u00fcm de\u011fil \u00e7\u00f6z\u00fcms\u00fczl\u00fck s\u00fcreci olaca\u011f\u0131n\u0131 savunan Ata, \u201cK\u00fcrtler \u2019T\u00fcrk\u00fcm\u2019 demeye zorlanmamal\u0131. T\u00fcrkiyeli vatanda\u015flar olarak bu \u00fclkenin vatanda\u015f\u0131 olarak sunulacak her t\u00fcrl\u00fc katk\u0131n\u0131n taraf\u0131 olabiliriz\u2019 dedi.<\/p>\n<p style=\"text-align: justify;\"><span style=\"color: #888888;\">Kaynak : yenicaggazetesi.com.tr<\/span><\/p>\n","protected":false},"excerpt":{"rendered":"<p style=\"text-align: justify;\">\n<p style=\"text-align: justify;\">DTP Batman Milletvekili Ayla Akat Ata \u00f6zerklik isteyip bu talepte bulundu.<\/p>\n<p style=\"text-align: justify;\">DTP\u2019li Ayla Ata: B\u00f6lgemizde resmi dil K\u00fcrt\u00e7e olsun<\/p>\n<p style=\"text-align: justify;\">DTP Batman Milletvekili Ayla Akat Ata, \u2019K\u00fcrt sorunu\u2019na ili\u015fkin ortaya konulan k\u0131rm\u0131z\u0131 \u00e7izgilerin tart\u0131\u015f\u0131lmas\u0131 gerekti\u011fini s\u00f6yledi. Batman Belediyesi Konukevi\u2019nde konu\u015fan Ata, \u201cK\u00fcrtler, hi\u00e7bir s\u00fcre\u00e7te ben dilimden ve <\/p>\n","protected":false},"author":1,"featured_media":0,"comment_status":"open","ping_status":"closed","sticky":false,"template":"","format":"standard","meta":{"footnotes":""},"categories":[105],"tags":[],"class_list":["post-14063","post","type-post","status-publish","format-standard","hentry","category-gundem","odd"],"_links":{"self":[{"href":"http:\/\/www.korhanyilmaz.com\/index.php?rest_route=\/wp\/v2\/posts\/14063","targetHints":{"allow":["GET"]}}],"collection":[{"href":"http:\/\/www.korhanyilmaz.com\/index.php?rest_route=\/wp\/v2\/posts"}],"about":[{"href":"http:\/\/www.korhanyilmaz.com\/index.php?rest_route=\/wp\/v2\/types\/post"}],"author":[{"embeddable":true,"href":"http:\/\/www.korhanyilmaz.com\/index.php?rest_route=\/wp\/v2\/users\/1"}],"replies":[{"embeddable":true,"href":"http:\/\/www.korhanyilmaz.com\/index.php?rest_route=%2Fwp%2Fv2%2Fcomments&post=14063"}],"version-history":[{"count":0,"href":"http:\/\/www.korhanyilmaz.com\/index.php?rest_route=\/wp\/v2\/posts\/14063\/revisions"}],"wp:attachment":[{"href":"http:\/\/www.korhanyilmaz.com\/index.php?rest_route=%2Fwp%2Fv2%2Fmedia&parent=14063"}],"wp:term":[{"taxonomy":"category","embeddable":true,"href":"http:\/\/www.korhanyilmaz.com\/index.php?rest_route=%2Fwp%2Fv2%2Fcategories&post=14063"},{"taxonomy":"post_tag","embeddable":true,"href":"http:\/\/www.korhanyilmaz.com\/index.php?rest_route=%2Fwp%2Fv2%2Ftags&post=14063"}],"curies":[{"name":"wp","href":"https:\/\/api.w.org\/{rel}","templated":true}]}}