{"id":14059,"date":"2009-08-29T21:37:41","date_gmt":"2009-08-29T18:37:41","guid":{"rendered":"http:\/\/www.korhanyilmaz.com\/?p=14059"},"modified":"2016-12-21T23:42:06","modified_gmt":"2016-12-21T20:42:06","slug":"ihanet-projesinin-hedefi-milli-devlet","status":"publish","type":"post","link":"http:\/\/www.korhanyilmaz.com\/?p=14059","title":{"rendered":"\u0130hanet projesinin hedefi milli devlet"},"content":{"rendered":"<p style=\"text-align: center;\">\u00a0<\/p>\n<p style=\"text-align: justify;\"><img loading=\"lazy\" decoding=\"async\" class=\"aligncenter size-full wp-image-64344\" src=\"http:\/\/www.korhanyilmaz.com\/wp-content\/uploads\/2009\/08\/2016-12-21_233913.jpg\" alt=\"\" width=\"600\" height=\"326\" \/><\/p>\n<p style=\"text-align: justify;\">MHP Genel Ba\u015fkan\u0131 Devlet Bah\u00e7eli, \u201c\u00c7\u00f6z\u00fclen \u00dclke T\u00fcrkiye ve \u00dclk\u00fcm\u00fcz\u201d konulu konferansta partililere hitap etti. S\u00f6zde K\u00fcrt a\u00e7\u0131l\u0131m\u0131na y\u00f6nelik sert ele\u015ftirilerini s\u00fcrd\u00fcren Devlet Bah\u00e7eli, \u201c\u0130hanet projesinin hedefi T\u00fcrkiye Cumhuriyetinin milli devlet niteli\u011fini kaybetmesidir\u201d dedi.<\/p>\n<p style=\"text-align: justify;\"><em><strong>\u0130hanet projesinin hedefi milli devlet<\/strong><\/em><\/p>\n<p style=\"text-align: justify;\">T\u00fcrkiye\u2019nin b\u00fcy\u00fck ve kapsaml\u0131 bir kaosun i\u00e7ine \u00e7ekilmek istendi\u011fi uyar\u0131s\u0131nda bulunan Bah\u00e7eli, \u201c\u0130hanet projesinin hedefi T\u00fcrkiye Cumhuriyeti\u2019nin milli devlet niteli\u011fini kaybetmesidir\u201d dedi.<\/p>\n<p style=\"text-align: justify;\">MHP Genel Ba\u015fkan\u0131 Devlet Bah\u00e7eli, AKP h\u00fck\u00fcmeti taraf\u0131ndan g\u00fcndeme getirilen ihanet projesinin hedefinde milli devletin oldu\u011funu s\u00f6yledi. Bah\u00e7eli, partisinin 40. kurulu\u015f y\u0131l d\u00f6n\u00fcm\u00fc dolay\u0131s\u0131yla Ankara Balgat Anadolu G\u00f6steri Merkezi Salonu\u2019nda ger\u00e7ekle\u015ftirilen \u201c\u00c7\u00f6z\u00fclen \u00dclke T\u00fcrkiye ve \u00dclk\u00fcm\u00fcz\u201d konulu konferansta partililere hitap etti. <!--more-->Yo\u011fun ilginin oldu\u011fu konferanstaki konu\u015fmas\u0131nda Bah\u00e7eli, \u00dclk\u00fcc\u00fcl\u00fck ve milliyet\u00e7ili\u011fe b\u00fcy\u00fck yer verdi, s\u00f6zde K\u00fcrt a\u00e7\u0131l\u0131m\u0131 pr\u00fcjesine y\u00f6nelik ele\u015ftirilerini s\u00fcrd\u00fcrd\u00fc. Bah\u00e7eli, \u201cBug\u00fcn T\u00fcrkiye b\u00fcy\u00fck ve kapsaml\u0131 karga\u015fa ve kaosun i\u00e7ine \u00e7ekilmek istenmektedir. Milletimiz \u00fczerinde y\u00fczy\u0131llard\u0131r emelleri olanlar her cepheden sald\u0131r\u0131ya ge\u00e7mi\u015flerdir. Binlerce y\u0131lda olu\u015fan milli kimli\u011fe i\u00e7teki ve d\u0131\u015ftaki yo\u011fun tahrik taciz ve sald\u0131r\u0131lar artm\u0131\u015ft\u0131r. T\u00fcrk milliyet\u00e7ileri ve \u00fclk\u00fcc\u00fcler bug\u00fcn kar\u015f\u0131m\u0131za \u00e7\u0131kar\u0131lan tuzaklar\u0131 ve oyunlar\u0131 bilmek durumundad\u0131r\u201d dedi.<\/p>\n<p style=\"text-align: justify;\"><em><strong>\u00c7ok kimlikli devlet<\/strong><\/em><\/p>\n<p style=\"text-align: justify;\">\u201cKar\u015f\u0131m\u0131zdaki ihanet projesinin hedefi T\u00fcrkiye Cumhuriyetinin milli devlet niteli\u011fini kaybetmesidir\u201d diyen Bah\u00e7eli, \u015f\u00f6yle devam etti: \u201cVarl\u0131\u011f\u0131m\u0131z\u0131n teminat\u0131 olan \u00fcniter yap\u0131n\u0131n suland\u0131r\u0131lmas\u0131d\u0131r. Bin y\u0131ll\u0131k de\u011ferlerin i\u00e7inin bo\u015falt\u0131larak milli birli\u011fin sars\u0131lmas\u0131d\u0131r. T\u00fcrkiye\u2019nin \u00e7ok kimlikli bir ortakl\u0131klar devleti haline getirilmesidir. T\u00fcrk milletinin k\u00f6klerinde, tarihinden, kimli\u011finden kopar\u0131lmas\u0131d\u0131r. Bu g\u00fcne kadar s\u00fcregelen varl\u0131\u011f\u0131m\u0131z\u0131 \u00f6ncelikle birlik ve b\u00fct\u00fcnl\u00fc\u011f\u00fcm\u00fcz\u00fc sa\u011flayan fikir, inan\u00e7 ve devlet adamlar\u0131n\u0131n \u00e7abalar\u0131na bor\u00e7lu olan bir milletiz. \u201d<\/p>\n<p style=\"text-align: justify;\"><strong><em>E\u015fk\u0131yay\u0131 susturmaktan aciz<\/em><\/strong><\/p>\n<p style=\"text-align: justify;\">H\u00fck\u00fcmetin a\u00e7\u0131l\u0131m ad\u0131 alt\u0131ndaki projesini ele\u015ftiren Bah\u00e7eli, \u201cBu karanl\u0131k tabloda T\u00fcrk milliyet\u00e7ilerin milli co\u011frafya, milli varl\u0131k i\u00e7in duydu\u011fu kayg\u0131lar 1919\u2019lu i\u015fgal y\u0131llar\u0131 ile \u00f6rt\u00fc\u015fmeye ba\u015flad\u0131. \u00dcstelik d\u0131\u015fardan de\u011fil i\u00e7erden gelmektedir tehditler. T\u00fcrkiye\u2019de uygulanan k\u00fcresel operasyonun son a\u015famalar\u0131n gelindi\u011fi anla\u015f\u0131lmaktad\u0131r. Her g\u00fcn ba\u015fka bir ba\u015fkentten gelen taciz a\u015fa\u011f\u0131lama ve alay h\u00fck\u00fcmet taraf\u0131n sineye \u00e7ekilmektedir. 600 y\u0131l d\u00fcnyay\u0131 titreten h\u00fck\u00fcmet bir avu\u00e7 e\u015fkiyay\u0131 ininde susturmaktan aciz d\u00fc\u015fm\u00fc\u015ft\u00fcr\u201d diye konu\u015ftu.<\/p>\n<p style=\"text-align: justify;\"><strong><em>Kara bulutlar dola\u015f\u0131yor<\/em><\/strong><\/p>\n<p style=\"text-align: justify;\">Osmanl\u0131\u2019ya dayat\u0131lan kapit\u00fclasyonlar\u0131n bug\u00fcn yine dayat\u0131lmakta oldu\u011funu ifade eden Bah\u00e7eli, \u015funlar\u0131 kaydetti: \u201cT\u00fcrkiye\u2019nin ufkunda kara bulutlar toplanmaktad\u0131r. T\u00fcrkiye her y\u00f6nden ku\u015fat\u0131lmakta i\u00e7 ve d\u0131\u015f g\u00fcvenlik sorunlar\u0131 a\u011f\u0131rla\u015fmakta ve milli kimli\u011fimiz tart\u0131\u015f\u0131lmaktad\u0131r. Tehlike \u00e7ok ciddidir. Zaferimizle sonu\u00e7lanacak bu m\u00fccadeleden yaln\u0131zca T\u00fcrk milletini de\u011fil mazlum milletleri de kurtaracak bir model do\u011facakt\u0131r. Bu inan\u00e7 bizde vard\u0131r, bu y\u00fcrek, bu sevda bizde vard\u0131r.\u201d<\/p>\n<p style=\"text-align: justify;\"><strong><em>Milliyet\u00e7ilerin karar verme vaktidir<\/em><\/strong><\/p>\n<p style=\"text-align: justify;\">MHP Genel Ba\u015fkan\u0131 Bah\u00e7eli, karar vaktinin geldi\u011fini ifade ederek, \u201cYa karde\u015fli\u011fimizin sars\u0131ld\u0131\u011f\u0131 kavga ve karga\u015fan\u0131n i\u00e7inde kimlik buhranlar\u0131 ile bo\u011fu\u015faca\u011f\u0131z, ya da T\u00fcrk milletine mensubiyetin gurur ve sevincini \u015feref ve huzur i\u00e7inde ya\u015fayaca\u011f\u0131z. Ya bir lokma ekmek i\u00e7in boyun e\u011ferek bir korkak ve tutsak olarak s\u00fcr\u00fcnmeye devam edece\u011fiz ya da adil, ba\u011f\u0131ms\u0131z g\u00fc\u00e7l\u00fc bir milli devlette onurlu insanlar olarak ya\u015fayaca\u011f\u0131z. Ya dayatmalar ve tavizlerle onurunu kaybetmi\u015f bir \u00fclkede ya\u015famay\u0131 i\u00e7imize sindirece\u011fiz ya da h\u00fcr, ba\u011f\u0131ms\u0131z, haysiyetli ve kudretli bir T\u00fcrkiye\u2019de ya\u015famay\u0131 se\u00e7ece\u011fiz\u201d diye konu\u015ftu.<\/p>\n<p style=\"text-align: justify;\"><em><strong>\u00c7anakkale\u2019yi ge\u00e7ilmez yapan ruh burada<\/strong><\/em><\/p>\n<p style=\"text-align: justify;\">Bah\u00e7eli, \u201cEmelleri ayn\u0131, y\u00f6ntemleri benzer, i\u015fbirlik\u00e7ileri tan\u0131d\u0131k. Sak\u0131n aldanmay\u0131n, yanl\u0131\u015f hesap yapmay\u0131n. 94 y\u0131l \u00f6nce bunun bedelini \u00c7anakkale\u2019de, 87 y\u0131l \u00f6nce T\u00fcrk\u2019e kefen bi\u00e7menin bedelini \u0130zmir\u2019de \u00f6dediniz. O g\u00fcnk\u00fc ruh \u00f6lmedi bu salonda ya\u015f\u0131yor. Hevesiniz bo\u015funa. \u00c7anakkale\u2019yi ge\u00e7ilmez yapan ruh b\u00fct\u00fcn ataletiyle bu salondad\u0131r. Milli m\u00fccadele ger\u00e7ekle\u015ftiren inan\u00e7 bug\u00fcn dimdik bu salondad\u0131r. \u0130hanet \u00e7emberi ve ku\u015fatma mutlaka k\u0131r\u0131lacakt\u0131r. Millet ad\u0131na verece\u011fimiz m\u00fccadele art\u0131k zorunlu ve ka\u00e7\u0131n\u0131lmaz. Burada m\u00fccadeleden ne anlamam\u0131z gerekti\u011finin de bilinmesi gerekti\u011fini s\u00f6yleyerek ayd\u0131nlatmak istiyorum\u201d dedi.<\/p>\n<p style=\"text-align: justify;\">Bah\u00e7eli, &#8220;\u00dclk\u00fcc\u00fcl\u00fck ve milliyet\u00e7ilik marjinal bir anlay\u0131\u015f ve sokak hareketi de\u011fildir, sokakta bulunmam\u0131\u015ft\u0131r. Sokakta kaybedilmeyecektir. Ama bozguncular\u0131n da bilmesini istedi\u011fim \u015fudur; yeri gelirse can feda olsun, Anadolu yeniden fethedilir&#8221; diye konu\u015ftu.<\/p>\n<p style=\"text-align: justify;\"><em><strong>M\u00fcnaf\u0131k siyaseti izliyorlar<\/strong><\/em><\/p>\n<p style=\"text-align: justify;\">MHP Grup Ba\u015fkanvekili Oktay Vural, MHP Genel Ba\u015fkan\u0131 Devlet Bah\u00e7eli hakk\u0131nda manevi tazminat davas\u0131 a\u00e7an Ba\u015fbakan Recep Tayyip Erdo\u011fan\u2019\u0131 \u201cAs\u0131l hesapla\u015fma Y\u00fcce Divan\u2019da ger\u00e7ekle\u015fecek\u201d s\u00f6zleriyle uyard\u0131. 78\u2019inci \u0130zmir Enternasyonel Fuar\u0131\u2019n\u0131n a\u00e7\u0131l\u0131\u015f t\u00f6renine kat\u0131lan Vural, Ba\u015fbakan Erdo\u011fan\u2019\u0131n kendilerine y\u00f6nelik dava a\u00e7ma karar\u0131n\u0131 de\u011ferlendirdi. Erdo\u011fan\u2019\u0131n \u00fcslubundan bug\u00fcne kadar herkesin nasibini ald\u0131\u011f\u0131n\u0131 belirten Vural, \u201cSay\u0131n Ba\u015fbakan\u2019\u0131n \u00fcslubu malum. Bu \u00fcsluptan doktorlar\u0131m\u0131z, \u00e7ift\u00e7ilerimiz, i\u015f\u00e7ilerimiz, i\u015fsizlerimiz, i\u015fadamlar\u0131m\u0131z, askerlerimiz ve \u00f6\u011frencilerimiz hepsi nasibini ald\u0131. Dolay\u0131s\u0131yla siyasette b\u00f6yle \u015feylerde bask\u0131n \u00e7\u0131kma, zeytin ya\u011f\u0131 gibi \u00fcste \u00e7\u0131kan siyaset anlay\u0131\u015f\u0131yla kar\u015f\u0131 kar\u015f\u0131yay\u0131z. Bunu \u2019m\u00fcnaf\u0131k siyaseti\u2019 diye adland\u0131r\u0131yorum. \u0130ki y\u00fczl\u00fc siyaset. Hem su\u00e7lular, hem g\u00fc\u00e7l\u00fcler. Yani iyi bir silah olarak kullanmak istiyorlar\u201d diye konu\u015ftu. Ba\u015fbakan\u2019a y\u00f6nelik ele\u015ftirilerinin s\u00fcrece\u011fini ifade eden Vural,<\/p>\n<p style=\"text-align: justify;\">\u201cMilletimizin bunlarla davas\u0131 vard\u0131r. Bu dava sand\u0131kta g\u00f6r\u00fclecektir. As\u0131l hesapla\u015fma bu fitne fesat\u0131 sokanlara y\u00f6nelik Y\u00fcce Divan\u2019da Ger\u00e7ekle\u015fecektir. \u201c diye konu\u015ftu.<\/p>\n<p style=\"text-align: justify;\"><span style=\"color: #888888;\"><span style=\"color: #003366;\">Kaynak :<\/span> <span style=\"color: #ff6600;\"><a style=\"color: #ff6600;\" href=\"http:\/\/www.yenicaggazetesi.com.tr\/ihanet-projesinin-hedefi-milli-devlet-22324h.htm\" target=\"_blank\">yenicaggazetesi.com.tr<\/a><\/span><\/span><\/p>\n","protected":false},"excerpt":{"rendered":"<p style=\"text-align: center;\">\n<p style=\"text-align: justify;\">\n<p style=\"text-align: justify;\">MHP Genel Ba\u015fkan\u0131 Devlet Bah\u00e7eli, \u201c\u00c7\u00f6z\u00fclen \u00dclke T\u00fcrkiye ve \u00dclk\u00fcm\u00fcz\u201d konulu konferansta partililere hitap etti. S\u00f6zde K\u00fcrt a\u00e7\u0131l\u0131m\u0131na y\u00f6nelik sert ele\u015ftirilerini s\u00fcrd\u00fcren Devlet Bah\u00e7eli, \u201c\u0130hanet projesinin hedefi T\u00fcrkiye Cumhuriyetinin milli devlet niteli\u011fini kaybetmesidir\u201d dedi.<\/p>\n<p style=\"text-align: justify;\">\u0130hanet projesinin hedefi milli devlet<\/p>\n<p style=\"text-align: justify;\">T\u00fcrkiye\u2019nin b\u00fcy\u00fck ve <\/p>\n","protected":false},"author":1,"featured_media":0,"comment_status":"open","ping_status":"closed","sticky":false,"template":"","format":"standard","meta":{"footnotes":""},"categories":[105],"tags":[],"class_list":["post-14059","post","type-post","status-publish","format-standard","hentry","category-gundem","odd"],"_links":{"self":[{"href":"http:\/\/www.korhanyilmaz.com\/index.php?rest_route=\/wp\/v2\/posts\/14059","targetHints":{"allow":["GET"]}}],"collection":[{"href":"http:\/\/www.korhanyilmaz.com\/index.php?rest_route=\/wp\/v2\/posts"}],"about":[{"href":"http:\/\/www.korhanyilmaz.com\/index.php?rest_route=\/wp\/v2\/types\/post"}],"author":[{"embeddable":true,"href":"http:\/\/www.korhanyilmaz.com\/index.php?rest_route=\/wp\/v2\/users\/1"}],"replies":[{"embeddable":true,"href":"http:\/\/www.korhanyilmaz.com\/index.php?rest_route=%2Fwp%2Fv2%2Fcomments&post=14059"}],"version-history":[{"count":0,"href":"http:\/\/www.korhanyilmaz.com\/index.php?rest_route=\/wp\/v2\/posts\/14059\/revisions"}],"wp:attachment":[{"href":"http:\/\/www.korhanyilmaz.com\/index.php?rest_route=%2Fwp%2Fv2%2Fmedia&parent=14059"}],"wp:term":[{"taxonomy":"category","embeddable":true,"href":"http:\/\/www.korhanyilmaz.com\/index.php?rest_route=%2Fwp%2Fv2%2Fcategories&post=14059"},{"taxonomy":"post_tag","embeddable":true,"href":"http:\/\/www.korhanyilmaz.com\/index.php?rest_route=%2Fwp%2Fv2%2Ftags&post=14059"}],"curies":[{"name":"wp","href":"https:\/\/api.w.org\/{rel}","templated":true}]}}