{"id":14051,"date":"2009-08-29T22:17:48","date_gmt":"2009-08-29T19:17:48","guid":{"rendered":"http:\/\/www.korhanyilmaz.com\/?p=14051"},"modified":"2009-08-29T22:17:48","modified_gmt":"2009-08-29T19:17:48","slug":"baykal-imraliyi-muhatap-yaptilar","status":"publish","type":"post","link":"http:\/\/www.korhanyilmaz.com\/?p=14051","title":{"rendered":"Baykal: &#039;\u0130mral\u0131&#039;y\u0131 muhatap yapt\u0131lar&#039;"},"content":{"rendered":"<p style=\"text-align: justify;\"><a href=\"http:\/\/www.korhanyilmaz.com\/wp-content\/uploads\/2009\/08\/baykal21.jpg\"  class=\"lightview\"><img loading=\"lazy\" decoding=\"async\" class=\"aligncenter size-full wp-image-14052\" src=\"http:\/\/www.korhanyilmaz.com\/wp-content\/uploads\/2009\/08\/baykal21.jpg\" alt=\"\" width=\"246\" height=\"189\" \/><\/a><\/p>\n<p style=\"text-align: justify;\">CHP Genel Ba\u015fkan\u0131 Deniz Baykal, &#8220;Herkes \u015fimdi \u0130mral\u0131&#8217;dan gelecek raporu bekliyor. T\u00fcrkiye&#8217;yi bu hale nas\u0131l getirdiniz? \u0130mral\u0131&#8217;y\u0131 muhatap yapt\u0131lar&#8221; dedi.<\/p>\n<p style=\"text-align: justify;\">\u0130zmir program\u0131 kapsam\u0131nda \u00d6demi\u015f&#8217;e gelen Baykal, belediye \u00f6n\u00fcnde vatanda\u015flara seslendi.<\/p>\n<p style=\"text-align: justify;\">AK Parti&#8217;nin iktidarda yedi y\u0131l\u0131n\u0131 tamamlad\u0131\u011f\u0131n\u0131 ancak, &#8220;yolsuzluk ve h\u0131rs\u0131zl\u0131kla m\u00fccadele edemedi\u011fini&#8221; \u00f6ne s\u00fcren Baykal, Deniz Feneri konusunun hesab\u0131n\u0131n sorulmad\u0131\u011f\u0131n\u0131 iddia etti.<\/p>\n<p style=\"text-align: justify;\">Baykal, &#8220;Deniz Feneri&#8217;yle ilgili dava a\u00e7\u0131ld\u0131 m\u0131? Oradaki yolsuzlu\u011fu yapanlar T\u00fcrk vatanda\u015f\u0131. O paray\u0131 kullananlar T\u00fcrk vatanda\u015f\u0131, senin kanunun, savc\u0131n yok mu? Sordum Ba\u015fbakan&#8217;a, &#8216;Tan\u0131yor musun bu insanlar\u0131&#8217; dedim. H\u0131s\u0131m akrabas\u0131 \u00e7\u0131kt\u0131, o\u011flunun d\u00fcn\u00fcr\u00fc. &#8216;\u0130man&#8217; diyeceksin, &#8216;d\u00fcr\u00fcstl\u00fck&#8217; diyeceksin sonra vatanda\u015flar\u0131n fitrelerini, zekatlar\u0131n\u0131 buraya getirecekler, buraya getiren adam\u0131 RT\u00dcK&#8217;e ba\u015fkan yapacaks\u0131n&#8221; dedi. <!--more--><\/p>\n<p style=\"text-align: justify;\">&#8220;T\u00fcrkiye&#8217;de yolsuzluk m\u00fccadelesinin samimi olup olmad\u0131\u011f\u0131n\u0131 anlamak i\u00e7in dokunulmazl\u0131\u011f\u0131n kald\u0131r\u0131lmas\u0131n\u0131 istiyor musun, istemiyor musun onu sormak laz\u0131m&#8221; diyen CHP lideri, &#8220;Daha 2002&#8217;de Ba\u015fbakan olmadan \u00f6nce televizyona \u00e7\u0131k\u0131p hep beraber s\u00f6z verdik &#8216;Dokunulmazl\u0131\u011f\u0131 kald\u0131raca\u011f\u0131z&#8217; diye ne oldu, 7 y\u0131l ge\u00e7ti. Niye? Kendisinin, milletvekillerinin bakanlar\u0131n\u0131n dosyalar\u0131 var&#8221; diye konu\u015ftu.<\/p>\n<p style=\"text-align: justify;\">Baykal, \u00d6demi\u015f&#8217;ten sonra Beyda\u011f il\u00e7esine ge\u00e7erek parti otob\u00fcs\u00fcnden halka hitap etti. Ard\u0131ndan Kiraz il\u00e7esine giden Baykal, belediye \u00f6n\u00fcnde yapt\u0131\u011f\u0131 konu\u015fmada, H\u00fck\u00fcmet&#8217;in y\u00fcr\u00fctt\u00fc\u011f\u00fc &#8220;demokratik a\u00e7\u0131l\u0131m&#8221; \u00e7al\u0131\u015fmas\u0131n\u0131 ele\u015ftirdi.<\/p>\n<p style=\"text-align: justify;\">Baykal, &#8220;Herkes \u015fimdi \u0130mral\u0131&#8217;dan gelecek raporu bekliyor. T\u00fcrkiye&#8217;yi bu hale nas\u0131l getirdiniz? \u0130mral\u0131&#8217;y\u0131 muhatap yapt\u0131lar. Bir t\u00fcrl\u00fc dillerinin ucuna gelen baklay\u0131 \u00e7\u0131karam\u0131yorlar. Bunlar\u0131 bilin. Bizi topla t\u00fcfekle b\u00f6lemezler. Bizi, dilimizle ay\u0131rarak, b\u00f6lebilirler. Bunlar dili ay\u0131rd\u0131\u011f\u0131 zaman milli e\u011fitimin millisini kald\u0131rs\u0131n, ona &#8216;etnik e\u011fitim&#8217; desin. Memlekete bunu sokmayaca\u011f\u0131z. Parti i\u015fini b\u0131rakacak, bu anlay\u0131\u015fla m\u00fccadele edece\u011fiz. Siyasetin zaman\u0131 gelir onu da yapar\u0131z&#8221; ifadelerini kulland\u0131.<\/p>\n<p style=\"text-align: justify;\"><span style=\"color: #888888;\">CNN T\u00dcRK<\/span><\/p>\n","protected":false},"excerpt":{"rendered":"<p style=\"text-align: justify;\">\n<p style=\"text-align: justify;\">CHP Genel Ba\u015fkan\u0131 Deniz Baykal, &#8220;Herkes \u015fimdi \u0130mral\u0131&#8217;dan gelecek raporu bekliyor. T\u00fcrkiye&#8217;yi bu hale nas\u0131l getirdiniz? \u0130mral\u0131&#8217;y\u0131 muhatap yapt\u0131lar&#8221; dedi.<\/p>\n<p style=\"text-align: justify;\">\u0130zmir program\u0131 kapsam\u0131nda \u00d6demi\u015f&#8217;e gelen Baykal, belediye \u00f6n\u00fcnde vatanda\u015flara seslendi.<\/p>\n<p style=\"text-align: justify;\">AK Parti&#8217;nin iktidarda yedi y\u0131l\u0131n\u0131 tamamlad\u0131\u011f\u0131n\u0131 ancak, &#8220;yolsuzluk ve h\u0131rs\u0131zl\u0131kla m\u00fccadele edemedi\u011fini&#8221; \u00f6ne s\u00fcren Baykal, Deniz <\/p>\n","protected":false},"author":1,"featured_media":0,"comment_status":"open","ping_status":"closed","sticky":false,"template":"","format":"standard","meta":{"footnotes":""},"categories":[105],"tags":[],"class_list":["post-14051","post","type-post","status-publish","format-standard","hentry","category-gundem","odd"],"_links":{"self":[{"href":"http:\/\/www.korhanyilmaz.com\/index.php?rest_route=\/wp\/v2\/posts\/14051","targetHints":{"allow":["GET"]}}],"collection":[{"href":"http:\/\/www.korhanyilmaz.com\/index.php?rest_route=\/wp\/v2\/posts"}],"about":[{"href":"http:\/\/www.korhanyilmaz.com\/index.php?rest_route=\/wp\/v2\/types\/post"}],"author":[{"embeddable":true,"href":"http:\/\/www.korhanyilmaz.com\/index.php?rest_route=\/wp\/v2\/users\/1"}],"replies":[{"embeddable":true,"href":"http:\/\/www.korhanyilmaz.com\/index.php?rest_route=%2Fwp%2Fv2%2Fcomments&post=14051"}],"version-history":[{"count":0,"href":"http:\/\/www.korhanyilmaz.com\/index.php?rest_route=\/wp\/v2\/posts\/14051\/revisions"}],"wp:attachment":[{"href":"http:\/\/www.korhanyilmaz.com\/index.php?rest_route=%2Fwp%2Fv2%2Fmedia&parent=14051"}],"wp:term":[{"taxonomy":"category","embeddable":true,"href":"http:\/\/www.korhanyilmaz.com\/index.php?rest_route=%2Fwp%2Fv2%2Fcategories&post=14051"},{"taxonomy":"post_tag","embeddable":true,"href":"http:\/\/www.korhanyilmaz.com\/index.php?rest_route=%2Fwp%2Fv2%2Ftags&post=14051"}],"curies":[{"name":"wp","href":"https:\/\/api.w.org\/{rel}","templated":true}]}}