{"id":14047,"date":"2009-08-30T11:00:55","date_gmt":"2009-08-30T08:00:55","guid":{"rendered":"http:\/\/www.korhanyilmaz.com\/?p=14047"},"modified":"2011-07-20T13:04:18","modified_gmt":"2011-07-20T10:04:18","slug":"buyuk-zafer-kutlaniyor","status":"publish","type":"post","link":"http:\/\/www.korhanyilmaz.com\/?p=14047","title":{"rendered":"B\u00fcy\u00fck Zafer kutlan\u0131yor"},"content":{"rendered":"<p><a href=\"http:\/\/www.korhanyilmaz.com\/wp-content\/uploads\/2009\/08\/1679.jpg\"  class=\"lightview\"><img loading=\"lazy\" decoding=\"async\" class=\"aligncenter size-full wp-image-37092\" title=\"\" src=\"http:\/\/www.korhanyilmaz.com\/wp-content\/uploads\/2009\/08\/1679.jpg\" alt=\"\" width=\"300\" height=\"187\" \/><\/a><\/p>\n<p style=\"text-align: justify;\">30 A\u011fustos Zafer Bayram\u0131 ve T\u00fcrk Silahl\u0131 Kuvvetleri G\u00fcn\u00fc dolay\u0131s\u0131yla ilk t\u00f6ren, An\u0131tkabir\u2019de d\u00fczenlendi.<\/p>\n<p style=\"text-align: justify;\">Tebrik t\u00f6reninden \u00f6ncesi Ba\u015fbakan Recep Tayyip Erdo\u011fan ile CHP Genel Ba\u015fkan\u0131 Deniz Baykal\u2019\u0131n bekleme salonunda bir s\u00fcre sohbet etmesi g\u00f6zlerden ka\u00e7mad\u0131.<\/p>\n<p style=\"text-align: justify;\"><span style=\"color: #993300;\"><strong>ANKARA:<\/strong><\/span><\/p>\n<p style=\"text-align: justify;\">An\u0131tkabir&#8217;deki t\u00f6ren, Genelkurmay Ba\u015fkan\u0131 Orgeneral \u0130lker Ba\u015fbu\u011f, Kara Kuvvetleri Komutan\u0131 Orgeneral I\u015f\u0131k Ko\u015faner, Deniz Kuvvetleri Komutan\u0131 Oramiral E\u015fref U\u011fur Yi\u011fit, Hava Kuvvetleri Komutan\u0131 Orgeneral Hasan Aksay, Jandarma Genel Komutan\u0131 Orgeneral Atila I\u015f\u0131k, Genelkurmay \u0130kinci Ba\u015fkan\u0131 Orgeneral Aslan G\u00fcner, Genelkurmay \u0130kinci Ba\u015fkan Yard\u0131mc\u0131s\u0131 Orgeneral Bilgin Balanl\u0131, Kara Kuvvetleri E\u011fitim ve Doktrin Komutan\u0131 Orgeneral Erdal Ceylano\u011flu ve askeri erkan\u0131n Aslanl\u0131 Yol&#8217;dan y\u00fcr\u00fcy\u00fc\u015f\u00fcyle ba\u015flad\u0131.<\/p>\n<p style=\"text-align: justify;\">Orgeneral Ba\u015fbu\u011f, Atat\u00fcrk&#8217;\u00fcn mozolesine \u00fczerinde &#8220;T\u00fcrk Silahl\u0131 Kuvvetleri&#8221; yaz\u0131l\u0131 k\u0131rm\u0131z\u0131 ve beyaz karanfillerden olu\u015fan \u00e7elenk b\u0131rakt\u0131.<\/p>\n<p style=\"text-align: justify;\">Sayg\u0131 duru\u015funda bulunulmas\u0131n\u0131n ard\u0131ndan \u0130stiklal Mar\u015f\u0131 okundu. Orgeneral Ba\u015fbu\u011f ve t\u00f6rene kat\u0131lanlar, An\u0131tkabir merdivenlerinde hat\u0131ra foto\u011fraf\u0131 \u00e7ektirdi. <!--more--><\/p>\n<p style=\"text-align: justify;\">Daha sonra Misak-\u0131 Milli kulesine ge\u00e7en Orgeneral Ba\u015fbu\u011f, An\u0131tkabir \u00d6zel Defteri&#8217;ne \u015funlar\u0131 yazd\u0131:<\/p>\n<p style=\"text-align: justify;\">&#8220;Ulusumuzun b\u00fcy\u00fck \u00f6nderi, ordular\u0131m\u0131z\u0131n ebedi Ba\u015fkomutan\u0131, e\u015fsiz devlet adam\u0131 y\u00fcce Atat\u00fcrk, \u00dcst\u00fcn liderli\u011finizde T\u00fcrk milleti ve ordusuyla ger\u00e7ekle\u015ftirdi\u011finiz B\u00fcy\u00fck Taarruz ve 30 A\u011fustos Zafer Bayram\u0131&#8217;n\u0131n 87. y\u0131l d\u00f6n\u00fcm\u00fc nedeniyle huzurlar\u0131n\u0131zday\u0131z. B\u00fcy\u00fck Taarruz, T\u00fcrkiye Cumhuriyeti&#8217;nin temelinin at\u0131ld\u0131\u011f\u0131, tarihe y\u00f6n veren emsalsiz bir muharebedir. Bug\u00fcn ba\u011f\u0131ms\u0131z bir devlet \u00e7at\u0131s\u0131 alt\u0131nda ya\u015fayan herkes bu zafere ve O&#8217;nu kazanana \u00e7ok \u015fey bor\u00e7ludur. Kurdu\u011fun T\u00fcrkiye Cumhuriyeti&#8217;nin temel nitelikleri, \u00fclkesi ve milletiyle b\u00f6l\u00fcnmez b\u00fct\u00fcnl\u00fc\u011f\u00fc ve T\u00fcrk milletinin b\u00fcy\u00fck Atat\u00fcrk sevgisi sonsuza kadar ya\u015fayacakt\u0131r. G\u00fcc\u00fcn\u00fc milletinden, \u0131\u015f\u0131\u011f\u0131n\u0131 sizden, cesaretini tarihten, kuvvetini damarlar\u0131ndaki asil kandan alan T\u00fcrk ordusu her zaman n\u00f6bette ve g\u00f6revinin ba\u015f\u0131ndad\u0131r. Rahat uyu, ruhun \u015fad olsun.&#8221;<\/p>\n<p style=\"text-align: justify;\">Orgeneral Ba\u015fbu\u011f daha sonra deftere yazd\u0131\u011f\u0131 metni y\u00fcksek sesle okudu.<\/p>\n<p style=\"text-align: justify;\"><strong>Erdo\u011fan ile Baykal sohbet etti.<\/strong><\/p>\n<p style=\"text-align: justify;\">\u00d6te yandan Genelkurmay Ba\u015fkan\u0131 Orgeneral \u0130lker Ba\u015fbu\u011f ile kuvvet komutanlar\u0131, 30 A\u011fustos Zafer Bayram\u0131 ve T\u00fcrk Silahl\u0131 Kuvvetleri (TSK) G\u00fcn\u00fc dolay\u0131s\u0131yla tebrikleri kabul etti.<\/p>\n<p style=\"text-align: justify;\">Orgeneral Ba\u015fbu\u011f ile Kara Kuvvetleri Komutan\u0131 Orgeneral I\u015f\u0131k Ko\u015faner, Deniz Kuvvetleri Komutan\u0131 Oramiral E\u015fref U\u011fur Yi\u011fit, Hava Kuvvetleri Komutan\u0131 Orgeneral Hasan Aksay konuklarla tokala\u015ft\u0131. Orgeneral Ba\u015fbu\u011f ve kuvvet komutanlar\u0131n\u0131; TBMM Ba\u015fkan\u0131 Mehmet Ali \u015eahin, Ba\u015fbakan Recep Tayyip Erdo\u011fan, CHP Genel Ba\u015fkan\u0131 Deniz Baykal, Anayasa Mahkemesi Ba\u015fkan\u0131 Ha\u015fim K\u0131l\u0131\u00e7, Yarg\u0131tay Ba\u015fkan\u0131 Hasan Ger\u00e7eker, Dan\u0131\u015ftay Ba\u015fkan\u0131 Mustafa Birden, Bakanlar Kurulu \u00fcyeleri, MHP Genel Ba\u015fkan\u0131 Devlet Bah\u00e7eli, Y\u00fcksek\u00f6\u011fretim Kurulu Ba\u015fkan\u0131 Prof. Dr. Yusuf Ziya \u00d6zcan, DSP Genel Ba\u015fkan\u0131 Masum T\u00fcrker, milletvekilleri, Cumhurba\u015fkanl\u0131\u011f\u0131 Genel Sekreteri Mustafa \u0130sen, Anayasa Mahkemesi Ba\u015fkanvekili Osman Paks\u00fct, HSYK Ba\u015fkanvekili Kadir \u00d6zbek, Ankara Valisi Kemal \u00d6nal, Ankara B\u00fcy\u00fck\u015fehir Belediye Ba\u015fkan\u0131 Melih G\u00f6k\u00e7ek, orgeneraller, oramiraller, b\u00fcrokratlar ve yabanc\u0131 askeri ata\u015feler tebrik ettiler.<\/p>\n<p style=\"text-align: justify;\">T\u00f6renin ba\u015flamas\u0131ndan \u00f6nce Ba\u015fbakan Erdo\u011fan ile CHP Genel Ba\u015fkan\u0131 Baykal&#8217;\u0131n bekleme salonunda bir s\u00fcre sohbet ettikleri g\u00f6r\u00fcld\u00fc.<\/p>\n<p style=\"text-align: justify;\"><span style=\"color: #993300;\"><strong>\u0130STANBUL: <\/strong><\/span><\/p>\n<p style=\"text-align: justify;\"><strong><em>Taksim Meydan\u0131:<\/em><\/strong><\/p>\n<p style=\"text-align: justify;\">30 A\u011fustos Zafer Bayram\u0131 ve T\u00fcrk Silahl\u0131 Kuvvetleri G\u00fcn\u00fc dolay\u0131s\u0131yla Taksim Cumhuriyet An\u0131t\u0131&#8217;nda t\u00f6ren d\u00fczenlendi. T\u00f6ren, \u0130stanbul Valisi Muammer G\u00fcler, 1. Ordu Komutan\u0131 Orgeneral Hasan I\u011fs\u0131z, B\u00fcy\u00fck\u015fehir Belediye Ba\u015fkan\u0131 Kadir Topba\u015f, \u00fcniversiteler, siyasi partiler, yarg\u0131 organlar\u0131 ve \u00e7e\u015fitli sivil toplum \u00f6rg\u00fctlerinin Taksim Cumhuriyet An\u0131t\u0131&#8217;na \u00e7elenk koymalar\u0131yla ba\u015flad\u0131.<\/p>\n<p style=\"text-align: justify;\">1. Ordu Komutan\u0131 Orgeneral I\u011fs\u0131z, An\u0131t \u015eeref Defteri&#8217;ne \u015funlar\u0131 yazd\u0131:<\/p>\n<p style=\"text-align: justify;\">&#8220;Bug\u00fcn y\u00fcce milletimizin ve onun ayr\u0131lmaz par\u00e7as\u0131 olan T\u00fcrk Silahl\u0131 Kuvvetlerimizin bir b\u00fct\u00fcn olarak ger\u00e7ekle\u015ftirdi\u011fi zaferin 87. y\u0131l d\u00f6n\u00fcm\u00fc m\u00fcnasebetiyle minnet ve \u015f\u00fckran duygular\u0131m\u0131zla huzurunuzday\u0131z. T\u00fcrk Silahl\u0131 Kuvvetleri, ge\u00e7mi\u015fte en zor \u015fartlar alt\u0131nda yurdunu ve ulusun d\u00fc\u015fman istilas\u0131ndan kurtard\u0131\u011f\u0131 gibi bug\u00fcn de ayn\u0131 azim ve kararl\u0131l\u0131kla \u00e7a\u011f\u0131n gereklerine uygun donan\u0131m\u0131yla T\u00fcrkiye Cumhuriyeti&#8217;ni her t\u00fcrl\u00fc tehlikeye kar\u015f\u0131 korumak ve kollamak amac\u0131yla g\u00f6revinin ba\u015f\u0131ndad\u0131r. T\u00fcrkiye Cumhuriyeti ve T\u00fcrk ulusunun hizmetinde, Atat\u00fcrk\u00e7\u00fc d\u00fc\u015f\u00fcnce sistemini benimseyerek g\u00f6rev yapan T\u00fcrk Silahl\u0131 Kuvvetleri olarak huzurunda sayg\u0131yla e\u011filiyor, \u015fehitlerimizi rahmetle, gazilerimizi sayg\u0131 ve h\u00fcrmet an\u0131yoruz&#8221;<\/p>\n<p style=\"text-align: justify;\"><em><strong>Be\u015fikta\u015f:<\/strong><\/em><\/p>\n<p style=\"text-align: justify;\">Be\u015fikta\u015f&#8217;taki Atat\u00fcrk Cumhuriyet Demokrasi An\u0131t\u0131&#8217;nda da bir t\u00f6ren d\u00fczenlendi.<\/p>\n<p style=\"text-align: justify;\">T\u00f6ren, Be\u015fikta\u015f Kaymakam\u0131 Sadettin Y\u00fccel, Deniz M\u00fczesi Komutan\u0131 Deniz Kurmay K\u0131demli Albay Ali R\u0131za I\u015fipek, Be\u015fikta\u015f Belediye Ba\u015fkan\u0131 \u0130smail \u00dcnal, \u00fcniversiteler, siyasi partiler ve \u00e7e\u015fitli sivil toplum \u00f6rg\u00fctlerinin, Atat\u00fcrk Cumhuriyet Demokrasi An\u0131t\u0131&#8217;na \u00e7elenk koymas\u0131yla ba\u015flad\u0131. Be\u015fikta\u015f&#8217;taki t\u00f6ren, sayg\u0131 duru\u015funda bulunulmas\u0131 ve \u0130stiklal Mar\u015f\u0131&#8217;n\u0131n okunmas\u0131n\u0131n ard\u0131ndan sona erdi.<\/p>\n<p style=\"text-align: justify;\"><span style=\"color: #993300;\"><strong>\u0130ZM\u0130R:<\/strong><\/span><\/p>\n<p style=\"text-align: justify;\">30 A\u011fustos Zafer Bayram\u0131 ve T\u00fcrk Silahl\u0131 Kuvvetleri G\u00fcn\u00fc dolay\u0131s\u0131yla \u0130zmir Cumhuriyet Meydan\u0131&#8217;nda t\u00f6ren d\u00fczenlendi. T\u00f6ren, \u0130zmir Valisi Cahit K\u0131ra\u00e7, Ege Ordusu ve Garnizon Komutan\u0131 Orgeneral Hayri K\u0131vr\u0131ko\u011flu, \u0130zmir B\u00fcy\u00fck\u015fehir Belediye Ba\u015fkan\u0131 Aziz Kocao\u011flu, \u0130zmir Cumhuriyet Ba\u015fsavc\u0131l\u0131\u011f\u0131, \u00fcniversiteler, siyasi partiler ve \u00e7e\u015fitli sivil toplum \u00f6rg\u00fctlerinin Atat\u00fcrk An\u0131t\u0131&#8217;na \u00e7elenk koymas\u0131yla ba\u015flad\u0131.<\/p>\n<p style=\"text-align: justify;\">Sayg\u0131 duru\u015fu ve \u0130stiklal Mar\u015f\u0131n\u0131n ard\u0131ndan Ege Ordusu ve Garnizon Komutan\u0131 Orgeneral K\u0131vr\u0131ko\u011flu, an\u0131t \u015feref defterini imzalad\u0131. Yazd\u0131klar\u0131n\u0131 y\u00fcksek sesle okuyan Orgeneral K\u0131vr\u0131ko\u011flu, \u015fanl\u0131 T\u00fcrk tarihinde m\u00fcstesna yeri olan B\u00fcy\u00fck Zaferin 87. y\u0131l d\u00f6n\u00fcm\u00fcn\u00fc kutlaman\u0131n gurur ve heyecan\u0131n\u0131 ya\u015fad\u0131klar\u0131n\u0131 s\u00f6yledi.<\/p>\n<p style=\"text-align: justify;\">Orgeneral K\u0131vr\u0131ko\u011flu, 87 y\u0131l \u00f6nce T\u00fcrk milletinin ve kahraman T\u00fcrk ordusunun \u00fclkeyi i\u015fgale kalk\u0131\u015fan d\u00fc\u015fman ordular\u0131n\u0131 hi\u00e7bir zaman unutamayacaklar\u0131 bir hezimete u\u011fratt\u0131\u011f\u0131n\u0131, b\u00fcy\u00fck bir kahramanl\u0131k ve insanl\u0131k dersi vererek tarihte e\u015fine ender rastlan\u0131lan 30 A\u011fustos Zafer Destan\u0131&#8217;n\u0131 yazd\u0131\u011f\u0131n\u0131 belirtti.<\/p>\n<p style=\"text-align: justify;\"><span style=\"color: #808080;\">CNN T\u00dcRK<\/span><\/p>\n","protected":false},"excerpt":{"rendered":"<\/p>\n<p style=\"text-align: justify;\">30 A\u011fustos Zafer Bayram\u0131 ve T\u00fcrk Silahl\u0131 Kuvvetleri G\u00fcn\u00fc dolay\u0131s\u0131yla ilk t\u00f6ren, An\u0131tkabir\u2019de d\u00fczenlendi.<\/p>\n<p style=\"text-align: justify;\">Tebrik t\u00f6reninden \u00f6ncesi Ba\u015fbakan Recep Tayyip Erdo\u011fan ile CHP Genel Ba\u015fkan\u0131 Deniz Baykal\u2019\u0131n bekleme salonunda bir s\u00fcre sohbet etmesi g\u00f6zlerden ka\u00e7mad\u0131.<\/p>\n<p style=\"text-align: justify;\">ANKARA:<\/p>\n<p style=\"text-align: justify;\">An\u0131tkabir&#8217;deki t\u00f6ren, Genelkurmay Ba\u015fkan\u0131 Orgeneral \u0130lker Ba\u015fbu\u011f, Kara Kuvvetleri Komutan\u0131 <\/p>\n","protected":false},"author":1,"featured_media":0,"comment_status":"open","ping_status":"closed","sticky":false,"template":"","format":"standard","meta":{"footnotes":""},"categories":[105],"tags":[],"class_list":["post-14047","post","type-post","status-publish","format-standard","hentry","category-gundem","odd"],"_links":{"self":[{"href":"http:\/\/www.korhanyilmaz.com\/index.php?rest_route=\/wp\/v2\/posts\/14047","targetHints":{"allow":["GET"]}}],"collection":[{"href":"http:\/\/www.korhanyilmaz.com\/index.php?rest_route=\/wp\/v2\/posts"}],"about":[{"href":"http:\/\/www.korhanyilmaz.com\/index.php?rest_route=\/wp\/v2\/types\/post"}],"author":[{"embeddable":true,"href":"http:\/\/www.korhanyilmaz.com\/index.php?rest_route=\/wp\/v2\/users\/1"}],"replies":[{"embeddable":true,"href":"http:\/\/www.korhanyilmaz.com\/index.php?rest_route=%2Fwp%2Fv2%2Fcomments&post=14047"}],"version-history":[{"count":0,"href":"http:\/\/www.korhanyilmaz.com\/index.php?rest_route=\/wp\/v2\/posts\/14047\/revisions"}],"wp:attachment":[{"href":"http:\/\/www.korhanyilmaz.com\/index.php?rest_route=%2Fwp%2Fv2%2Fmedia&parent=14047"}],"wp:term":[{"taxonomy":"category","embeddable":true,"href":"http:\/\/www.korhanyilmaz.com\/index.php?rest_route=%2Fwp%2Fv2%2Fcategories&post=14047"},{"taxonomy":"post_tag","embeddable":true,"href":"http:\/\/www.korhanyilmaz.com\/index.php?rest_route=%2Fwp%2Fv2%2Ftags&post=14047"}],"curies":[{"name":"wp","href":"https:\/\/api.w.org\/{rel}","templated":true}]}}