{"id":14042,"date":"2009-08-30T10:15:38","date_gmt":"2009-08-30T08:15:38","guid":{"rendered":"http:\/\/www.korhanyilmaz.com\/?p=14042"},"modified":"2009-08-30T10:15:38","modified_gmt":"2009-08-30T08:15:38","slug":"acilim-secim-sonucunu-tayin-edecek","status":"publish","type":"post","link":"http:\/\/www.korhanyilmaz.com\/?p=14042","title":{"rendered":"A\u00e7\u0131l\u0131m se\u00e7im sonucunu tayin edecek"},"content":{"rendered":"<p style=\"text-align: justify;\"><a href=\"http:\/\/www.korhanyilmaz.com\/wp-content\/uploads\/2009\/08\/bulen_arinc.jpg\"  class=\"lightview\"><img loading=\"lazy\" decoding=\"async\" class=\"size-full wp-image-14043 alignleft\" style=\"margin: 0px 10px;\" title=\"bulen_arinc\" src=\"http:\/\/www.korhanyilmaz.com\/wp-content\/uploads\/2009\/08\/bulen_arinc.jpg\" alt=\"bulen_arinc\" width=\"110\" height=\"110\" \/><\/a> Gazetelerin Ankara temsilcilerine iftar yeme\u011fi veren Ba\u015fbakan Yard\u0131mc\u0131s\u0131 B\u00fclent Ar\u0131n\u00e7 a\u00e7\u0131l\u0131m konusundaki g\u00f6r\u00fc\u015flerini a\u00e7\u0131klad\u0131.<\/p>\n<p style=\"text-align: justify;\">\u201cAK Parti ba\u015far\u0131l\u0131 olursa, halk \u00f6d\u00fcllendirir, aksi takdirde se\u00e7im kayb\u0131na yol a\u00e7abilecek risktir\u201d diyen Ar\u0131n\u00e7, DTP\u2019nin \u0130mral\u0131\u2019dan, \u0130mral\u0131\u2019n\u0131n PKK\u2019dan kurtulmak istedi\u011fini ve T\u00fcrkiye\u2019nin iyi bir zemin buldu\u011funu iddia etti.<\/p>\n<p style=\"text-align: justify;\">BA\u015eBAKAN Yard\u0131mc\u0131s\u0131 B\u00fclent Ar\u0131n\u00e7, h\u00fck\u00fcmetin demokratik a\u00e7\u0131l\u0131m\u0131n\u0131n 2 y\u0131l sonraki yerel se\u00e7imde sonu\u00e7 tayin edici nitelikte oldu\u011funu s\u00f6yledi. B\u00fclent Ar\u0131n\u00e7, \u015f\u00f6yle devam etti: \u201cSe\u00e7imin sonucunu tayin edecek bir \u00e7al\u0131\u015fma i\u00e7indeyiz. Ak Parti ba\u015far\u0131l\u0131 olursa, b\u00fcy\u00fck \u00e7o\u011funlu\u011fun onaylad\u0131\u011f\u0131 g\u00fcven ortam\u0131 olu\u015fursa halk bundan dolay\u0131 \u00f6d\u00fcllendirir. Aksi takdirde ba\u015far\u0131s\u0131z k\u0131l\u0131n\u0131rsa bu se\u00e7im kayb\u0131na yol a\u00e7abilecek risktir.\u201d <!--more--><\/p>\n<p style=\"text-align: justify;\">Ba\u015fbakan Yard\u0131mc\u0131s\u0131, PKK\u2019y\u0131 tasfiye konusunda ad\u0131m at\u0131lacaksa 40-50 ki\u015filik lider kadro ve Irak\u2019tan ismen istenilen 300 ki\u015filik listedekilerin \u201cT\u00fcrkiye\u2019ye zarar vermeyecek konuma getirilmelerinin\u201d zorunlu oldu\u011funu s\u00f6yledi. Lider kadronun ba\u015fka bir \u00fclkeye yollanmas\u0131 ihtimalinin hat\u0131rlat\u0131lmas\u0131 \u00fczerine \u201cBelki o, belki de ba\u015fkas\u0131 isimlendirmek istemiyorum. Daha o karar a\u015famas\u0131na gelmedik\u201d diye konu\u015ftu. Ar\u0131n\u00e7, DTP\u2019nin \u0130mral\u0131\u2019dan, \u0130mral\u0131\u2019n\u0131n PKK\u2019dan kurtulmak istedi\u011fini ve T\u00fcrkiye\u2019nin iyi bir zemin buldu\u011funu iddia etti. Ba\u015fbakan\u2019a alt\u0131 ayd\u0131r DTP ile g\u00f6r\u00fc\u015fmesini telkin etti\u011fini a\u00e7\u0131klayan Ar\u0131n\u00e7 \u015funlar\u0131 s\u00f6yledi: \u201c\u00c7iller askeri olarak bitirmek istedi, bamba\u015fka yere gitti. Bombalayarak cayd\u0131r\u0131c\u0131 olabilirsiniz. Ter\u00f6rle m\u00fccadele s\u00fcrecek ama ter\u00f6r\u00fcn sebeplerini de ortadan kald\u0131rmak laz\u0131m.\u201d<\/p>\n<p style=\"text-align: justify;\"><strong><em>\u00d6zel K\u00fcrt\u00e7e yay\u0131n<\/em><\/strong><\/p>\n<p style=\"text-align: justify;\">B\u00fclent Ar\u0131n\u00e7 gazetelerin Ankara Temsilcileri\u2019ne verdi\u011fi iftarda a\u00e7\u0131l\u0131m hakk\u0131ndaki yorumlar\u0131n\u0131 \u015fu ba\u015fl\u0131klar alt\u0131nda toplad\u0131:<\/p>\n<p style=\"text-align: justify;\">\u201cBelki birileri ilk ba\u015fta K\u00fcrt a\u00e7\u0131l\u0131m\u0131 demi\u015f olabilir. Ama s\u00fcre\u00e7 ba\u015flad\u0131ktan sonra demokratik a\u00e7\u0131l\u0131m dedik. \u0130nsanlar\u0131n do\u011fal ve bireysel haklar\u0131 var. Sadece K\u00fcrtler i\u00e7in de\u011fil. \u00d6rne\u011fin TRT sabahtan ak\u015fama kadar K\u00fcrt\u00e7e yay\u0131n yap\u0131yorsa \u00f6zel televizyona da bu hak tan\u0131nmal\u0131. K\u00fcrt\u00e7e, Bo\u015fnak\u00e7a, Fars\u00e7a gibi. Bence bu tart\u0131\u015f\u0131labilir. Olabilirli\u011fi olan bir mesele. Korkmamak gerekir. Anadilin \u00f6\u011fretimi ve e\u011fitimi konusunda bir tak\u0131m kurumlara kavu\u015fulur. Ama resmi dil T\u00fcrk\u00e7edir. K\u00fcrt\u00e7e de resmi dil olmaz. Zaten Anayasa\u2019n\u0131n \u00fc\u00e7\u00fcnc\u00fc meddesi i\u00e7in de\u011fi\u015fiklik teklifi bile verilemez. Bah\u00e7eli ile Baykal bunu bilmezler mi, tabii ki bilirler.<\/p>\n<p style=\"text-align: justify;\"><strong><em>Taban destekliyor<\/em><\/strong><\/p>\n<p style=\"text-align: justify;\">Toplumda s\u0131cak ilgi var. \u0130ki parti zorland\u0131. CHP ve MHP. \u2018Sizle konu\u015fmay\u0131z\u2019 diyorlar. Biz bir proje ile \u00f6n\u00fcne gitmiyoruz kimsenin. Onlar\u0131n ortak ak\u0131l ve d\u00fc\u015f\u00fcncelerinin yans\u0131mas\u0131n\u0131 istiyoruz. Pe\u015finen madde madde s\u0131ralanm\u0131\u015f taslakla \u00f6nlerine gitti\u011fimiz zaman cepheden kar\u015f\u0131 \u00e7\u0131kmak m\u00fcmk\u00fcn olabilecek. \u0130ki parti de \u00f6zellikle bunu bekliyor. \u2018AK Parti y\u0131prans\u0131n, \u00f6n\u00fc kesilsin, vatan hainli\u011fi ile su\u00e7lans\u0131n, halkta derin kayg\u0131lar meydana gelsin, hatta d\u00fc\u015fmanl\u0131\u011fa d\u00f6n\u00fc\u015fs\u00fcn ve biz CHP ile MHP iktidar kazanal\u0131m\u2019 diye d\u00fc\u015f\u00fcn\u00fcyor olabilirler. 29 Mart\u2019ta bu koalisyonu ba\u015far\u0131yla uygulad\u0131lar. \u2018AK Parti gitsin \u00e7ok partili koalisyon gelsin\u2019 isteyenler \u00e7ok. Yeni d\u00fc\u015f\u00fcnce de\u011fil. Ah nerede o g\u00fcnler diyecektir baz\u0131lar\u0131na sorsan\u0131z. Anketlere g\u00f6re CHP taban\u0131n\u0131n y\u00fczde 40\u2019\u0131 destek veriyor, Genel Ba\u015fkandan farkl\u0131 d\u00fc\u015f\u00fcn\u00fcyor. Bah\u00e7eli de kongresinden sonra bu a\u00e7\u0131l\u0131ma destek verebilir.<\/p>\n<p style=\"text-align: justify;\">(Ba\u015fbakan \u2018Siyaset risktir, ekonomi risktir, hatta ya\u015fam risktir\u2019 derken neyi kast etti?\u2019 sorusu \u00fczerine) Benzerlerini \u00e7ok s\u00f6yledi. \u0130ki g\u00f6mle\u011fim var, diye. Biri bayraml\u0131k, biri idaml\u0131k. \u00c7ok ho\u015f de\u011fil; ama \u00f6zellikle Ergenekon ile ilgili iddianameler, klas\u00f6rler ortaya \u00e7\u0131kt\u0131k\u00e7a birilerinin ne yapmak istedi\u011fini \u00f6\u011frenmi\u015f oluyoruz. \u0130\u015fin hedef olma, g\u00f6sterilme tehlikesi de var. Ba\u015fbakana \u015fu veya bu \u015fekilde k\u00f6t\u00fcl\u00fck yapmak isteyen bir\u00e7ok kimse olabilir. Var da. Bir\u00e7ok kimse de yarg\u0131da. Siyaset\u00e7i sorunlar\u0131 \u00e7\u00f6zen insand\u0131r ve bunun i\u00e7in her t\u00fcrl\u00fc tehlikeyi g\u00f6ze alan insand\u0131r.<\/p>\n<p style=\"text-align: justify;\"><strong><em>DTP daha ileride<\/em><\/strong><\/p>\n<p style=\"text-align: justify;\">DTP\u2019nin ileri gelenleri \u2018Mutlaka bir af gerekir\u2019 diyordu. \u015eimdi af da gerekmez deyip b\u00fct\u00fcnl\u00fckten yana olduklar\u0131n\u0131 s\u00f6yl\u00fcyorlar. Kapsaml\u0131 projenin i\u00e7inde herkes kendine en makul\u00fc bulmaya \u00e7al\u0131\u015f\u0131yor. Bizim baz\u0131 kabullerimiz var. Onlar\u0131 mutlaka uygulamak isteriz. T\u00fcrk\u00e7enin resmi dil olu\u015funu tart\u0131\u015fmay\u0131z. Ana dille e\u011fitim ve \u00f6\u011fretimi ayr\u0131 tutmak laz\u0131m. DTP\u2019nin baz\u0131 d\u00fc\u015f\u00fcnceleri MHP\u2019den ve CHP\u2019den \u00e7ok daha ileri. Olumlu anlamda. PKK\u2019y\u0131 muhatap alan bir \u00e7al\u0131\u015fma yok. \u0130mral\u0131\u2019y\u0131 muhatap alan bir \u00e7al\u0131\u015fma da yok. Niyet olarak b\u00f6yle bir rezaleti d\u00fc\u015f\u00fcnm\u00fcyoruz. Ama realiteler var. Ortada sosyolojik bir vaka var. \u00d6rg\u00fct\u00fcn ne kadar minimize edebilece\u011fiz, \u00f6nemli olan bu.<\/p>\n<p style=\"text-align: justify;\"><strong><em>Da\u011fdan inmeliler <\/em><\/strong><\/p>\n<p style=\"text-align: justify;\">Genelkurmay Ba\u015fkan\u0131 Ba\u015fbu\u011f da B\u00fcy\u00fckan\u0131t da \u00f6nemli olan da\u011fa \u00e7\u0131k\u0131\u015flar\u0131 durdurmak ve da\u011fdakileri indirmek demi\u015flerdi. Da\u011fdakilerin inmesi bir \u015fekilde kararla\u015ft\u0131r\u0131lacak. Genelkurmay Ba\u015fkan\u0131, Ba\u015fbakan\u0131 da yan\u0131na alarak gazetecilere \u201810 ki\u015fi geldi 8\u2019i serbest 2\u2019si \u015f\u00f6yle oldu\u2019 demi\u015fti. TCK 221. madde imkan vermektedir. Yeterli mi, de\u011fil mi tart\u0131\u015f\u0131l\u0131r. Gelir e\u011fer bir eyleme kat\u0131ld\u0131\u011f\u0131 tespit edilmezse ifadesi al\u0131n\u0131r, adresi tespit edilir ve b\u0131rak\u0131l\u0131r. Belki bu \u00f6zendirici de olacak. Bizim ceza kanunlar\u0131n\u0131 g\u00f6stererek \u2018Gelin anan\u0131za baban\u0131za kavu\u015fun. Adalete s\u0131\u011f\u0131n\u0131n. Hi\u00e7bir eylem bulunmam\u0131\u015fsan\u0131z serbestsiniz\u2019 diye \u00e7a\u011fr\u0131da bulunmam\u0131z\u0131n faydas\u0131 olacak.<\/p>\n<p style=\"text-align: justify;\"><strong><em>Devlet projesi <\/em><\/strong><\/p>\n<p style=\"text-align: justify;\">\u00d6rg\u00fct\u00fcn \u00fcst d\u00fczeyinde insanlar var, Murat Karay\u0131lan, Cemil Bay\u0131k gibi. E\u011fer bir devlet projesi olarak uygulanacaksa bu, medyas\u0131yla, yarg\u0131s\u0131yla, \u00fcniversitesiyle, silahl\u0131 kuvvetleriyle, di\u011fer kurum ve kurulu\u015flar\u0131yla y\u00fcr\u00fcrl\u00fc\u011fe konacak projelerdir. Bunlar T\u00fcrkiye\u2019ye getirildikleri takdirde yarg\u0131lanmalar\u0131 ve ceza yemeleri de s\u00f6z konusu. Kimse \u00e7\u0131k\u0131p da ben geldim cezama raz\u0131y\u0131m demeyecektir. Bunlar\u0131n da T\u00fcrkiye\u2019ye zarar vermeyecek konumda tutulmalar\u0131 ama\u00e7lanmal\u0131. Belki ba\u015fka \u00fclkelere belki ba\u015fka yollar&#8230; \u0130simlendirmek istemiyorum. \u00d6rg\u00fct\u00fcn tamamen tasfiyesi konusunda ciddi kararl\u0131 hareket yap\u0131lacaksa bunlar\u0131n da d\u00fc\u015f\u00fcn\u00fclmesi laz\u0131m. Mahmur Kamp\u0131\u2019nda 11-12 bin ki\u015finin bulundu\u011fu s\u00f6yleniyor. Bo\u015falt\u0131lmas\u0131n\u0131 bence ba\u015fka bir prosed\u00fcr olarak d\u00fc\u015f\u00fcnmek laz\u0131m.\u201d<\/p>\n<p style=\"text-align: justify;\"><strong><em>Onun yan\u0131nda Kamer Gen\u00e7 melekmi\u015f <\/em><\/strong><\/p>\n<p style=\"text-align: justify;\">OKTAY Vural\u2019dan her g\u00fcn hakaret yemek bize a\u011f\u0131r geliyor. Biz de \u015f\u00f6yle bir cevap verelim diyoruz; ama bu s\u00fcre\u00e7 u\u011fruna nelere katlan\u0131yoruz. \u00c7irkinlikte kimse yar\u0131\u015famaz Vural ile. Kamer Gen\u00e7 bile bana daha \u015firin g\u00f6z\u00fckmeye ba\u015flad\u0131. Ne kadar sevimliymi\u015f. Hayatta sevmedi\u011fim bir insan, Vural y\u00fcz\u00fcnden melek gibi gelmeye ba\u015flad\u0131. Beterin beteri varm\u0131\u015f. Adama Tillo\u2019lusun dedim. \u0130nad\u0131ndan Ayd\u0131nlar diyor. Tillo Ayd\u0131nlar diyen bir kaymakam, bir de sensin. Herkes Tillo diyor. Ne var utanacak. Gen\u00e7 olsa Dersim derdi. Ziya G\u00f6kalp nas\u0131l T\u00fcrk\u00e7\u00fcyse bunlar da Arap ama T\u00fcrk\u00e7\u00fcl\u00fck yap\u0131yor.<\/p>\n<p style=\"text-align: justify;\"><strong><em>Erdo\u011fan y\u0131lba\u015f\u0131n\u0131 bile ge\u00e7 buluyor <\/em><\/strong><\/p>\n<p style=\"text-align: justify;\">ARIN\u00c7, Be\u015fir Atalay\u2019\u0131n yar\u0131n a\u00e7\u0131l\u0131mla ilgili temaslar\u0131 konusunda kamuoyuna bilgi verece\u011fini hat\u0131rlatt\u0131, \u201cAncak bu nihai (son) toplam de\u011fil ara toplamd\u0131r. Umar\u0131m y\u0131lba\u015f\u0131na kadar bir projemiz olur diye d\u00fc\u015f\u00fcn\u00fcyorum. Ba\u015fbakan y\u0131lba\u015f\u0131n\u0131 bile ge\u00e7 buluyor\u201d dedi. Da\u011fda, fakat eyleme kar\u0131\u015fmam\u0131\u015f PKK kadrolar\u0131n\u0131n teslim olmalar\u0131 halinde sadece ifadelerinin al\u0131n\u0131p serbest b\u0131rak\u0131ld\u0131klar\u0131n\u0131 anlatan Ar\u0131n\u00e7, \u201cSadece \u2018Onurumuzla oynamas\u0131nlar\u2019 diyorlar. Pi\u015fmanl\u0131k maddesi var yasada. \u2018Nadim (pi\u015fman) oldu\u011fumuzu s\u00f6yletmesinler\u2019 g\u00f6r\u00fc\u015f\u00fcndeler\u201d uyar\u0131s\u0131nda bulundu.<\/p>\n<p style=\"text-align: justify;\"><strong><em>Ba\u015fbakan ba\u015fl\u0131\u011f\u0131n\u0131 yere atmal\u0131 <\/em><\/strong><\/p>\n<p style=\"text-align: justify;\">CHP ve MHP\u2019yi a\u00e7\u0131l\u0131m konusundaki politikalar\u0131 nedeniyle ele\u015ftiren Ar\u0131n\u00e7 yine de birle\u015ftirme g\u00f6revinin Ba\u015fbakan\u2019a ait oldu\u011fu g\u00f6r\u00fc\u015f\u00fcn\u00fc dile getirdi: \u201cG\u00fcneydo\u011fu\u2019da adet vard\u0131r. Kavga edenlerden birisi ba\u015f\u0131ndaki \u00f6rt\u00fcy\u00fc (ba\u015fl\u0131\u011f\u0131) yere \u00e7alarsa kavga biter. Bence Ba\u015fbakan ba\u015fl\u0131\u011f\u0131n\u0131 yere atmal\u0131. \u00c7\u00fcnk\u00fc Edebali\u2019nin s\u00f6yledi\u011fi gibi birle\u015ftirmek b\u00fcy\u00fc\u011fe d\u00fc\u015fer. K\u00fcst\u00fcm oynam\u0131yorum, demek olmaz.\u201d<\/p>\n<p style=\"text-align: justify;\"><strong><em>ABD projesi diyen geri zek\u00e2l\u0131 <\/em><\/strong><\/p>\n<p style=\"text-align: justify;\">\u201cABD ter\u00f6r \u00f6rg\u00fct\u00fcn\u00fcn tamamen tasfiyesinde samimi. Ancak \u2018Bu bir ABD projesidir\u2019 diyenler hayal g\u00f6r\u00fcyor. ABD\u2019de bu tip kurulu\u015flarda eline kalem alan bir \u015feyler yazar. \u2018ABD\u2019de yaz\u0131lm\u0131\u015f T\u00fcrkiye\u2019de Ak Parti uyguluyor\u2019 demek biraz geri zekal\u0131 i\u015fi. Irak\u2019tan \u00e7ekilme s\u00fcreci, Kuzey Irak\u2019\u0131n gelece\u011fi T\u00fcrkiye\u2019yi en iyi \u015fekilde d\u00fc\u015f\u00fcnmeleri i\u00e7in yeterli. Konjonkt\u00fcr\u00fc iyi g\u00f6t\u00fcr\u00fcyoruz.\u201d<\/p>\n<p style=\"text-align: justify;\"><span style=\"color: #888888;\">Kaynak : Enis Berbero\u011flu &#8211; Ankara \/ H\u00fcrriyet<\/span><\/p>\n","protected":false},"excerpt":{"rendered":"<p style=\"text-align: justify;\"> Gazetelerin Ankara temsilcilerine iftar yeme\u011fi veren Ba\u015fbakan Yard\u0131mc\u0131s\u0131 B\u00fclent Ar\u0131n\u00e7 a\u00e7\u0131l\u0131m konusundaki g\u00f6r\u00fc\u015flerini a\u00e7\u0131klad\u0131.<\/p>\n<p style=\"text-align: justify;\">\u201cAK Parti ba\u015far\u0131l\u0131 olursa, halk \u00f6d\u00fcllendirir, aksi takdirde se\u00e7im kayb\u0131na yol a\u00e7abilecek risktir\u201d diyen Ar\u0131n\u00e7, DTP\u2019nin \u0130mral\u0131\u2019dan, \u0130mral\u0131\u2019n\u0131n PKK\u2019dan kurtulmak istedi\u011fini ve T\u00fcrkiye\u2019nin iyi bir zemin buldu\u011funu iddia etti.<\/p>\n<p style=\"text-align: justify;\">BA\u015eBAKAN Yard\u0131mc\u0131s\u0131 B\u00fclent Ar\u0131n\u00e7, h\u00fck\u00fcmetin <\/p>\n","protected":false},"author":1,"featured_media":0,"comment_status":"open","ping_status":"closed","sticky":false,"template":"","format":"standard","meta":{"footnotes":""},"categories":[105],"tags":[],"class_list":["post-14042","post","type-post","status-publish","format-standard","hentry","category-gundem","odd"],"_links":{"self":[{"href":"http:\/\/www.korhanyilmaz.com\/index.php?rest_route=\/wp\/v2\/posts\/14042","targetHints":{"allow":["GET"]}}],"collection":[{"href":"http:\/\/www.korhanyilmaz.com\/index.php?rest_route=\/wp\/v2\/posts"}],"about":[{"href":"http:\/\/www.korhanyilmaz.com\/index.php?rest_route=\/wp\/v2\/types\/post"}],"author":[{"embeddable":true,"href":"http:\/\/www.korhanyilmaz.com\/index.php?rest_route=\/wp\/v2\/users\/1"}],"replies":[{"embeddable":true,"href":"http:\/\/www.korhanyilmaz.com\/index.php?rest_route=%2Fwp%2Fv2%2Fcomments&post=14042"}],"version-history":[{"count":0,"href":"http:\/\/www.korhanyilmaz.com\/index.php?rest_route=\/wp\/v2\/posts\/14042\/revisions"}],"wp:attachment":[{"href":"http:\/\/www.korhanyilmaz.com\/index.php?rest_route=%2Fwp%2Fv2%2Fmedia&parent=14042"}],"wp:term":[{"taxonomy":"category","embeddable":true,"href":"http:\/\/www.korhanyilmaz.com\/index.php?rest_route=%2Fwp%2Fv2%2Fcategories&post=14042"},{"taxonomy":"post_tag","embeddable":true,"href":"http:\/\/www.korhanyilmaz.com\/index.php?rest_route=%2Fwp%2Fv2%2Ftags&post=14042"}],"curies":[{"name":"wp","href":"https:\/\/api.w.org\/{rel}","templated":true}]}}