{"id":14038,"date":"2009-08-29T18:01:36","date_gmt":"2009-08-29T15:01:36","guid":{"rendered":"http:\/\/www.korhanyilmaz.com\/?p=14038"},"modified":"2009-08-29T18:01:36","modified_gmt":"2009-08-29T15:01:36","slug":"25-lira-47-kurusluk-zamma-bakan-acilimi","status":"publish","type":"post","link":"http:\/\/www.korhanyilmaz.com\/?p=14038","title":{"rendered":"25 lira 47 kuru\u015fluk zamma Bakan a\u00e7\u0131l\u0131m\u0131"},"content":{"rendered":"<div id=\"attachment_14039\" style=\"width: 275px\" class=\"wp-caption aligncenter\"><a href=\"http:\/\/www.korhanyilmaz.com\/wp-content\/uploads\/2009\/08\/mehmet-simsek.jpg\"  class=\"lightview\"><img loading=\"lazy\" decoding=\"async\" aria-describedby=\"caption-attachment-14039\" class=\"size-full wp-image-14039\" title=\"Mehmet \u015eim\u015fek Maliye Bakan\u0131\" src=\"http:\/\/www.korhanyilmaz.com\/wp-content\/uploads\/2009\/08\/mehmet-simsek.jpg\" alt=\"Mehmet \u015eim\u015fek  - T.C Maliye Bakan\u0131\" width=\"265\" height=\"189\" \/><\/a><p id=\"caption-attachment-14039\" class=\"wp-caption-text\">Mehmet \u015eim\u015fek - Maliye Bakan\u0131<\/p><\/div>\n<p style=\"text-align: justify;\">B\u00fct\u00e7emiz k\u00fc\u00e7\u00fcld\u00fc, ciddi bir art\u0131\u015f yapamazd\u0131k.<\/p>\n<p style=\"text-align: justify;\">Batman\u2019\u0131 gezen Maliye Bakan\u0131 Mehmet \u015eim\u015fek, \u201cK\u00fcrt a\u00e7\u0131l\u0131m\u0131n\u0131 destekliyoruz ama memura gelince art\u0131\u015f\u0131 k\u0131s\u0131tl\u0131yorsunuz\u201d ele\u015ftirisiyle kar\u015f\u0131la\u015f\u0131nca, \u201cKe\u015fke imkanlar\u0131m\u0131z olsayd\u0131 da \u00fccretlerde iyile\u015ftirme yapabilseydik. B\u00fct\u00e7e k\u00fc\u00e7\u00fcl\u00fcrken ciddi bir art\u0131\u015fa gitmemiz m\u00fcmk\u00fcn de\u011fil\u201d dedi.<\/p>\n<p style=\"text-align: justify;\">Maliye Bakan\u0131 Mehmet \u015eim\u015fek, memleketi Batman gezisinde Batman Giri\u015fimci \u0130\u015fadamlar\u0131 Derne\u011fi\u2019nin d\u00fczenledi\u011fi sohbet toplant\u0131s\u0131na kat\u0131ld\u0131. AKP Batman Milletvekili Ahmet \u0130nal, DTP Milletvekili Ayla Akat Ata, Batman Belediye Ba\u015fkan\u0131 DTP\u2019li Nejdet Atalay\u2019\u0131n kat\u0131ld\u0131\u011f\u0131 toplant\u0131da Memur-Sen \u0130l temsilcisi Cahit \u00c7ekmen\u2019in, \u201cK\u00fcrt a\u00e7\u0131l\u0131m\u0131n\u0131 destekliyoruz ama memura gelince art\u0131\u015f\u0131 k\u0131s\u0131tl\u0131yorsunuz\u201d ele\u015ftirisi \u00fczerine \u015eim\u015fek, b\u00fct\u00e7enin darald\u0131\u011f\u0131 bir d\u00f6nemde memura ciddi bir art\u0131\u015f yapmalar\u0131n\u0131n m\u00fcmk\u00fcn olmad\u0131\u011f\u0131n\u0131 s\u00f6yledi. \u015eim\u015fek, \u201cKe\u015fke imkanlar\u0131m\u0131z olsayd\u0131 da \u00fccretlerde iyile\u015ftirme yapabilseydik. B\u00fct\u00e7enin k\u00fc\u00e7\u00fcld\u00fc\u011f\u00fc bir d\u00f6nemde ciddi bir art\u0131\u015fa gitmemiz m\u00fcmk\u00fcn de\u011fil. Bunun nedeni elbetteki krizdir. Kriz sonras\u0131 bir \u00e7ok \u00fclke memur maa\u015flar\u0131nda k\u0131s\u0131tlamaya gitti. Portekiz de bizim yapt\u0131\u011f\u0131m\u0131z\u0131 yapt\u0131\u201d diye konu\u015ftu. <!--more--><\/p>\n<p style=\"text-align: justify;\"><strong><em>Dert mektuplar\u0131n\u0131 ald\u0131 <\/em><\/strong><\/p>\n<p style=\"text-align: justify;\">Maliye Bakan\u0131 Mehmet \u015eim\u015fek, Yenip\u0131nar K\u00f6y\u00fc\u2019nde akci\u011fer rahats\u0131zl\u0131\u011f\u0131 nedeniyle ya\u015fam\u0131n\u0131 yitiren 24 ya\u015f\u0131ndaki Osman Kaya\u2019n\u0131n taziyesine de kat\u0131ld\u0131. \u015eim\u015fek k\u00f6yl\u00fclere, \u201cBu y\u0131l hububattan memnun musunuz? Ya\u011f\u0131\u015fl\u0131 havalarla bu y\u00f6re iyi verim ald\u0131. \u0130yi para kazand\u0131n\u0131z m\u0131? Para olmadan hayat da olmaz. \u00c7ift\u00e7inin iyi yans\u0131mas\u0131 esnafa da oldu\u201d dedi. \u015eim\u015fek, k\u00f6yl\u00fcn\u00fcn sorunlar\u0131na ili\u015fkin mektuplar\u0131 da ald\u0131. \u015eim\u015fek, 8 derslikli ilk\u00f6\u011fretim okulu, sa\u011fl\u0131k oca\u011f\u0131 ve su sorununu ileten k\u00f6yl\u00fclere, \u201cOkul taleplerinizi Milli E\u011fitim Bakan\u0131 Nimet \u00c7ubuk\u00e7u\u2019ya iletece\u011fim. Di\u011fer sorunlar\u0131n\u0131z\u0131 da \u00e7\u00f6zece\u011fiz\u201d dedi.<\/p>\n<p style=\"text-align: justify;\"><strong><em>K\u00f6yl\u00fcden \u2018K\u00f6y\u00fcn\u00fc unutma\u2019 pankart\u0131 <\/em><\/strong><\/p>\n<p style=\"text-align: justify;\">MAL\u0130YE Bakan\u0131 Mehmet \u015eim\u015fek, do\u011fdu\u011fu yer olan Gerc\u00fc\u015f \u0130l\u00e7esi Ar\u0131ca K\u00f6y\u00fc\u2019nde ilgin\u00e7 bir pankartla kar\u015f\u0131land\u0131. K\u00f6yl\u00fcler, k\u00f6y\u00fcn giri\u015fine \u201dBiz k\u00fc\u00e7\u00fckl\u00fc\u011f\u00fcn\u00fcz\u00fc unutmad\u0131k, siz de b\u00fcy\u00fckl\u00fc\u011f\u00fcn\u00fcz\u00fc unutmay\u0131n\u201c yaz\u0131l\u0131 pankart ast\u0131. Bakan\u2019\u0131n k\u0131rm\u0131z\u0131 plakal\u0131 makam arac\u0131n\u0131n pankart\u0131n alt\u0131nda durmas\u0131 ilgin\u00e7 bir g\u00f6r\u00fcnt\u00fc olu\u015fmas\u0131na neden oldu.<\/p>\n<p style=\"text-align: justify;\"><strong><em>\u0130mama K\u00fcrt\u00e7e veda etti \u2018A\u011fac\u0131ma iyi bak\u0131n\u2019 dedi <\/em><\/strong><\/p>\n<p style=\"text-align: justify;\">MEHMET \u015eim\u015fek, taziye \u00e7\u0131k\u0131\u015f\u0131nda \u00e7ocuklara oyuncak ve \u00e7e\u015fitli hediyeler verdi. Taziye evinin bah\u00e7esine \u00e7am fidan\u0131 diken \u015eim\u015fek k\u00f6yl\u00fclere, \u201cDikti\u011fim a\u011fac\u0131ma iyi bak\u0131n. Bu a\u011fac\u0131 sulamay\u0131 ihmal etmeyin. Her geli\u015fimde a\u011fac\u0131m\u0131n durumunu sizden soraca\u011f\u0131m\u201d dedi. Batman Valisi Ahmet Turhan\u2019\u0131n dikti\u011fi fidana da su veren \u015eim\u015fek, \u201cG\u00fcn gelecek, dikti\u011fimiz \u00e7am a\u011fa\u00e7lar\u0131, bu taziye evine hayat verecek\u201d dedi. \u015eim\u015fek, k\u00f6y imam\u0131 Kadri Ekin ile vedala\u015f\u0131rken K\u00fcrt\u00e7e, \u201cSeyda em\u0131 herin\u201d (Hocam, biz gidece\u011fiz)\u201c s\u00f6zlerini kulland\u0131.<\/p>\n<p style=\"text-align: justify;\"><span style=\"color: #888888;\">Kaynak : Vatan<\/span><\/p>\n","protected":false},"excerpt":{"rendered":"<p id=\"caption-attachment-14039\" class=\"wp-caption-text\">Mehmet \u015eim\u015fek &#8211; Maliye Bakan\u0131<\/p>\n<p style=\"text-align: justify;\">B\u00fct\u00e7emiz k\u00fc\u00e7\u00fcld\u00fc, ciddi bir art\u0131\u015f yapamazd\u0131k.<\/p>\n<p style=\"text-align: justify;\">Batman\u2019\u0131 gezen Maliye Bakan\u0131 Mehmet \u015eim\u015fek, \u201cK\u00fcrt a\u00e7\u0131l\u0131m\u0131n\u0131 destekliyoruz ama memura gelince art\u0131\u015f\u0131 k\u0131s\u0131tl\u0131yorsunuz\u201d ele\u015ftirisiyle kar\u015f\u0131la\u015f\u0131nca, \u201cKe\u015fke imkanlar\u0131m\u0131z olsayd\u0131 da \u00fccretlerde iyile\u015ftirme yapabilseydik. B\u00fct\u00e7e k\u00fc\u00e7\u00fcl\u00fcrken ciddi bir art\u0131\u015fa gitmemiz m\u00fcmk\u00fcn de\u011fil\u201d dedi.<\/p>\n<p style=\"text-align: justify;\">Maliye Bakan\u0131 Mehmet \u015eim\u015fek, <\/p>\n","protected":false},"author":1,"featured_media":0,"comment_status":"open","ping_status":"closed","sticky":false,"template":"","format":"standard","meta":{"footnotes":""},"categories":[7],"tags":[],"class_list":["post-14038","post","type-post","status-publish","format-standard","hentry","category-ekonomi","odd"],"_links":{"self":[{"href":"http:\/\/www.korhanyilmaz.com\/index.php?rest_route=\/wp\/v2\/posts\/14038","targetHints":{"allow":["GET"]}}],"collection":[{"href":"http:\/\/www.korhanyilmaz.com\/index.php?rest_route=\/wp\/v2\/posts"}],"about":[{"href":"http:\/\/www.korhanyilmaz.com\/index.php?rest_route=\/wp\/v2\/types\/post"}],"author":[{"embeddable":true,"href":"http:\/\/www.korhanyilmaz.com\/index.php?rest_route=\/wp\/v2\/users\/1"}],"replies":[{"embeddable":true,"href":"http:\/\/www.korhanyilmaz.com\/index.php?rest_route=%2Fwp%2Fv2%2Fcomments&post=14038"}],"version-history":[{"count":0,"href":"http:\/\/www.korhanyilmaz.com\/index.php?rest_route=\/wp\/v2\/posts\/14038\/revisions"}],"wp:attachment":[{"href":"http:\/\/www.korhanyilmaz.com\/index.php?rest_route=%2Fwp%2Fv2%2Fmedia&parent=14038"}],"wp:term":[{"taxonomy":"category","embeddable":true,"href":"http:\/\/www.korhanyilmaz.com\/index.php?rest_route=%2Fwp%2Fv2%2Fcategories&post=14038"},{"taxonomy":"post_tag","embeddable":true,"href":"http:\/\/www.korhanyilmaz.com\/index.php?rest_route=%2Fwp%2Fv2%2Ftags&post=14038"}],"curies":[{"name":"wp","href":"https:\/\/api.w.org\/{rel}","templated":true}]}}