{"id":14027,"date":"2009-08-30T08:25:10","date_gmt":"2009-08-30T05:25:10","guid":{"rendered":"http:\/\/www.korhanyilmaz.com\/?p=14027"},"modified":"2009-08-30T08:25:10","modified_gmt":"2009-08-30T05:25:10","slug":"laf-yetti-artik-ispat-zamani","status":"publish","type":"post","link":"http:\/\/www.korhanyilmaz.com\/?p=14027","title":{"rendered":"L\u00e2f yetti, art\u0131k ispat zaman\u0131!"},"content":{"rendered":"<p style=\"text-align: center;\"><a href=\"http:\/\/www.korhanyilmaz.com\/wp-content\/uploads\/2009\/08\/laf_yetti.jpg\"  class=\"lightview\"><img loading=\"lazy\" decoding=\"async\" class=\"size-full wp-image-14032 aligncenter\" src=\"http:\/\/www.korhanyilmaz.com\/wp-content\/uploads\/2009\/08\/laf_yetti.jpg\" alt=\"\" width=\"320\" height=\"100\" \/><\/a><\/p>\n<p style=\"text-align: justify;\">\n<p style=\"text-align: justify;\">\n<div id=\"attachment_14033\" style=\"width: 102px\" class=\"wp-caption alignleft\"><img loading=\"lazy\" decoding=\"async\" aria-describedby=\"caption-attachment-14033\" class=\"size-full wp-image-14033\" style=\"margin: 0px 10px;\" title=\"G\u00fcng\u00f6r Mengi -  Vatan Gazetesi\" src=\"http:\/\/www.korhanyilmaz.com\/wp-content\/uploads\/2009\/08\/gungor_mengi1.jpg\" alt=\"G\u00fcng\u00f6r Mengi -  Vatan Gazetesi\" width=\"92\" height=\"92\" \/><p id=\"caption-attachment-14033\" class=\"wp-caption-text\">G\u00fcng\u00f6r Mengi<\/p><\/div>\n<p>Bug\u00fcn Ba\u015fbakan\u2019\u0131n \u201cUlusa Sesleni\u015f\u201d konu\u015fmas\u0131ndaki \u00e7eli\u015fkileri yazacakt\u0131m.<\/p>\n<p style=\"text-align: justify;\">\u00c7\u00fcnk\u00fc \u00e7a\u011fda\u015f demokrasinin kalitelerine sahip \u00e7\u0131kan s\u00f6zler s\u00f6yl\u00fcyordu Ba\u015fbakan ama yapt\u0131klar\u0131, o s\u00f6zlerle z\u0131tl\u0131klar ta\u015f\u0131yordu.<\/p>\n<p style=\"text-align: justify;\">Konu\u015fmas\u0131nda K\u00fcrt sorununun \u00e7\u00f6z\u00fcm\u00fc ve ter\u00f6r\u00fcn bitirilmesi ama\u00e7l\u0131 hareketin ad\u0131n\u0131n \u201cDemokratik A\u00e7\u0131l\u0131m\u201d olarak yerle\u015fmesine \u00f6nem verdi\u011fini belli ettikten sonra \u00fc\u00e7 dikkate de\u011fer \u00f6nermede bulunuyordu:<\/p>\n<p style=\"text-align: justify;\"><strong>1.<\/strong> \u201cAs\u0131l sorgulamam\u0131z gerekenler otoritesini sayg\u0131yla de\u011fil korkuyla kabul ettirmeye \u00e7al\u0131\u015fan y\u00f6netim anlay\u0131\u015flar\u0131d\u0131r.\u201d<\/p>\n<p style=\"text-align: justify;\"><strong>2. <\/strong>\u201cBu meseleyi her t\u00fcrl\u00fc \u00f6nyarg\u0131dan her t\u00fcrl\u00fc asabiyetten uzak tart\u0131\u015fal\u0131m diyoruz.\u201d<\/p>\n<p style=\"text-align: justify;\"><strong>3.<\/strong> \u201cBizim murad\u0131m\u0131z, herkesin ama herkesin kendini \u00f6zg\u00fcrce ifade edebilece\u011fi demokratik ortam\u0131 tesis edebilmektir.\u201d <!--more--><\/p>\n<p style=\"text-align: justify;\">Bu \u00e7er\u00e7evelik s\u00f6zlerin m\u00fcrekkebi kurumadan, Do\u011fan Grubu \u015firketleri \u00fczerinde estirilen vergi denetimi ter\u00f6r\u00fcn\u00fcn yeni bir a\u015famas\u0131 duyuruluyordu:<\/p>\n<p style=\"text-align: justify;\">Do\u011fan Yay\u0131n Holding\u2019e yaz\u0131lan 914 milyon liral\u0131k cezadan sonra H\u00fcrriyet Gazetecilik\u2019e de 22.8 milyon lira vergi cezas\u0131 kesilmi\u015fti!<\/p>\n<p style=\"text-align: justify;\"><strong><em>Devlet adam\u0131 \u00f6zlemi <\/em><\/strong><\/p>\n<p style=\"text-align: justify;\">Hukuk g\u00fcvencesine dayanmayan otoritenin demokratik niteli\u011finden s\u00f6z edilemez. Do\u011fan Grubu\u2019na ba\u011fl\u0131 12 \u015firkette s\u00fcrd\u00fcr\u00fclen vergi denetimlerinin, gruba ait gazeteleri \u201cterbiye\u201d etme amac\u0131 g\u00fctt\u00fc\u011f\u00fcn\u00fc kim ink\u00e2r edebilir?<\/p>\n<p style=\"text-align: justify;\">Yukar\u0131ya ald\u0131\u011f\u0131m \u00e7er\u00e7evelik s\u00f6zleri s\u00f6yleyen ki\u015fi i\u00e7ten ise, siyaset\u00e7iden \u00f6nce devlet adam\u0131d\u0131r.<\/p>\n<p style=\"text-align: justify;\">Devlet adam\u0131n\u0131n ay\u0131r\u0131c\u0131 \u00f6zelli\u011fi de adaletli olmas\u0131d\u0131r. Bitmedi&#8230;<\/p>\n<p style=\"text-align: justify;\"><strong><em>Adalete sayg\u0131l\u0131 da olmas\u0131d\u0131r.<\/em><\/strong><\/p>\n<p style=\"text-align: justify;\">Eski Deniz Kuvvetleri Komutan\u0131 merhum Oramiral G\u00fcven Erkaya hakk\u0131nda yazd\u0131\u011f\u0131 bir yaz\u0131 nedeniyle mahkemenin h\u00fckmetti\u011fi tazminat\u0131 evinin haczi suretiyle \u00f6deyen Vakit yazar\u0131 Dilipak\u2019a Ba\u015fbakan \u201cge\u00e7mi\u015f olsun\u201d telefonu a\u00e7t\u0131.<\/p>\n<p style=\"text-align: justify;\">Ama \u00fclkede ya\u015fanan her kanunsuzlu\u011fun do\u011fal sorumlusu olarak, Zeynep Mutlu Vakf\u0131 okullar\u0131n\u0131n \u00fcstelik mahkeme karar\u0131na dayanmayan y\u0131k\u0131m\u0131na hi\u00e7 bir \u00fcz\u00fcnt\u00fc beyan etmedi.<\/p>\n<p style=\"text-align: justify;\">Bu haks\u0131zl\u0131\u011f\u0131n VATAN\u2019a duyulan husumetin sonucu oldu\u011funu halk\u0131n ilk anda farkedece\u011fini hesaba katmay\u0131 ihmal etti.<\/p>\n<p style=\"text-align: justify;\"><strong><em>Hukuk ve y\u00fcksek ahl\u00e2k<\/em><\/strong><\/p>\n<p style=\"text-align: justify;\">Toplum ya\u015fam\u0131 s\u00fcrekli yenilenme f\u0131rsatlar\u0131 \u00fcreten bir d\u00f6nme dolaba benzer.<\/p>\n<p style=\"text-align: justify;\">Ba\u015fbakan\u2019\u0131n Ulusa Sesleni\u015f konu\u015fmas\u0131 acaba demokrasinin t\u00fcm erdemlerini kucaklayan bir a\u00e7\u0131l\u0131m\u0131n m\u00fcjdesi olabilir mi?<\/p>\n<p style=\"text-align: justify;\">B\u00f6yle bir \u00fcmidi bana, Milliyet\u2019in Genel Yay\u0131n M\u00fcd\u00fcr\u00fc Sedat Ergin\u2019in d\u00fcnk\u00fc yaz\u0131s\u0131 verdi. Sedat Ergin, Ulusa Sesleni\u015f konu\u015fmas\u0131 ile Ba\u015fbakan\u2019\u0131n d\u00fcnyaya \u00f6rnek olacak kalitelere sahip demokrasi vaadinde bulundu\u011funu yazd\u0131.<\/p>\n<p style=\"text-align: justify;\">Bu de\u011ferlendirmenin ger\u00e7ekle\u015fmesini biz de isteriz.<\/p>\n<p style=\"text-align: justify;\">Yaln\u0131z unutulmamal\u0131 ki K\u00fcrt sorununun \u00e7\u00f6z\u00fcm\u00fcn\u00fc sa\u011flayacak olan iradenin cesaret ve kararl\u0131l\u0131k kadar, hatta ondan bile fazla ba\u015fka kalitelere ihtiyac\u0131 bulunuyor:<\/p>\n<p style=\"text-align: justify;\">Hukukun \u00fcst\u00fcnl\u00fc\u011f\u00fcne inanmak ve daima ona dayanmak.<\/p>\n<p style=\"text-align: justify;\">Yani adaletli olmak.<\/p>\n<p style=\"text-align: justify;\">Devletin g\u00fcc\u00fcn\u00fc siyasi ve ki\u015fisel h\u0131rs ve h\u0131n\u00e7 tatminleri yolunda kullanmamak.<\/p>\n<p style=\"text-align: justify;\">Yani demokrasinin sundu\u011fu haklar\u0131 kullan\u0131rken talep etti\u011fi y\u00fck\u00fcml\u00fcl\u00fckleri de \u015fik\u00e2yet etmeden yerine getirmek.<\/p>\n<p style=\"text-align: justify;\">\u201cDemokratik a\u00e7\u0131l\u0131m\u201d ba\u011flam\u0131nda yeni bir d\u00f6neme girdi\u011fimizi kan\u0131tlayacak de\u011fi\u015fimler g\u00f6rmeyi art\u0131k istiyoruz.<\/p>\n<p style=\"text-align: justify;\">G\u00fczel s\u00f6zlerin hayat\u0131m\u0131z\u0131 de\u011fi\u015ftirmeye yaramad\u0131\u011f\u0131 takdirde git gide anlam\u0131n\u0131 yitirece\u011fini unutmayal\u0131m.<\/p>\n<p style=\"text-align: justify;\">Bu defa bir fark ya\u015fayal\u0131m.<\/p>\n<p style=\"text-align: justify;\">Ba\u015fbakan\u2019\u0131n ge\u00e7en g\u00fcn VATAN\u2019\u0131n man\u015fetine \u00e7\u0131kan \u201cBiz T\u00fcrkiye\u2019nin tamam\u0131 de\u011filiz\u201d s\u00f6z\u00fc, en az\u0131ndan bo\u015f hayal kurmad\u0131\u011f\u0131m\u0131z\u0131n delilidir.<\/p>\n<p style=\"text-align: justify;\"><span style=\"color: #888888;\">G\u00fcng\u00f6r Mengi &#8211; Vatan<\/span><\/p>\n<p style=\"text-align: justify;\"><span style=\"color: #888888;\">Yazara Ula\u015fmak \u0130\u00e7in : <a href=\"mailto:gmengi@gazetevatan.com\">gmengi@gazetevatan.com<\/a><\/span><\/p>\n","protected":false},"excerpt":{"rendered":"<p style=\"text-align: center;\">\n<p style=\"text-align: justify;\">\n<p style=\"text-align: justify;\">\n<p id=\"caption-attachment-14033\" class=\"wp-caption-text\">G\u00fcng\u00f6r Mengi<\/p>\n<p>Bug\u00fcn Ba\u015fbakan\u2019\u0131n \u201cUlusa Sesleni\u015f\u201d konu\u015fmas\u0131ndaki \u00e7eli\u015fkileri yazacakt\u0131m.<\/p>\n<p style=\"text-align: justify;\">\u00c7\u00fcnk\u00fc \u00e7a\u011fda\u015f demokrasinin kalitelerine sahip \u00e7\u0131kan s\u00f6zler s\u00f6yl\u00fcyordu Ba\u015fbakan ama yapt\u0131klar\u0131, o s\u00f6zlerle z\u0131tl\u0131klar ta\u015f\u0131yordu.<\/p>\n<p style=\"text-align: justify;\">Konu\u015fmas\u0131nda K\u00fcrt sorununun \u00e7\u00f6z\u00fcm\u00fc ve ter\u00f6r\u00fcn bitirilmesi ama\u00e7l\u0131 hareketin ad\u0131n\u0131n \u201cDemokratik A\u00e7\u0131l\u0131m\u201d olarak yerle\u015fmesine \u00f6nem verdi\u011fini <\/p>\n","protected":false},"author":1,"featured_media":0,"comment_status":"open","ping_status":"closed","sticky":false,"template":"","format":"standard","meta":{"footnotes":""},"categories":[16],"tags":[],"class_list":["post-14027","post","type-post","status-publish","format-standard","hentry","category-kose-yazilari","odd"],"_links":{"self":[{"href":"http:\/\/www.korhanyilmaz.com\/index.php?rest_route=\/wp\/v2\/posts\/14027","targetHints":{"allow":["GET"]}}],"collection":[{"href":"http:\/\/www.korhanyilmaz.com\/index.php?rest_route=\/wp\/v2\/posts"}],"about":[{"href":"http:\/\/www.korhanyilmaz.com\/index.php?rest_route=\/wp\/v2\/types\/post"}],"author":[{"embeddable":true,"href":"http:\/\/www.korhanyilmaz.com\/index.php?rest_route=\/wp\/v2\/users\/1"}],"replies":[{"embeddable":true,"href":"http:\/\/www.korhanyilmaz.com\/index.php?rest_route=%2Fwp%2Fv2%2Fcomments&post=14027"}],"version-history":[{"count":0,"href":"http:\/\/www.korhanyilmaz.com\/index.php?rest_route=\/wp\/v2\/posts\/14027\/revisions"}],"wp:attachment":[{"href":"http:\/\/www.korhanyilmaz.com\/index.php?rest_route=%2Fwp%2Fv2%2Fmedia&parent=14027"}],"wp:term":[{"taxonomy":"category","embeddable":true,"href":"http:\/\/www.korhanyilmaz.com\/index.php?rest_route=%2Fwp%2Fv2%2Fcategories&post=14027"},{"taxonomy":"post_tag","embeddable":true,"href":"http:\/\/www.korhanyilmaz.com\/index.php?rest_route=%2Fwp%2Fv2%2Ftags&post=14027"}],"curies":[{"name":"wp","href":"https:\/\/api.w.org\/{rel}","templated":true}]}}