{"id":14009,"date":"2009-08-29T14:09:00","date_gmt":"2009-08-29T12:09:00","guid":{"rendered":"http:\/\/www.korhanyilmaz.com\/?p=14009"},"modified":"2009-08-29T14:09:00","modified_gmt":"2009-08-29T12:09:00","slug":"bakanin-sozleri-baykali-kizdirdi","status":"publish","type":"post","link":"http:\/\/www.korhanyilmaz.com\/?p=14009","title":{"rendered":"Bakan&#039;\u0131n s\u00f6zleri Baykal&#039;\u0131 k\u0131zd\u0131rd\u0131"},"content":{"rendered":"<p style=\"text-align: center;\"><a href=\"http:\/\/www.korhanyilmaz.com\/wp-content\/uploads\/2009\/08\/baykal2.jpg\"  class=\"lightview\"><img loading=\"lazy\" decoding=\"async\" class=\"aligncenter size-full wp-image-14010\" src=\"http:\/\/www.korhanyilmaz.com\/wp-content\/uploads\/2009\/08\/baykal2.jpg\" alt=\"\" width=\"329\" height=\"210\" \/><\/a><\/p>\n<p style=\"text-align: justify;\">CHP lideri, Bakan Yaz\u0131c\u0131&#8217;n\u0131n &#8220;Resmi dil tart\u0131\u015fmas\u0131z T\u00fcrk\u00e7e&#8217;dir. Ama K\u00fcrt\u00e7e e\u011fitim de olabilir. \u00dcniter yap\u0131ya zarar vermez&#8221; s\u00f6zlerini de\u011ferlendirdi.<\/p>\n<p style=\"text-align: justify;\">Baykal, &#8220;Dili ayr\u0131\u015ft\u0131rma milleti b\u00f6lmeye do\u011fru en somut ad\u0131md\u0131r&#8221; dedi ve ekledi &#8220;Ba\u015fbakan\u0131n a\u011fz\u0131ndaki baklan\u0131n ne oldu\u011fu ortaya \u00e7\u0131km\u0131\u015ft\u0131r&#8221; dedi.<\/p>\n<p style=\"text-align: justify;\">CHP Genel Ba\u015fkan\u0131 Deniz Baykal, okullarda K\u00fcrt\u00e7e e\u011fitim verilmesinin milleti ayr\u0131\u015ft\u0131raca\u011f\u0131n\u0131 bildirerek, &#8220;AKP iktidar\u0131 DTP ve PKK ile i\u015fbirli\u011fi yaparak, Milli E\u011fitim sistemini sabote etmek i\u00e7in en tehlikeli dinamiti, may\u0131n\u0131 Milli E\u011fitimin i\u00e7ine yerle\u015ftirme karar\u0131 alm\u0131\u015ft\u0131r&#8221; dedi.<\/p>\n<p style=\"text-align: justify;\">CHP Genel Ba\u015fkan\u0131 Baykal, \u0130zmir&#8217;in Torbal\u0131 Belediyesi \u00f6n\u00fcnde halka hitaben yapt\u0131\u011f\u0131 konu\u015fmada, memurlar\u0131n, \u00e7ift\u00e7inin ve esnaf\u0131n keyfinin yerinde olmad\u0131\u011f\u0131n\u0131, ama Ankara&#8217;dakilerin, &#8220;krizin te\u011fet ge\u00e7ti\u011fi&#8221; y\u00f6n\u00fcnde a\u00e7\u0131klamalarda bulunduklar\u0131n\u0131 s\u00f6yledi. <!--more--><\/p>\n<p style=\"text-align: justify;\">Eski Maliye Bakan\u0131 Kemal Unak\u0131tan&#8217;a, Ba\u015fbakan&#8217;\u0131n, &#8220;kriz zarar vermedi&#8221; s\u00f6zleriyle ilgili yorumunun soruldu\u011funu an\u0131msatan CHP Lideri, &#8220;o da diyor ki, &#8216;valla ona ailece zarar vermemi\u015f olabilir ama millet yand\u0131, kavruldu&#8217; diyor. Maliye Bakan\u0131n\u0131n ger\u00e7e\u011fi g\u00f6rmesi i\u00e7in iktidardan d\u00fc\u015fmesi mi gerekiyor&#8221; diye konu\u015ftu.<\/p>\n<p style=\"text-align: justify;\"><em><strong>&#8220;Yak\u0131p y\u0131karak gidiyor&#8221;<\/strong><\/em><\/p>\n<p style=\"text-align: justify;\">Son yerel se\u00e7imlerin T\u00fcrkiye&#8217;de iki \u015feyi ortaya \u00e7\u0131kard\u0131\u011f\u0131n\u0131, bunlardan birinin, iktidar\u0131n gidici oldu\u011funun ortaya \u00e7\u0131kt\u0131\u011f\u0131n\u0131 savunan Baykal, \u015f\u00f6yle devam etti:<\/p>\n<p style=\"text-align: justify;\">&#8220;2007-2009 se\u00e7imleri aras\u0131nda iktidar 8 puan oy kaybetti. \u0130n\u015fallah bu d\u00fc\u015f\u00fc\u015f devam edecek. \u00d6n\u00fcm\u00fczdeki ilk genel se\u00e7imde \u00e7ok b\u00fcy\u00fck h\u0131zla d\u00fc\u015fece\u011fine inan\u0131yorum. Bu, T\u00fcrkiye&#8217;yi i\u00e7ine s\u00fcr\u00fcklenmekte oldu\u011fu olumsuzluktan \u00e7\u0131karma \u015fans\u0131n\u0131 bize kazand\u0131racakt\u0131r. Bu se\u00e7imlerden ortaya \u00e7\u0131kan ikinci ger\u00e7ek de Abbas yolcudur, CHP de geliyor, bu da ortaya \u00e7\u0131kt\u0131. AKP gidiyor da maalesef, yak\u0131p y\u0131karak gidiyor, Tahrip ederek gidiyor. T\u00fcrkiye&#8217;nin her sorununa bak\u0131n\u0131z, hangisi hal yoluna girmi\u015ftir Allah a\u015fk\u0131na?&#8221;<\/p>\n<p style=\"text-align: justify;\">&#8220;Siyaset adalete girerse, adalet kal\u0131r m\u0131?&#8221;<\/p>\n<p style=\"text-align: justify;\">Tar\u0131m konusunda, \u00d6zal d\u00f6neminde ba\u015flayan yanl\u0131\u015fl\u0131klar\u0131n artarak devam etti\u011fini ileri s\u00fcren Baykal, yolsuzluklarla m\u00fccadelenin de yap\u0131lamad\u0131\u011f\u0131n\u0131 s\u00f6yledi.<\/p>\n<p style=\"text-align: justify;\">Ter\u00f6r\u00fcn ba\u015f\u0131n\u0131 al\u0131p gitti\u011fini, ekonominin siyasete kar\u0131\u015ft\u0131\u011f\u0131n\u0131, yarg\u0131ya kar\u0131\u015f\u0131ld\u0131\u011f\u0131n\u0131 ileri s\u00fcren Baykal, \u015f\u00f6yle devam etti:<\/p>\n<p style=\"text-align: justify;\">&#8220;Deniz Feneri yolsuzlu\u011funda ne oldu Allah a\u015fk\u0131na? Deniz Feneri yolsuzlu\u011funa girenler acaba kimin yak\u0131n\u0131, kimlerle ili\u015fkileri var? Adalete ne oldu? Yeni bir kanun haz\u0131rl\u0131\u011f\u0131 yap\u0131yorlar. Bu kanunla Anayasa&#8217;y\u0131 de\u011fi\u015ftirecek ve milletvekillerine Anayasa Mahkemesine, Hakimler Savc\u0131lar Y\u00fcksek Kuruluna (HSYK) atamayla hakim tayin etme yetkisi verecekler. Hakim dedi\u011fin siyasetin d\u0131\u015f\u0131nda olacak, ba\u011f\u0131ms\u0131z olacak, tarafs\u0131z olacak. Siyaset hakimi kumanda edemeyecek. Hakimin evine o partiden de bu partiden de gelecek.<\/p>\n<p style=\"text-align: justify;\">O partiden geldi diye adaletin terazisi ona g\u00f6re mi dengelenecek? Siyaset adalete girerse adalet kal\u0131r m\u0131, hele T\u00fcrkiye gibi bir yerde. \u015eimdi milletvekilleri Anayasa Mahkemesi ve HSYK&#8217;ya \u00fcye se\u00e7ecek. Milletvekilleri kendi hesaplar\u0131n\u0131 mahkemeye verdiler mi, h\u0131rs\u0131zl\u0131k, yolsuzluk iddias\u0131n\u0131n cevab\u0131n\u0131 verebildiler mi? Savc\u0131lar milletvekilleri hakk\u0131nda dosya tanzim ediyor, ne oluyor o dosyalar?<\/p>\n<p style=\"text-align: justify;\">Hepsi s\u00fcmenalt\u0131 ediliyor, \u00e7\u00fcnk\u00fc milletvekillerinin dokunulmazl\u0131klar\u0131 var. Adaletin kar\u015f\u0131s\u0131na \u00e7\u0131kmaya korkan siyaset\u00e7ilerin eline T\u00fcrkiye&#8217;nin hakimini tayin etme yetkisi verilir mi Allah a\u015fk\u0131na?&#8221; \u0130ktidar\u0131n, ordu, \u00fcniversite ve yarg\u0131yla kavgal\u0131 oldu\u011funu iddia eden Baykal, &#8220;sen kavga etmeye mi geldin, milletin derdini \u00e7\u00f6zmeye mi geldin?&#8221; diye sordu.<\/p>\n<p style=\"text-align: justify;\"><strong><em>&#8220;Herhalde mecburiyetleri var&#8221;<\/em><\/strong><\/p>\n<p style=\"text-align: justify;\">Baykal, T\u00fcrkiye&#8217;nin \u015fimdi son g\u00fcnlerdeki geli\u015fmelerle daha tehlikeli noktaya geldi\u011fi g\u00f6r\u00fc\u015f\u00fcn\u00fc de savundu. 30 A\u011fustos Zafer Bayram\u0131&#8217;n\u0131n yar\u0131n kutlanaca\u011f\u0131n\u0131 belirten Baykal, \u015funlar\u0131 kaydetti:<\/p>\n<p style=\"text-align: justify;\">&#8220;Anadolu&#8217;nun d\u00fc\u015fman i\u015fgalinden kurtulu\u015funun, T\u00fcrkleri Anadolu&#8217;dan s\u00f6k\u00fcp \u00e7\u0131karmak isteyen b\u00fcy\u00fck Avrupa \u00fclkelerinin tezgah\u0131n\u0131n bozulu\u015funun 87. y\u0131l d\u00f6n\u00fcm\u00fc. 87 y\u0131l ge\u00e7ti, bu topraklar bizim, T\u00fcrk milletinin. Mustafa Kemal, millet ay\u0131rmad\u0131, kimseyi \u0131rk\u0131na, etnik k\u00f6kenine g\u00f6re ay\u0131rmad\u0131. &#8216;Hepimiz karde\u015fiz, hepimiz e\u015fitiz. T\u00fcrk Milletinin par\u00e7as\u0131y\u0131z&#8217; dedi.<\/p>\n<p style=\"text-align: justify;\">Kimimizin k\u00f6k\u00fcnde Arnavutluk, \u00c7erkezlik, G\u00fcrc\u00fcl\u00fck var. Girit&#8217;ten, Bosna Hersek&#8217;ten, Makedonya&#8217;dan g\u00f6\u00e7enler var, elbette var, elbette olacak. Farkl\u0131 etnik k\u00f6kenlere sahip olmam\u0131z, T\u00fcrk Milleti kimli\u011fine sahip olmam\u0131za engel mi? 87 y\u0131ld\u0131r b\u00f6yle geldi. Bir s\u00fcredir izliyorsunuz, \u00f6nce Cumhurba\u015fkan\u0131, arkas\u0131ndan Ba\u015fbakan bir tela\u015f i\u00e7inde. &#8216;a\u00e7\u0131l\u0131m yapaca\u011f\u0131z&#8217; diye aya\u011fa kalkt\u0131lar. Ne a\u00e7\u0131l\u0131m\u0131 yapacaks\u0131n\u0131z? &#8216;K\u00fcrt a\u00e7\u0131l\u0131m\u0131 yapaca\u011f\u0131z&#8217; dediler.<\/p>\n<p style=\"text-align: justify;\">Bu \u00fclkede K\u00fcrt k\u00f6kenli vatanda\u015flar var, ba\u015f\u0131m\u0131z\u0131n \u00fcst\u00fcnde. Bizi ne ay\u0131r\u0131yorsun birbirimizden? K\u00fcrd\u00fc de var, Arab\u0131 da var, Arnavut&#8217;u da var. Kendisini T\u00fcrk Milletinin par\u00e7as\u0131 g\u00f6ren milyonlarca insan var. Ne u\u011fra\u015f\u0131yorsun bunlarla, ne ay\u0131rmaya \u00e7al\u0131\u015f\u0131yorsun? Herhalde mecburiyetleri, s\u0131k\u0131nt\u0131lar\u0131 var. Ba\u015fbakan diyor ki &#8216;y\u0131lba\u015f\u0131na kadar bu i\u015fi s\u00fcrd\u00fcremeyiz, hemen bitirece\u011fiz.&#8217; 87 y\u0131ld\u0131r biz bu kimli\u011fi g\u00f6t\u00fcrm\u00fc\u015f\u00fcz. Sen y\u0131lba\u015f\u0131na kadar ta\u015f\u0131yam\u0131yor musun?<\/p>\n<p style=\"text-align: justify;\">\u015eimdi \u00e7\u0131kt\u0131 diyor ki &#8216;analar\u0131n g\u00f6zya\u015f\u0131n\u0131 dindirece\u011fiz.&#8217; Analar\u0131n g\u00f6zya\u015f\u0131n\u0131 dindirmenin tek yolu var, o yol PKK&#8217;n\u0131n silahl\u0131 m\u00fccadeleyi b\u0131rakmas\u0131d\u0131r. PKK silahl\u0131 m\u00fccadeleyi b\u0131rakt\u0131\u011f\u0131 anda analar\u0131n g\u00f6zya\u015f\u0131 dinecek. PKK m\u00fccadeleyi b\u0131rakmadan analar\u0131n g\u00f6zya\u015f\u0131 nas\u0131l dinecekmi\u015f, bunun form\u00fcl\u00fcn\u00fc s\u00f6yle.&#8221;<\/p>\n<p style=\"text-align: justify;\"><strong><em>&#8220;Kuzey Irak&#8217;a y\u00f6nlendirmek istiyorlar&#8221;<\/em><\/strong><\/p>\n<p style=\"text-align: justify;\">Ba\u015fbakan\u0131n dilinin alt\u0131nda bir bakla oldu\u011funu ama bunu bir t\u00fcrl\u00fc \u00e7\u0131karmad\u0131\u011f\u0131n\u0131 \u00f6ne s\u00fcren Baykal, \u015f\u00f6yle devam etti:<\/p>\n<p style=\"text-align: justify;\">&#8220;(A\u00e7\u0131l\u0131m yapaca\u011f\u0131z) diyor, bir t\u00fcrl\u00fc s\u0131rr\u0131 vermiyor. Bug\u00fcn Ba\u015fbakan Yard\u0131mc\u0131s\u0131 Hayati Yaz\u0131c\u0131&#8217;n\u0131n a\u00e7\u0131klamas\u0131 var. Baklay\u0131 onun a\u011fz\u0131yla \u00e7\u0131karmaya ba\u015fl\u0131yor. Neymi\u015f, okullarda K\u00fcrt\u00e7e e\u011fitim ba\u015flayacakm\u0131\u015f. Ge\u00e7enlerde bir yazar, &#8216;bizi ter\u00f6r b\u00f6lemez, bizi b\u00f6lerse dil b\u00f6ler&#8217; diyor. Hepimiz ortak bir temele sahibiz. Okullarda T\u00fcrk\u00e7e herkese \u00f6\u011fretiliyor. Hepimiz T\u00fcrk\u00e7e&#8217;yi temel resmi dil olarak kabul ettik. Okullarda \u00e7ocuklara \u00f6\u011fretilecek dili ayr\u0131\u015ft\u0131rmaya y\u00f6neliyorlar. Bu yap\u0131l\u0131rsa, biz millet anlay\u0131\u015f\u0131m\u0131z\u0131 kaybetmeye ba\u015flar\u0131z. Tek millet art\u0131k iki millet olmaya ba\u015flar. K\u00fcrt k\u00f6kenli vatanda\u015flar\u0131n iste\u011fi nedir; onlar i\u015f, ekmek istiyorlar, iyi e\u011fitim istiyorlar, ayr\u0131\u015ft\u0131rmay\u0131 istemiyorlar, b\u00f6lmeyi istemiyorlar.<\/p>\n<p style=\"text-align: justify;\">K\u00fcrt k\u00f6kenli insanlar\u0131m\u0131z hak etti\u011fi yere gelmeyi istiyor. Biz de onlar\u0131 g\u00f6r\u00fcyor, &#8216;T\u00fcrkiye&#8217;nin en ba\u015far\u0131l\u0131 okullar\u0131n\u0131 G\u00fcneydo\u011fu Anadolu&#8217;ya ta\u015f\u0131yal\u0131m&#8217; diyoruz. Bunlar da onlar\u0131n en ba\u015far\u0131l\u0131 olacak \u015fekilde e\u011fitilmesini de\u011fil, onlar\u0131 ayr\u0131\u015ft\u0131rmay\u0131, onlar\u0131 Kuzey Irak&#8217;a y\u00f6nlendirmek ve T\u00fcrkiye ile olan k\u00f6kl\u00fc ba\u011flar\u0131n\u0131 koparmay\u0131 istiyorlar. Bu yanl\u0131\u015f. Bu PKK n\u0131n politikas\u0131d\u0131r. AKP iktidar\u0131 DTP ve PKK ile i\u015fbirli\u011fi yaparak, Milli E\u011fitim sistemini sabote etmek i\u00e7in en tehlikeli dinamiti, may\u0131n\u0131 Milli E\u011fitimin i\u00e7ine yerle\u015ftirme karar\u0131 alm\u0131\u015ft\u0131r.<\/p>\n<p style=\"text-align: justify;\">Bu, fevkalade yanl\u0131\u015ft\u0131r. Bu, onlar\u0131 T\u00fcrkiye&#8217;den koparmaya y\u00f6nelik uzun vadeli plan\u0131n par\u00e7as\u0131d\u0131r. Bu PKK&#8217;n\u0131n plan\u0131d\u0131r. Bununla analar\u0131n g\u00f6zya\u015f\u0131 da durmaz. Bug\u00fcn se\u00e7meli ders K\u00fcrt\u00e7e olacak, yar\u0131n mecburi ders olarak konulacak. Yar\u0131n da &#8216;sosyolojiyi, tarihi benim ana dilimde ver&#8217; denecek. Onun sonucunda biz \u00e7ocuklarla hangi ortak noktada bir araya gelece\u011fiz? Nerede kald\u0131 karde\u015flik, beraberlik? Bu bizi ay\u0131rman\u0131n ifadesidir.<\/p>\n<p style=\"text-align: justify;\">Bunu Apo&#8217;nun niye istedi\u011fini anl\u0131yorum, bunu PKK&#8217;n\u0131n diye istedi\u011fini anl\u0131yorum, ama Ba\u015fbakan niye yap\u0131yor, onu i\u015fte anlam\u0131yorum. Ba\u015fbakan kimin ad\u0131na bunu yap\u0131yor? Maalesef bu tezgah i\u015flemeye ba\u015flam\u0131\u015ft\u0131r. Art\u0131k Ba\u015fbakan\u0131n a\u011fz\u0131ndaki baklan\u0131n ne oldu\u011fu ortaya \u00e7\u0131km\u0131\u015ft\u0131r. Biz bunu \u00f6nleyece\u011fiz. Irak&#8217;ta 3-4 g\u00fcnde bir bomba patl\u0131yor, 40-45 ki\u015fi \u00f6l\u00fcyor. B\u00f6yle bir tabloya T\u00fcrkiye&#8217;yi s\u00fcr\u00fcklemeye kimin ne hakk\u0131 var, rahat m\u0131 batt\u0131 size?&#8221;<\/p>\n<p style=\"text-align: justify;\">Baykal daha sonra Torbal\u0131 Belediye Ba\u015fkan\u0131 \u0130smail Uygun&#8217;u ziyaret etti. Uygun, Baykal&#8217;a b\u00fcy\u00fck boy foto\u011fraf\u0131n\u0131 verdi.<\/p>\n<p style=\"text-align: justify;\"><strong><em>Tesis a\u00e7t\u0131<\/em><\/strong><\/p>\n<p style=\"text-align: justify;\">CHP Genel Ba\u015fkan\u0131 Deniz Baykal daha sonra, \u0130zmir B\u00fcy\u00fck\u015fehir Belediyesi taraf\u0131ndan yapt\u0131r\u0131lan Bay\u0131nd\u0131r Biyolojik Ar\u0131tma Tesisinin a\u00e7\u0131l\u0131\u015f\u0131n\u0131 yapt\u0131.<\/p>\n<p style=\"text-align: justify;\">Torbal\u0131 il\u00e7esinde halka seslendikten sonra Bay\u0131nd\u0131r il\u00e7esine ge\u00e7en Baykal, Biyolojik Ar\u0131tma Tesisinin a\u00e7\u0131l\u0131\u015f t\u00f6renine kat\u0131larak bir konu\u015fma yapt\u0131. \u0130zmir B\u00fcy\u00fck\u015fehir Belediyesinin kent, il\u00e7e ve belde ayr\u0131m\u0131 yapmadan yat\u0131r\u0131m yapt\u0131\u011f\u0131n\u0131, bu d\u00f6nemde beldelere \u00e7ok g\u00fczel hizmetlerin g\u00f6t\u00fcr\u00fcld\u00fc\u011f\u00fcn\u00fc kaydeden Baykal, &#8220;B\u00f6yle bir anlay\u0131\u015f T\u00fcrkiye&#8217;de i\u015f ba\u015f\u0131nda olsayd\u0131 &#8216;Yok o K\u00fcrt k\u00f6kenli, yok o G\u00fcrc\u00fc k\u00f6kenli&#8217; tart\u0131\u015fmalar\u0131 olur muydu? Par\u00e7alamak istiyorlar. Bunlara birlikte izin vermeyece\u011fiz&#8221; dedi.<\/p>\n<p style=\"text-align: justify;\">Bay\u0131nd\u0131r&#8217;daki ar\u0131tma tesisinin T\u00fcrkiye&#8217;deki bir \u00e7ok ilde \u00f6rne\u011finin g\u00f6r\u00fclemedi\u011fini kaydeden Baykal, ar\u0131tma tesisinin b\u00f6lgenin topra\u011f\u0131, insan\u0131 ve co\u011frafyas\u0131 i\u00e7in \u00e7ok \u00f6nemli oldu\u011funu, B\u00fcy\u00fck\u015fehir Belediyesinin ileri g\u00f6r\u00fc\u015fl\u00fc bir projeyi hayata ge\u00e7irdi\u011fini kaydetti. Konu\u015fman\u0131n ard\u0131ndan \u0130zmir B\u00fcy\u00fck\u015fehir Belediyesi ve Bay\u0131nd\u0131r Tar\u0131msal Kalk\u0131nma Kooperatifi aras\u0131nda 2010 y\u0131l\u0131 i\u00e7in \u0130zmir&#8217;de kullan\u0131lacak mevsimlik a\u011fa\u00e7 al\u0131m\u0131na y\u00f6nelik protokol de imzaland\u0131. \u0130mza t\u00f6reni sonras\u0131 Baykal, tesisin a\u00e7\u0131l\u0131\u015f\u0131n\u0131 yapt\u0131. Yakla\u015f\u0131k 5 milyon liraya mal oldu\u011fu belirtilen ar\u0131tma tesisinin Bay\u0131nd\u0131r merkezi ile Canl\u0131, \u00c7\u0131rp\u0131, Karaveliler, Yakap\u0131nar, Eski\u00e7\u0131plakk\u00f6y, Elifli, Yeni Mahalle, Karahalilli ve Furullu beldelerine hizmet verece\u011fi bildirildi.<\/p>\n<p style=\"text-align: justify;\"><span style=\"color: #888888;\">Kaynak : Vatan<\/span><\/p>\n","protected":false},"excerpt":{"rendered":"<p style=\"text-align: center;\">\n<p style=\"text-align: justify;\">CHP lideri, Bakan Yaz\u0131c\u0131&#8217;n\u0131n &#8220;Resmi dil tart\u0131\u015fmas\u0131z T\u00fcrk\u00e7e&#8217;dir. Ama K\u00fcrt\u00e7e e\u011fitim de olabilir. \u00dcniter yap\u0131ya zarar vermez&#8221; s\u00f6zlerini de\u011ferlendirdi.<\/p>\n<p style=\"text-align: justify;\">Baykal, &#8220;Dili ayr\u0131\u015ft\u0131rma milleti b\u00f6lmeye do\u011fru en somut ad\u0131md\u0131r&#8221; dedi ve ekledi &#8220;Ba\u015fbakan\u0131n a\u011fz\u0131ndaki baklan\u0131n ne oldu\u011fu ortaya \u00e7\u0131km\u0131\u015ft\u0131r&#8221; dedi.<\/p>\n<p style=\"text-align: justify;\">CHP Genel Ba\u015fkan\u0131 Deniz Baykal, okullarda K\u00fcrt\u00e7e <\/p>\n","protected":false},"author":1,"featured_media":0,"comment_status":"open","ping_status":"closed","sticky":false,"template":"","format":"standard","meta":{"footnotes":""},"categories":[105],"tags":[],"class_list":["post-14009","post","type-post","status-publish","format-standard","hentry","category-gundem","odd"],"_links":{"self":[{"href":"http:\/\/www.korhanyilmaz.com\/index.php?rest_route=\/wp\/v2\/posts\/14009","targetHints":{"allow":["GET"]}}],"collection":[{"href":"http:\/\/www.korhanyilmaz.com\/index.php?rest_route=\/wp\/v2\/posts"}],"about":[{"href":"http:\/\/www.korhanyilmaz.com\/index.php?rest_route=\/wp\/v2\/types\/post"}],"author":[{"embeddable":true,"href":"http:\/\/www.korhanyilmaz.com\/index.php?rest_route=\/wp\/v2\/users\/1"}],"replies":[{"embeddable":true,"href":"http:\/\/www.korhanyilmaz.com\/index.php?rest_route=%2Fwp%2Fv2%2Fcomments&post=14009"}],"version-history":[{"count":0,"href":"http:\/\/www.korhanyilmaz.com\/index.php?rest_route=\/wp\/v2\/posts\/14009\/revisions"}],"wp:attachment":[{"href":"http:\/\/www.korhanyilmaz.com\/index.php?rest_route=%2Fwp%2Fv2%2Fmedia&parent=14009"}],"wp:term":[{"taxonomy":"category","embeddable":true,"href":"http:\/\/www.korhanyilmaz.com\/index.php?rest_route=%2Fwp%2Fv2%2Fcategories&post=14009"},{"taxonomy":"post_tag","embeddable":true,"href":"http:\/\/www.korhanyilmaz.com\/index.php?rest_route=%2Fwp%2Fv2%2Ftags&post=14009"}],"curies":[{"name":"wp","href":"https:\/\/api.w.org\/{rel}","templated":true}]}}