{"id":14005,"date":"2009-08-29T17:49:07","date_gmt":"2009-08-29T15:49:07","guid":{"rendered":"http:\/\/www.korhanyilmaz.com\/?p=14005"},"modified":"2009-08-29T17:49:07","modified_gmt":"2009-08-29T15:49:07","slug":"bahceliden-ustu-kapali-uyari","status":"publish","type":"post","link":"http:\/\/www.korhanyilmaz.com\/?p=14005","title":{"rendered":"Bah\u00e7eli&#039;den \u00fcst\u00fc kapal\u0131 uyar\u0131"},"content":{"rendered":"<p><a href=\"http:\/\/www.korhanyilmaz.com\/wp-content\/uploads\/2009\/08\/bahceli21.jpg\"  class=\"lightview\"><img loading=\"lazy\" decoding=\"async\" class=\"aligncenter size-full wp-image-14006\" src=\"http:\/\/www.korhanyilmaz.com\/wp-content\/uploads\/2009\/08\/bahceli21.jpg\" alt=\"\" width=\"320\" height=\"100\" \/><\/a><\/p>\n<p style=\"text-align: justify;\">&#8216;\u00dclk\u00fcc\u00fcl\u00fck bir sokak hareketi de\u011fildir, ama yeri gelirse can feda olsun, Anadolu yeniden fethedilir..&#8217;<\/p>\n<p style=\"text-align: justify;\">MHP Genel Ba\u015fkan\u0131 Devlet Bah\u00e7eli, bug\u00fcn partisini sokakta arayanlar\u0131n asl\u0131nda kendilerine hi\u00e7 bakmayan ve g\u00f6rmeyenlerden olu\u015ftu\u011funu belirterek, \u201c\u00dclk\u00fcc\u00fcl\u00fck ve milliyet\u00e7ilik marjinal bir anlay\u0131\u015f ve sokak hareketi de\u011fildir, sokakta bulunmam\u0131\u015ft\u0131r. Sokakta kaybedilmeyecektir. Ama bozguncular\u0131n da bilmesini istedi\u011fim \u015fudur; yeri gelirse can feda olsun, Anadolu yeniden fethedilir\u201d diye konu\u015ftu.<\/p>\n<p style=\"text-align: justify;\">MHP Genel Ba\u015fkan\u0131 Devlet Bah\u00e7eli, Partisinin 40\u2019nc\u0131 Kurulu\u015f y\u0131ld\u00f6n\u00fcm\u00fc nedeniyle yap\u0131lan \u201c\u00c7\u00f6z\u00fclen \u00dclke T\u00fcrkiye ve \u00dclk\u00fcm\u00fcz\u201d konulu konferansta konu\u015ftu. Bah\u00e7eli, yakla\u015f\u0131k 2 saat boyunca milletvekilleri, partililer ve parti y\u00f6neticilerinin kat\u0131ld\u0131\u011f\u0131 konferansta son g\u00fcnlerde tart\u0131\u015fma konusu olan K\u00fcrt a\u00e7\u0131l\u0131m\u0131na y\u00f6nelik mesajlar verdi ve \u00fclk\u00fcc\u00fclere seslendi. <!--more-->Bah\u00e7eli\u2019nin konu\u015fmas\u0131n\u0131 merhum Alparslan T\u00fcrke\u015f\u2019in k\u0131z\u0131 Selcen Homri\u015f e\u015fi Bursa Milletvekili Hamit Homri\u015f\u2019le birlikte dinledi. \u00dclk\u00fcc\u00fclere \u201cTarihi a\u015f\u0131p gelen kutlu davaya g\u00f6n\u00fcl vermi\u015f, omuz vermi\u015f, can vermi\u015f kahraman \u00fclk\u00fcda\u015flar\u0131m, T\u00fcrk milletinin h\u00fcrriyet ve ba\u011f\u0131ms\u0131zl\u0131\u011f\u0131 u\u011fruna \u00f6l\u00fcm kar\u015f\u0131s\u0131nda s\u0131nav vermi\u015f vefakar Bozkurtlar\u0131m\u201ddiye seslenen Bah\u00e7eli, T\u00fcrkiye\u2019nin \u00fclkesi, milleti ve devleti ile y\u00fcksek risk ve tehditlere maruz kald\u0131\u011f\u0131 bir d\u00f6nemde oldu\u011funu s\u00f6yledi. \u2018H\u0131rpalanan, haysiyeti yara alan yorgun T\u00fcrk milleti\u2019nin dikkatinin MHP\u2019nin konferans\u0131nda oldu\u011funu ifade eden Bah\u00e7eli, yar\u0131n \u0130stiklal Sava\u015f\u0131\u2019n\u0131n son ad\u0131m\u0131 olan B\u00fcy\u00fck Zaferin 87\u2019nci Kurulu\u015f y\u0131ld\u00f6n\u00fcm\u00fcn\u00fcn Zafer Bayram\u0131 olarak kutlanaca\u011f\u0131n\u0131 hat\u0131rlatt\u0131.<\/p>\n<p style=\"text-align: justify;\"><strong>-AKP\u2019L\u0130 BOZDA\u011e\u2019A ERC\u0130YES YANITI- <\/strong><\/p>\n<p style=\"text-align: justify;\">B\u00fcy\u00fck davalar\u0131n b\u00fcy\u00fck hayalleri olan adamlar\u0131n omuzlar\u0131nda ta\u015f\u0131nd\u0131\u011f\u0131n\u0131, b\u00fcy\u00fck ba\u015far\u0131lar\u0131n b\u00fcy\u00fck hedeflerin sonucunda ortaya \u00e7\u0131kt\u0131\u011f\u0131n\u0131 kaydeden Bah\u00e7eli, \u201cHayat varl\u0131\u011f\u0131n\u0131 s\u00fcrd\u00fcrmek isteyen ve bunun gere\u011fini yapanlar m\u00fck\u00e2fatland\u0131r\u0131c\u0131d\u0131r. Ancak gidece\u011fi liman\u0131 bilmeyenler i\u00e7in f\u0131rt\u0131nalarla dolu bir deryad\u0131r.\u201ddedi. Tarihin hen\u00fcz basit fikirlerden b\u00fcy\u00fck heyecanlar, k\u00fc\u00e7\u00fck heyecanlardan ise b\u00fcy\u00fck \u00fclk\u00fclerin do\u011fdu\u011funa \u015fahitlik edemedi\u011fini ifade eden Bah\u00e7eli, AKP Grup Ba\u015fkanvekili Bekir Bozda\u011f\u2019\u0131n \u201cErciyes\u2019te uluyorsan Ankara\u2019da da Meclis\u2019te de uluyacaks\u0131n\u201d s\u00f6z\u00fcne yan\u0131t verdi. Bah\u00e7eli, \u201cErciyes\u2019teki bozkurtun sesini Ankara\u2019da da arayan k\u00fc\u00e7\u00fck beyinlerin ve k\u00fc\u00e7\u00fck kafalar\u0131n b\u00fcy\u00fck davalar\u0131 ta\u015f\u0131d\u0131\u011f\u0131 g\u00f6r\u00fclmemi\u015ftir\u201d dedi.<\/p>\n<p style=\"text-align: justify;\"><strong>-\u201c\u00dcLK\u00dcC\u00dc \u015eEH\u0130TLER\u0130\u201d ANDI AYAKTA ALKI\u015eLANDI- <\/strong><\/p>\n<p style=\"text-align: justify;\">Bah\u00e7eli, her milliyet\u00e7inin \u00fclk\u00fcc\u00fc olmad\u0131\u011f\u0131n\u0131 ancak \u00fclk\u00fcc\u00fc olmak i\u00e7in milliyet\u00e7i olman\u0131n \u015fart oldu\u011funu belirtti. \u00dclk\u00fcc\u00fcn\u00fcn dura\u011fan, geride kalm\u0131\u015f bir hayat\u0131n takip\u00e7isi olmad\u0131\u011f\u0131n\u0131, \u00fclk\u00fcc\u00fcl\u00fck yolunun me\u015fakkatli ve \u00e7ileli bir yol oldu\u011funu s\u00f6yledi. \u201c\u00dclk\u00fcc\u00fcl\u00fck, \u2018Vatan\u0131m, ha ekme\u011fini yemi\u015fim, ha u\u011fruna kur\u015fun\u2019 diyebilen, diyebilmi\u015f ve diyebilecek yi\u011fitlerin \u015feref payesidir. \u00dclk\u00fcc\u00fcler, milletinin kendilerine ihtiya\u00e7 duyduklar\u0131 anlarda ortaya \u00e7\u0131karak millet ve vatan sevgisinin s\u0131nav\u0131n\u0131 \u00f6l\u00fcm ve mahk\u00fbmiyet kar\u015f\u0131s\u0131nda verebilmi\u015flerdir. Onlar\u0131 ve m\u00fccadelelerini unutmak asla ve asla m\u00fcmk\u00fcn de\u011fildir. \u015eayet bug\u00fcn sessiz duruyorsak unuttu\u011fumuz i\u00e7in de\u011fil, ac\u0131lar\u0131n\u0131, m\u00fccadelelerini ve aziz hat\u0131ralar\u0131n\u0131 y\u00fcreklerimizde ta\u015f\u0131d\u0131\u011f\u0131m\u0131z i\u00e7indir\u201ddiyen Bah\u00e7eli, konu\u015fmas\u0131nda \u201c\u00fclk\u00fcc\u00fc \u015fehitleri\u201dde isimlerini sayarak and\u0131.<\/p>\n<p style=\"text-align: justify;\">Bah\u00e7eli\u2019nin \u201c\u00fclk\u00fcc\u00fc \u015fehitleri\u201d anmas\u0131 salondakiler taraf\u0131ndan ayakta alk\u0131\u015fland\u0131. Bah\u00e7eli, \u201cUnuttu\u011fumuz san\u0131lmas\u0131n. \u2018\u00c7ankaya yoku\u015funda balam\u2019 diye ba\u015flayan mar\u015flar kula\u011f\u0131m\u0131zdad\u0131r. Hasretle s\u00f6yledi\u011fimiz \u2018\u00c7\u0131rp\u0131n\u0131rd\u0131 Karadeniz\u2019 hala dilimizdedir. Yollar, kald\u0131r\u0131mlar, yurt odalar\u0131, okul binalar\u0131, kahvehaneler, mahkeme salonlar\u0131, nezarethaneler, hastane koridorlar\u0131 onbinlerce \u00fclk\u00fcc\u00fcn\u00fcn hat\u0131ralar\u0131n\u0131n en yak\u0131n tan\u0131klar\u0131d\u0131r\u201d diye konu\u015ftu.<\/p>\n<p style=\"text-align: justify;\"><strong>-\u201cTAR\u0130H G\u00d6REV\u0130M\u0130Z\u0130 B\u0130R KEZ DAHA HATIRLATIYOR\u201d- <\/strong><\/p>\n<p style=\"text-align: justify;\">Yola \u00e7\u0131karken \u201cHoron kadar Karadeniz zeybek kadar Egeyiz, Kar\u015f\u0131lama kadar Trakyal\u0131, halay kadar, bar kadar, semah kadar Do\u011fuyuz, G\u00fcneydo\u011fuyuz Anadolu\u2019yuz\u2019 dediklerini ifade eden Bah\u00e7eli, \u00fclk\u00fcc\u00fclere \u201c\u015eimdi tarih size g\u00f6revimizi bir kez daha hat\u0131rlat\u0131yor. En zor \u015fartlar alt\u0131nda bile olsan\u0131z b\u00fct\u00fcn kalbimle sizlere inan\u0131yorum ki; Bayra\u011fa yine sahip \u00e7\u0131kacaks\u0131n\u0131z.<\/p>\n<p style=\"text-align: justify;\">Vatana yine sahip \u00e7\u0131kacaks\u0131n\u0131z. Ba\u015fka yerde aramay\u0131n. Arad\u0131\u011f\u0131m\u0131z bizde. Ecdad\u0131n\u0131zda ne varsa sizde de var. Kendinize inan\u0131n ve g\u00fcvenin. Onlar ba\u015fard\u0131, siz de mutlaka ba\u015faracaks\u0131n\u0131z\u201d diye seslendi.<\/p>\n<p style=\"text-align: justify;\"><strong>-\u00dcLK\u00dcC\u00dcLERE \u2018\u00dcLK\u00dcC\u00dcL\u00dcK\u2019 DERS\u0130- <\/strong><\/p>\n<p style=\"text-align: justify;\">\u00dclk\u00fcc\u00fcl\u00fc\u011f\u00fcn T\u00fcrk milliyet\u00e7ili\u011fine dayanan yaln\u0131zca ideolojik bir duru\u015fun ve tavr\u0131n sahibi olmad\u0131\u011f\u0131n\u0131 kaydeden Bah\u00e7eli, \u00fclk\u00fcc\u00fc g\u00f6r\u00fcnmenin kolay, \u00fclk\u00fcc\u00fc olmak ve kalman\u0131n ise zor oldu\u011funu belirtti. \u2018\u00dclk\u00fcc\u00fcy\u00fcm\u2019 demenin \u015fartlar\u0131 ve sorumlulu\u011funun a\u011f\u0131r oldu\u011funu ifade eden Bah\u00e7eli, \u015f\u00f6yle konu\u015ftu:<\/p>\n<p style=\"text-align: justify;\">\u201c\u00dclk\u00fcc\u00fcy\u00fcm demek ve \u00fclk\u00fcc\u00fc olarak ya\u015famak i\u00e7in; B\u00fcy\u00fck T\u00fcrk milletinin bekas\u0131 ve y\u00fcceltilmesi \u00fclk\u00fcs\u00fcne, hi\u00e7 bir teredd\u00fct b\u0131rakmaks\u0131z\u0131n g\u00f6n\u00fclden ba\u011fl\u0131l\u0131\u011fa, Milliyet\u00e7i-\u00fclk\u00fcc\u00fc davay\u0131 milli emanet kabul ederek, etik d\u0131\u015f\u0131 ili\u015fki ve tuzaklardan esirgeyecek y\u00fcksek bir vicdana, ahl\u00e2k\u0131na ve vicdan\u0131na emanet edilmi\u015f davay\u0131 ikbal i\u00e7in istismara yeltenmeyecek miza\u00e7 ve karakter olgunlu\u011funa, millet varl\u0131\u011f\u0131n\u0131n as\u0131rlar i\u00e7inde \u0130slam\u2019\u0131n emretti\u011fi erdemle kayna\u015ft\u0131rd\u0131\u011f\u0131 kusursuz ahlak ve fazilete, T\u00fcrk milliyet\u00e7ili\u011fi siyasal \u00e7izgisini takip etme konusunda teredd\u00fct g\u00f6stermeden ula\u015f\u0131lm\u0131\u015f sadakate, sahip oldu\u011fu maddi varl\u0131klar\u0131n\u0131 a\u00e7\u0131klayabilece\u011fi helal kazan\u00e7 anlay\u0131\u015f\u0131na, \u00fclk\u00fcc\u00fc iradenin temeli olan lidere, te\u015fkilata ve doktrine sayg\u0131 ve sadakatin gerektirdi\u011fi \u00f6z disiplin ve dayan\u0131kl\u0131l\u0131\u011fa, milli bekan\u0131n devam\u0131nda yol ayr\u0131m\u0131na gelindi\u011fi, ve \u00e7arenin t\u00fckendi\u011fi anlarda kendinden vaz ge\u00e7ecek ilahi fedak\u00e2rl\u0131\u011fa, T\u00fcrk milletinin bekas\u0131 i\u00e7in laz\u0131m olan m\u00fccadeleyi s\u00fcrd\u00fcrebilecek sab\u0131r, azim, s\u00fckunet, kararl\u0131l\u0131k, al\u00e7ak g\u00f6n\u00fcll\u00fcl\u00fck, fedakarl\u0131k, cesaret gibi \u00e7ok \u00f6zel hasletlere, sahip olunmal\u0131d\u0131r.\u201d<\/p>\n<p style=\"text-align: justify;\"><strong>-\u201cBU S\u0130NS\u0130 KU\u015eATMAYI A\u015eMALIYIZ\u201d- <\/strong><\/p>\n<p style=\"text-align: justify;\">Bah\u00e7eli, T\u00fcrk milletinin son y\u0131llarda ya\u015fad\u0131\u011f\u0131 \u2018beka d\u00fczeyindeki tehditler\u2019in milliyet\u00e7ilere ve \u00fclk\u00fcc\u00fclere \u00f6nemli g\u00f6revler y\u00fckledi\u011fini ifade etti. \u2018Ha\u00e7l\u0131 hayalleri\u2019nin Sevr\u2019den sonraki ilk f\u0131rsat\u0131 yakalad\u0131\u011f\u0131n\u0131 belirten Bah\u00e7eli, yeni s\u00f6m\u00fcrgecili\u011fin milli k\u00fclt\u00fcrleri tahrip etmek istedi\u011fini kaydetti. Hedeflenenin \u2018kimliksiz, insan y\u0131\u011f\u0131nlar\u0131ndan ula\u015fan, kolay idare edilebilir bir d\u00fcnya\u2019 oldu\u011funu da belirten Bah\u00e7eli, bu y\u0131k\u0131m s\u00fcrecinin \u2018toplumsal \u00f6tenazi\u2019ye do\u011fru yol ald\u0131\u011f\u0131n\u0131 s\u00f6yledi. Tarihin hi\u00e7bir d\u00f6neminde \u2018yeni k\u00fcresel emperyalizm\u2019in bu kadar pervas\u0131z olmad\u0131\u011f\u0131na dikkat \u00e7eken Bah\u00e7eli, yeni d\u00fcnya d\u00fczeninin \u00f6n\u00fcndeki en b\u00fcy\u00fck engelin milli devletler ve g\u00fc\u00e7l\u00fc millet olu\u015fumlar\u0131 oldu\u011funu kaydetti. Bah\u00e7eli, \u201cBug\u00fcn haritada aram\u0131zda mesafe bulunan Washington, Br\u00fcksel, Londra, Paris, Erivan ve Erbil san\u0131ld\u0131\u011f\u0131 gibi uzaklarda de\u011fildir. Bu ba\u015fkentlerin temsilcisi i\u015fbirlik\u00e7i zihniyetler aram\u0131zdad\u0131r ve maalesef topluma y\u00f6n verecek mevki ve makamlardad\u0131r. Fabrikada i\u015f adam\u0131d\u0131r, mecliste politikac\u0131d\u0131r. \u00dcniversitede \u00f6\u011fretim \u00fcyesi, cemaatin g\u00fcvendi\u011fi kanat \u00f6nderidir. Medyada patron, gazetede k\u00f6\u015fe yazar\u0131, devlette b\u00fcrokratt\u0131r\u201d diye konu\u015ftu.<\/p>\n<p style=\"text-align: justify;\"><strong>-\u201cDEVLET B\u0130R AVU\u00c7 E\u015eK\u0130YAYI \u0130N\u0130NDE YOK ETMEKTEN AC\u0130Z DURUMA D\u00dc\u015e\u00dcR\u00dcLD\u00dc\u201d- <\/strong><\/p>\n<p style=\"text-align: justify;\">\u201c\u015eark meselesi\u201d ad\u0131 verilen tarihi emellerin g\u00fcn\u00fcm\u00fczde \u201cTruva at\u0131\u201d g\u00f6revini \u015fimdiki y\u00f6neticilerin \u00fcstlendi\u011fini kaydeden Bah\u00e7eli, \u015f\u00f6yle konu\u015ftu:<\/p>\n<p style=\"text-align: justify;\">\u201cBu zihniyet, T\u00fcrk milletini \u00e7\u00f6zmek, T\u00fcrk devletini b\u00f6lmek i\u00e7in dayatma projeleri \u00fcreten g\u00fc\u00e7lerle \u2018kutsal bir ittifak\u2019 halindedir. T\u00fcrkiye\u2019de uygulanan k\u00fcresel bir operasyonun son a\u015famalar\u0131na gelindi\u011fi anla\u015f\u0131lmaktad\u0131r. \u0130\u015fbirlik\u00e7i bu iktidar\u0131n y\u00f6netiminde; Avrupal\u0131 milletimizi, Ermeni tarihimizi, a\u015firet reisleri devletimizi sorgular hale gelmi\u015ftir. Her g\u00fcn ba\u015fka bir ba\u015fkentten gelen taciz, azar, a\u015fa\u011f\u0131lama ve alay h\u00fck\u00fcmet taraf\u0131ndan sineye \u00e7ekilmektedir. 600 y\u0131l d\u00fcnyay\u0131 titreten kudret, bir avu\u00e7 e\u015fk\u0131yay\u0131 ininde yok etmekten aciz duruma d\u00fc\u015fm\u00fc\u015ft\u00fcr. T\u00fcrkiye her y\u00f6nden ku\u015fat\u0131lmakta, i\u00e7 ve d\u0131\u015f g\u00fcvenlik sorunlar\u0131 giderek a\u011f\u0131rla\u015fmakta, milli de\u011ferlerimiz hor g\u00f6r\u00fclmekte, milli kimli\u011fimiz tart\u0131\u015f\u0131lmaktad\u0131r. Kar\u015f\u0131m\u0131zdaki tehlike, \u00e7ok yak\u0131n, \u00e7ok b\u00fcy\u00fck ve \u00e7ok ciddidir.\u201d<\/p>\n<p style=\"text-align: justify;\"><strong>-\u201cSAKIN ALDANMAYIN, YANLI\u015e HESAP YAPMAYIN\u201d- <\/strong><\/p>\n<p style=\"text-align: justify;\">T\u00fcrkiye\u2019nin i\u00e7ine d\u00fc\u015ft\u00fc\u011f\u00fc \u2018sinsi ku\u015fatmay\u0131\u2019 yaracaklar\u0131n\u0131, T\u00fcrk milletini i\u00e7ine d\u00fc\u015ft\u00fc\u011f\u00fc darbo\u011fazdan kurtaracaklar\u0131n\u0131 belirten Bah\u00e7eli, \u201cD\u00fcn \u00c7anakkale\u2019de, Dumlup\u0131nar\u2019da, Sakarya\u2019da g\u00f6rd\u00fck. Emeller ayn\u0131, y\u00f6ntemler benzer, i\u015fbirlik\u00e7iler tan\u0131d\u0131k. Buradan hepsine sesleniyorum: Sak\u0131n aldanmay\u0131n. Yanl\u0131\u015f hesap yapmay\u0131n. 94 y\u0131l \u00f6nce bu hatan\u0131n bedelini \u00c7anakkale\u2019de \u00f6dediniz. 87 y\u0131l \u00f6nce T\u00fcrk\u2019e kefen bi\u00e7menin bedelini \u0130zmir\u2019de \u00f6dediniz. O g\u00fcnk\u00fc ruh \u00f6lmedi, bug\u00fcn burada bu salonda ya\u015f\u0131yor. Hevesiniz bo\u015funa, \u00e7aban\u0131z beyhudedir&#8230; \u0130\u015fte \u00c7anakkale\u2019yi ge\u00e7ilmez yapan ruh b\u00fct\u00fcn asaletiyle bu salondad\u0131r. Milli M\u00fccadeleyi ger\u00e7ekle\u015ftiren inan\u00e7 bug\u00fcn dimdik bu salondad\u0131r. \u0130hanet \u00e7emberi ve ku\u015fatma mutlaka k\u0131r\u0131lacakt\u0131r. T\u00fcrk Milleti mutlaka selamete \u00e7\u0131kar\u0131lacakt\u0131r.\u201ddiye konu\u015ftu.<\/p>\n<p style=\"text-align: justify;\"><strong>-\u201cYER\u0130 GEL\u0130RSE ANADOLU YEN\u0130DEN FETHED\u0130L\u0130R\u201d- <\/strong><\/p>\n<p style=\"text-align: justify;\">G\u00f6rd\u00fckleri tehlikeler ve tehditler konusunda milleti uyarmakla y\u00fck\u00fcml\u00fc olduklar\u0131n\u0131 dile getiren Bah\u00e7eli, \u00e7a\u011fr\u0131lar\u0131n\u0131n \u2018karde\u015flik ve birlik\u2019 \u00e7a\u011fr\u0131s\u0131 oldu\u011funu belirterek \u201cSiyaseten yollar kapanmam\u0131\u015ft\u0131r. Bu yolu, b\u00fct\u00fcn imkan ve vas\u0131talar\u0131 ile kullanaca\u011f\u0131z\u201d dedi. \u00dclk\u00fcc\u00fclere \u201cHer milliyet\u00e7i ve \u00fclk\u00fcc\u00fc; T\u00fcrkiye Cumhuriyeti\u2019nin me\u015fakkatle kazand\u0131\u011f\u0131 hak edilmi\u015f ve \u00e7a\u011fda\u015f bir de\u011fer olan demokrasiye sonuna kadar ba\u011fl\u0131 olmal\u0131d\u0131r. \u0130nsan\u0131n insan olmas\u0131 s\u0131fat\u0131ndan kaynaklanan, temel hak ve h\u00fcrriyetlere sayg\u0131 duymal\u0131d\u0131r\u201d diye seslenen Bah\u00e7eli, y\u00fcr\u00fctt\u00fckleri m\u00fccadelede \u00fclk\u00fcc\u00fclerin demokratik zemini kullanaca\u011f\u0131n\u0131, ba\u015fka mecralarda yer almayaca\u011f\u0131n\u0131 kaydetti. Bah\u00e7eli, \u015funlar\u0131 s\u00f6yledi:<\/p>\n<p style=\"text-align: justify;\">\u201cBug\u00fcn partimizi sokakta arayanlar asl\u0131nda bize hi\u00e7 bakmayan ve hi\u00e7 g\u00f6rmeyenlerden olu\u015fmaktad\u0131r. \u00dclk\u00fcc\u00fcl\u00fck ve milliyet\u00e7ilik marjinal bir anlay\u0131\u015f ve sokak hareketi de\u011fildir. Sokakta bulunmam\u0131\u015ft\u0131r. Sokakta kurulmam\u0131\u015ft\u0131r. Sokakta kaybedilmeyecektir. T\u00fcrkiye\u2019ye d\u00fc\u015f\u00fcnd\u00fc\u011f\u00fcm\u00fcz b\u00fct\u00fcn iyilik ve g\u00fczellikler i\u00e7in sokakta de\u011fil iktidarda olaca\u011f\u0131z. \u0130ktidar olmay\u0131 hedefleyece\u011fiz. T\u00fcrk devleti ve milleti g\u00fc\u00e7l\u00fcd\u00fcr. Ba\u015f\u0131m\u0131zdaki her belay\u0131 defedecek imk\u00e2nlar\u0131 vard\u0131r. Yeter ki bu g\u00fcc\u00fc kararl\u0131l\u0131kla harekete ge\u00e7irecek, kullanabilecek bir siyasal iktidar i\u015fba\u015f\u0131nda olsun. A\u015f\u0131lmayacak hi\u00e7bir zorluk yoktur. Ancak bozguncular\u0131n da bilmesini istedi\u011fim \u015fudur: Yeri gelirse, can feda olsun, Anadolu yeniden fethedilir.\u201d<\/p>\n<p style=\"text-align: justify;\"><strong>-\u201cALDI\u011eINIZ SANCA\u011eI HEDEFE TA\u015eIYINIZ\u201d- <\/strong><\/p>\n<p style=\"text-align: justify;\">T\u00fcrk milliyet\u00e7ileri ve \u00fclk\u00fcc\u00fclerinin oynanan oyunlar\u0131 ve tuzaklar\u0131 iyi bilmesi gerekti\u011fini, \u2018ihanet projesi\u2019nin hedefinin T\u00fcrkiye Cumhuriyeti\u2019nin milli devlet niteli\u011fini kaybetmesi ve \u00fcriter yap\u0131n\u0131n suland\u0131r\u0131lmas\u0131 oldu\u011funu ifade eden Devlet Bah\u00e7eli, konu\u015fmas\u0131n\u0131 s\u00f6yle s\u00fcrd\u00fcrd\u00fc:<\/p>\n<p style=\"text-align: justify;\">\u201cBiz, do\u011fulusunu da, bat\u0131l\u0131s\u0131n\u0131 da, kuzeylisini de g\u00fcneylisini de, Alevisini de Sunnisini de alacak kadar b\u00fcy\u00fck sevgilerle dolu bir davan\u0131n savunucular\u0131y\u0131z. Biz herkesi b\u00fcy\u00fck T\u00fcrk milletinin sayg\u0131de\u011fer bir evlad\u0131 olarak g\u00f6r\u00fcyoruz. B\u00fct\u00fcn samimiyetimizle ve muhabbetle herkese elimizi uzat\u0131yoruz. Ancak b\u00f6l\u00fcnme gayreti i\u00e7erisinde olanlar\u0131 da affetmemizin m\u00fcmk\u00fcn olmad\u0131\u011f\u0131n\u0131 da buradan a\u00e7\u0131kl\u0131yoruz. Bu konuda, T\u00fcrkiye\u2019nin milli birli\u011fini ve karde\u015flik hukukunu korumaya yeminli oldu\u011fumuzu ilan ediyoruz. Bu \u00e7a\u011fr\u0131m\u0131za kulak verilmesini bekliyoruz. Ve inan\u0131yoruz ki, \u00e7a\u011fr\u0131m\u0131z cevap bulacak aziz milletimiz, yurdumuzun her k\u00f6\u015fesinden aya\u011fa kalkarak; \u00dczerine \u00f6rt\u00fclmeye \u00e7al\u0131\u015f\u0131lan kefeni bir kader olarak kabul etmeyecektir. Ve karar vakti gelmi\u015ftir: Ya karde\u015fli\u011fimizin sars\u0131ld\u0131\u011f\u0131, kavga ve karga\u015fan\u0131n i\u00e7inde kimlik buhranlar\u0131 ile bo\u011fu\u015faca\u011f\u0131z. Ya da T\u00fcrk milletine mensubiyetin gurur ve sevincini \u015ferefle ve huzur i\u00e7inde ya\u015fayaca\u011f\u0131z. Sizlerden iste\u011fim odur ki; Bu kutlu bir yolcuktur. Durmay\u0131n\u0131z, d\u00f6nmeyiniz, d\u00fc\u015fmeyiniz, yorulmay\u0131n\u0131z. Ald\u0131\u011f\u0131n\u0131z sanca\u011f\u0131 hedefe ta\u015f\u0131y\u0131n\u0131z.\u201d<\/p>\n<p style=\"text-align: justify;\"><strong>-\u201cBOZKURT OLUR ENGELLER\u0130 A\u015eARIZ\u201d- <\/strong><\/p>\n<p style=\"text-align: justify;\">\u00dclk\u00fcc\u00fclere \u201cBu salondan hayk\u0131raca\u011f\u0131n\u0131z ses \u015fu olmal\u0131; bir b\u00fcy\u00fck bir aileyiz, biz b\u00fcy\u00fck T\u00fcrk milletiyiz, ne oyuna geliriz ne de oyun oynat\u0131r\u0131z, Bozkurt olur engelleri birer birer a\u015far\u0131z\u201ddiye seslenen Bah\u00e7eli, \u00fclk\u00fcc\u00fclerin her eve her insana ula\u015farak kendilerini tan\u0131tmalar\u0131n\u0131 da istedi. MHP lideri konu\u015fmas\u0131n\u0131, \u201cDedem Korkut\u2019tan ilham\u0131n\u0131 ald\u0131\u011f\u0131m yeni bir \u201cHay\u0131r Duas\u0131\u201d ile konu\u015fmam\u0131 tamaml\u0131yorum. Hak Taala, Dirli\u011fimizi bozmas\u0131n, birli\u011fimizi da\u011f\u0131tmas\u0131n. Hilalimizi karartmas\u0131n, k\u0131l\u0131c\u0131m\u0131z\u0131 k\u00f6reltmesin. Sancak yere d\u00fc\u015fmesin, Bayrak leke tutmas\u0131n. \u00dclk\u00fcm\u00fcz\u00fcn yolunu a\u00e7\u0131k etsin. Durdurmas\u0131n, d\u00fc\u015f\u00fcrmesin, d\u00f6nd\u00fcrmesin. T\u00fcrkl\u00fc\u011f\u00fcn \u00f6mr\u00fcn\u00fc daim etsin. R\u00fczgar\u0131 hi\u00e7 t\u00fckenmesin, Ezelden gelmi\u015f, ebede gitsin. Varsa bir kusurumuz affetsin, \u015eehitlerim, yi\u011fitlerim, analar\u0131m, bac\u0131lar\u0131m haklar\u0131n\u0131 helal etsin. G\u00f6nl\u00fcn\u00fczden \u00fclk\u00fc, y\u00fcre\u011finizden sevgi, kalbinizden inan\u00e7 eksilmesin. Nice as\u0131rlara do\u011fru, yolunuz, baht\u0131n\u0131z ve aln\u0131n\u0131z a\u00e7\u0131k olsun. Ne mutlu T\u00fcrk\u00fcm diyene.\u201ds\u00f6zleriyle tamamlad\u0131.<\/p>\n<p style=\"text-align: justify;\"><span style=\"color: #888888;\">Kaynak : Vatan<\/span><\/p>\n","protected":false},"excerpt":{"rendered":"<\/p>\n<p style=\"text-align: justify;\">&#8216;\u00dclk\u00fcc\u00fcl\u00fck bir sokak hareketi de\u011fildir, ama yeri gelirse can feda olsun, Anadolu yeniden fethedilir..&#8217;<\/p>\n<p style=\"text-align: justify;\">MHP Genel Ba\u015fkan\u0131 Devlet Bah\u00e7eli, bug\u00fcn partisini sokakta arayanlar\u0131n asl\u0131nda kendilerine hi\u00e7 bakmayan ve g\u00f6rmeyenlerden olu\u015ftu\u011funu belirterek, \u201c\u00dclk\u00fcc\u00fcl\u00fck ve milliyet\u00e7ilik marjinal bir anlay\u0131\u015f ve sokak hareketi de\u011fildir, sokakta bulunmam\u0131\u015ft\u0131r. Sokakta kaybedilmeyecektir. Ama bozguncular\u0131n da bilmesini istedi\u011fim <\/p>\n","protected":false},"author":1,"featured_media":0,"comment_status":"open","ping_status":"closed","sticky":false,"template":"","format":"standard","meta":{"footnotes":""},"categories":[105],"tags":[],"class_list":["post-14005","post","type-post","status-publish","format-standard","hentry","category-gundem","odd"],"_links":{"self":[{"href":"http:\/\/www.korhanyilmaz.com\/index.php?rest_route=\/wp\/v2\/posts\/14005","targetHints":{"allow":["GET"]}}],"collection":[{"href":"http:\/\/www.korhanyilmaz.com\/index.php?rest_route=\/wp\/v2\/posts"}],"about":[{"href":"http:\/\/www.korhanyilmaz.com\/index.php?rest_route=\/wp\/v2\/types\/post"}],"author":[{"embeddable":true,"href":"http:\/\/www.korhanyilmaz.com\/index.php?rest_route=\/wp\/v2\/users\/1"}],"replies":[{"embeddable":true,"href":"http:\/\/www.korhanyilmaz.com\/index.php?rest_route=%2Fwp%2Fv2%2Fcomments&post=14005"}],"version-history":[{"count":0,"href":"http:\/\/www.korhanyilmaz.com\/index.php?rest_route=\/wp\/v2\/posts\/14005\/revisions"}],"wp:attachment":[{"href":"http:\/\/www.korhanyilmaz.com\/index.php?rest_route=%2Fwp%2Fv2%2Fmedia&parent=14005"}],"wp:term":[{"taxonomy":"category","embeddable":true,"href":"http:\/\/www.korhanyilmaz.com\/index.php?rest_route=%2Fwp%2Fv2%2Fcategories&post=14005"},{"taxonomy":"post_tag","embeddable":true,"href":"http:\/\/www.korhanyilmaz.com\/index.php?rest_route=%2Fwp%2Fv2%2Ftags&post=14005"}],"curies":[{"name":"wp","href":"https:\/\/api.w.org\/{rel}","templated":true}]}}