{"id":13971,"date":"2009-08-27T21:27:32","date_gmt":"2009-08-27T18:27:32","guid":{"rendered":"http:\/\/www.korhanyilmaz.com\/?p=13971"},"modified":"2009-08-27T21:27:32","modified_gmt":"2009-08-27T18:27:32","slug":"basbug-hepimiz-kardesiz","status":"publish","type":"post","link":"http:\/\/www.korhanyilmaz.com\/?p=13971","title":{"rendered":"Ba\u015fbu\u011f: Hepimiz karde\u015fiz"},"content":{"rendered":"<p style=\"text-align: center;\"><a href=\"http:\/\/www.korhanyilmaz.com\/wp-content\/uploads\/2009\/08\/2009-08-28_150606.jpg\"  class=\"lightview\"><img loading=\"lazy\" decoding=\"async\" class=\"aligncenter size-full wp-image-13972\" src=\"http:\/\/www.korhanyilmaz.com\/wp-content\/uploads\/2009\/08\/2009-08-28_150606.jpg\" alt=\"\" width=\"394\" height=\"194\" \/><\/a><\/p>\n<p style=\"text-align: justify;\"><strong><em>Ba\u015fbu\u011f: Hepimiz karde\u015fiz<\/em><\/strong><\/p>\n<p style=\"text-align: justify;\">Afyon\u2019daki B\u00fcy\u00fck Taarruz\u2019un 87. Y\u0131ld\u00f6n\u00fcm\u00fc t\u00f6renlerinde konu\u015fan Orgeneral \u0130lker Ba\u015fbu\u011f \u201cHepimiz karde\u015fiz, bunu bozmak isteyenlere f\u0131rsat verilmemeli\u201d dedi.<\/p>\n<p style=\"text-align: justify;\">Genelkurmay Ba\u015fkan\u0131 Orgeneral \u0130lker Ba\u015fbu\u011f, Afyonkarahisar \u00c7i\u011filtepe\u2019de Zafer Haftas\u0131 dolay\u0131s\u0131yla d\u00fczenlenen t\u00f6rene kat\u0131ld\u0131. Burada Diyarbak\u0131r\u2019\u0131n Kulp il\u00e7esinden gelen 43 \u00f6\u011frenci ve Afyonkarahisarl\u0131 vatanda\u015flar taraf\u0131ndan T\u00fcrk bayraklar\u0131yla kar\u015f\u0131lanan Orgeneral Ba\u015fbu\u011f, \u00f6\u011frencilerle bir m\u00fcddet sohbet etti. Orgeneral Ba\u015fbu\u011f, Diyarbak\u0131r\u2019dan gelen \u00f6\u011frencileri g\u00f6rmekten mutluluk duydu\u011funu belirterek, \u201cBurada B\u00fcy\u00fck Zafer\u2019in, B\u00fcy\u00fck Taarruz\u2019un en \u00f6nemli muharebelerinin cereyan etti\u011fi b\u00f6lgede bulunuyorsunuz. \u0130\u015fte burada bundan 87 y\u0131l \u00f6nce T\u00fcrk milleti birlik ve b\u00fct\u00fcnl\u00fck i\u00e7inde burada muharebeler verdi. Bunlar\u0131 g\u00f6receksiniz, ya\u015fayacaks\u0131n\u0131z\u201d dedi. <!--more--><\/p>\n<p style=\"text-align: justify;\"><em><strong>T\u00fcrkiye bu i\u015fte<\/strong><\/em><\/p>\n<p style=\"text-align: justify;\">Orgeneral Ba\u015fbu\u011f daha sonra \u0130stiklal mar\u015f\u0131 ve sayg\u0131 duru\u015funun ard\u0131ndan T\u00fcrkiye\u2019nin farkl\u0131 illerinden \u015fehitlerin mezarlar\u0131na karanfil koydu. Bu s\u0131rada gazetecilere d\u00f6nerek, \u015fehitlerin memlleketlerini tek tek sayan Ba\u015fbu\u011f, \u015f\u00f6yle konu\u015ftu: \u201c\u00c7ank\u0131r\u0131, Erzurum, A\u011fr\u0131, Afyon, i\u015fte g\u00f6r\u00fcyorsunuz; Devrek\u2019ten, Dat\u00e7a\u2019dan Mu\u011fla taraf\u0131ndan, Bing\u00f6l\u2019den, i\u015fte T\u00fckiye bu, i\u015fte karde\u015flik bu. Daha fazla s\u00f6ze gerek yok. 87 y\u0131l \u00f6nce \u015fehit olanlar burada beraberce yat\u0131yorlar. Ne g\u00f6r\u00fcyorsunuz, i\u015fte T\u00fcrkiye bu i\u015fte karde\u015flik bu. Bunu bozmak isteyenlere imkan sa\u011flamamal\u0131y\u0131z. Daha fazla bir s\u00f6ze gerek var m\u0131?\u201d<\/p>\n<p style=\"text-align: justify;\"><span style=\"color: #888888;\">Kaynak : yenicagazetesi.com.tr<\/span><\/p>\n<p style=\"text-align: justify;\">\n","protected":false},"excerpt":{"rendered":"<p style=\"text-align: center;\">\n<p style=\"text-align: justify;\">Ba\u015fbu\u011f: Hepimiz karde\u015fiz<\/p>\n<p style=\"text-align: justify;\">Afyon\u2019daki B\u00fcy\u00fck Taarruz\u2019un 87. Y\u0131ld\u00f6n\u00fcm\u00fc t\u00f6renlerinde konu\u015fan Orgeneral \u0130lker Ba\u015fbu\u011f \u201cHepimiz karde\u015fiz, bunu bozmak isteyenlere f\u0131rsat verilmemeli\u201d dedi.<\/p>\n<p style=\"text-align: justify;\">Genelkurmay Ba\u015fkan\u0131 Orgeneral \u0130lker Ba\u015fbu\u011f, Afyonkarahisar \u00c7i\u011filtepe\u2019de Zafer Haftas\u0131 dolay\u0131s\u0131yla d\u00fczenlenen t\u00f6rene kat\u0131ld\u0131. Burada Diyarbak\u0131r\u2019\u0131n Kulp il\u00e7esinden gelen 43 \u00f6\u011frenci ve Afyonkarahisarl\u0131 vatanda\u015flar taraf\u0131ndan T\u00fcrk <\/p>\n","protected":false},"author":1,"featured_media":0,"comment_status":"open","ping_status":"closed","sticky":false,"template":"","format":"standard","meta":{"footnotes":""},"categories":[105],"tags":[],"class_list":["post-13971","post","type-post","status-publish","format-standard","hentry","category-gundem","odd"],"_links":{"self":[{"href":"http:\/\/www.korhanyilmaz.com\/index.php?rest_route=\/wp\/v2\/posts\/13971","targetHints":{"allow":["GET"]}}],"collection":[{"href":"http:\/\/www.korhanyilmaz.com\/index.php?rest_route=\/wp\/v2\/posts"}],"about":[{"href":"http:\/\/www.korhanyilmaz.com\/index.php?rest_route=\/wp\/v2\/types\/post"}],"author":[{"embeddable":true,"href":"http:\/\/www.korhanyilmaz.com\/index.php?rest_route=\/wp\/v2\/users\/1"}],"replies":[{"embeddable":true,"href":"http:\/\/www.korhanyilmaz.com\/index.php?rest_route=%2Fwp%2Fv2%2Fcomments&post=13971"}],"version-history":[{"count":0,"href":"http:\/\/www.korhanyilmaz.com\/index.php?rest_route=\/wp\/v2\/posts\/13971\/revisions"}],"wp:attachment":[{"href":"http:\/\/www.korhanyilmaz.com\/index.php?rest_route=%2Fwp%2Fv2%2Fmedia&parent=13971"}],"wp:term":[{"taxonomy":"category","embeddable":true,"href":"http:\/\/www.korhanyilmaz.com\/index.php?rest_route=%2Fwp%2Fv2%2Fcategories&post=13971"},{"taxonomy":"post_tag","embeddable":true,"href":"http:\/\/www.korhanyilmaz.com\/index.php?rest_route=%2Fwp%2Fv2%2Ftags&post=13971"}],"curies":[{"name":"wp","href":"https:\/\/api.w.org\/{rel}","templated":true}]}}