{"id":13966,"date":"2009-08-23T23:08:25","date_gmt":"2009-08-23T20:08:25","guid":{"rendered":"http:\/\/www.korhanyilmaz.com\/?p=13966"},"modified":"2009-08-23T23:08:25","modified_gmt":"2009-08-23T20:08:25","slug":"kurtler%e2%80%99in-hakkini-apo-mu-koruyacak","status":"publish","type":"post","link":"http:\/\/www.korhanyilmaz.com\/?p=13966","title":{"rendered":"K\u00fcrtler\u2019in hakk\u0131n\u0131 Apo mu koruyacak?"},"content":{"rendered":"<p style=\"text-align: center;\"><a href=\"http:\/\/www.korhanyilmaz.com\/wp-content\/uploads\/2009\/08\/2009-08-28_145906.jpg\"  class=\"lightview\"><img loading=\"lazy\" decoding=\"async\" class=\"aligncenter size-full wp-image-13967\" src=\"http:\/\/www.korhanyilmaz.com\/wp-content\/uploads\/2009\/08\/2009-08-28_145906.jpg\" alt=\"\" width=\"391\" height=\"194\" \/><\/a><\/p>\n<p style=\"text-align: justify;\"><strong><em>T\u00fcrke\u015f\u2019ten tarihi tespitler<\/em><\/strong><\/p>\n<p style=\"text-align: justify;\">MHP\u2019nin esfanevi lideri Alparslan T\u00fcrke\u015f, iktidar\u0131n \u2019a\u00e7\u0131l\u0131m\u2019giri\u015fimiyle g\u00fcndeme ta\u015f\u0131nan tart\u0131\u015fmalara seneler \u00f6nce net duru\u015fuyla tavr\u0131n\u0131 koyup bug\u00fcne \u0131\u015f\u0131k tutan tespitlerde bulunmu\u015ftu.<\/p>\n<p style=\"text-align: justify;\"><strong><em>Bizi asla ay\u0131ramazlar<\/em><\/strong><\/p>\n<p style=\"text-align: justify;\">\u00d6CALAN\u2019\u0131n K\u00fcrtlerin temsilcisi oldu\u011fu iddias\u0131na kar\u015f\u0131 \u00e7\u0131kan T\u00fcrke\u015f, \u201cBu karde\u015flerimizin hakk\u0131n\u0131 Ermeni Apo mu koruyacakt\u0131r? Onlar\u0131 bizden ay\u0131rmaya kimsenin g\u00fcc\u00fc yetmez\u201d demi\u015fti. <!--more--><\/p>\n<p style=\"text-align: justify;\"><strong>ALPARSLAN T\u00dcRKE\u015e A\u00c7ILIMCILARA CEVABI YILLAR \u00d6NCE VERM\u0130\u015eT\u0130 <\/strong><\/p>\n<p style=\"text-align: justify;\"><strong><em>K\u00fcrtler bu milletin \u00f6z evlatlar\u0131d\u0131r<\/em><\/strong><\/p>\n<p style=\"text-align: justify;\">MHP\u2019nin efsane genel ba\u015fkan\u0131 merhum Alparslan T\u00fcrke\u015f\u2019in y\u0131llar \u00f6nce s\u00f6yledikleri bug\u00fcn tart\u0131\u015f\u0131lan K\u00fcrt a\u00e7\u0131l\u0131m\u0131 s\u00f6ylemine yan\u0131t niteli\u011finde. G\u00fcneydo\u011fu Anadolu B\u00f6lgesi\u2019nde ya\u015fayan vatanda\u015flara, \u201cT\u00fcrk o\u011flu T\u00fcrk\u2019t\u00fcr\u201d diyen T\u00fcrke\u015f, \u201cK\u00fcrtlerin hakk\u0131n\u0131 Ermeni Apo mu koruyacak?\u201d diyerek yol haritas\u0131 tart\u0131\u015fmalar\u0131na ve bebek katilinin muhatap al\u0131nmas\u0131n\u0131 isteyenlere de yan\u0131t veriyor. Her konu\u015fmas\u0131nda T\u00fcrkiye\u2019nin milli birlik ve b\u00fct\u00fcnl\u00fc\u011f\u00fcne vurgu yapan Alparslan T\u00fcrke\u015f, PKK konusunda s\u00f6yledikleriyle bug\u00fcn yap\u0131lmas\u0131 d\u00fc\u015f\u00fcn\u00fclen a\u00e7\u0131l\u0131mlara da \u015fu yan\u0131tlar\u0131 veriyor:<\/p>\n<p style=\"text-align: justify;\"><strong><em>Hepsi T\u00fcrk o\u011flu T\u00fcrk<\/em><\/strong><\/p>\n<p style=\"text-align: justify;\">Bug\u00dcne kadar sistemli ve ilmi \u015fekilde, uzun zamandan beri s\u00fcrd\u00fcr\u00fclen \u00e7al\u0131\u015fmalar vard\u0131r. Bunlardan biri \u201cK\u00fcrt\u00e7\u00fcl\u00fck\u201d k\u0131\u015fk\u0131rtmalar\u0131d\u0131r. Bunun yan\u0131nda ba\u015fka k\u0131\u015fk\u0131rtmalar da vard\u0131r. Yaln\u0131z K\u00fcrt\u00e7\u00fcl\u00fc\u011fe tak\u0131l\u0131p kalmamal\u0131y\u0131z. Memleketimizi parampar\u00e7a etmek, K\u00fcrt\u00e7\u00fcl\u00fck k\u0131\u015fk\u0131rtmas\u0131yla beraber, ba\u015fka k\u0131\u015fk\u0131rtmalar da vard\u0131r. Bug\u00fcn Anadolu topraklar\u0131nda ya\u015fayan insanlar\u0131m\u0131z\u0131n hepsi T\u00fcrk o\u011flu T\u00fcrk\u2019t\u00fcr. Hepsi T\u00fcrk milletinin \u00f6z evlatlar\u0131d\u0131r. Bu durum Orhun kitabelerinde de \u201cK\u00fcrt Kabilesi\u201d olarak ge\u00e7mektedir. Yani bunlar\u0131n asl\u0131nda Turanl\u0131 oldu\u011fu Orhun kitabeleriyle sabittir.<\/p>\n<p style=\"text-align: justify;\"><em><span style=\"color: #888888;\">(Bizim Ocak, Mart 1988 )<\/span><\/em><\/p>\n<p style=\"text-align: justify;\"><strong><em>K\u00fcrtlerin hakk\u0131n\u0131 Ermeni Apo mu koruyacak?<\/em><\/strong><\/p>\n<p style=\"text-align: justify;\">K\u00fcrt olarak nitelendirdikleri bu karde\u015flerimizin hakk\u0131n\u0131 Ermeni Apo mu koruyacakt\u0131r? Y\u0131llarca kaderde, k\u0131van\u00e7ta, \u00e7ilede, sevin\u00e7te bir ve beraber oldu\u011fumuz \u201cOnlar ne kadar K\u00fcrt\u2019se biz de o kadar K\u00fcrt\u2019\u00fcz, bizler ne kadar T\u00fcrk\u2019sek, onlar da o kadar T\u00fcrk\u2019t\u00fcr\u201d diyebildi\u011fimiz bu vatanda\u015flar\u0131m\u0131z\u0131 bizden ay\u0131rmaya kimsenin g\u00fcc\u00fc yetmeyecektir. <em><span style=\"color: #888888;\">(1 N\u0130SAN 1992 &#8211; \u201cDe\u011fi\u015fen D\u00fcnyada b\u00f6lgemiz ve T\u00fcrkiye\u201d konferans\u0131) <\/span><\/em><\/p>\n<p style=\"text-align: justify;\"><strong><em>PKK yaln\u0131z T\u00fcrk\u2019\u00fcn de\u011fil K\u00fcrt\u2019\u00fcn de katilidir<\/em><\/strong><\/p>\n<p style=\"text-align: justify;\">Mard\u0130n\u2019de, Diyarbak\u0131r\u2019da, \u015e\u0131rnak\u2019ta, Silvan\u2019da kundaktaki bebeklere, camide ibadet etmekte olan insanlar\u0131m\u0131za kadar varan bir canilik ve vah\u015fet, PKK \u00e7etesince t\u0131rmand\u0131r\u0131lmaktad\u0131r. Bu b\u00f6lgemizin ad\u0131na K\u00fcrt denilen karde\u015flerimize kar\u015f\u0131, kundaktaki K\u00fcrt bebeklerine var\u0131ncaya kadar katliam ger\u00e7ekle\u015ftiren bu PKK \u00e7etesi mi K\u00fcrtlerin hakk\u0131n\u0131 savunacakt\u0131r? Son olaylar g\u00f6stermi\u015ftir ki, PKK \u00e7etesi, bu \u00fclkenin b\u00fct\u00fcn insanlar\u0131na d\u00fc\u015fmand\u0131r: PKK, K\u00fcrt\u00fcyle, T\u00fcrk\u00fcyle, bu memleketin b\u00fct\u00fcn evlatlar\u0131na d\u00fc\u015fmand\u0131r \u201c <em><span style=\"color: #888888;\">(Haziran 1992  &#8211; M\u00c7P Geni\u015fletilmi\u015f \u0130sti\u015fare Kurulu)<\/span><\/em><\/p>\n<p style=\"text-align: justify;\"><strong><em>T\u00fcrk-K\u00fcrt ayr\u0131m\u0131n\u0131 kabul etmiyoruz<\/em><\/strong><\/p>\n<p style=\"text-align: justify;\">M\u00c7P aleyhinde baz\u0131 \u00e7evrelerde baz\u0131 kendisini bilmez gazeteler ve yazarlar\u201d M\u00c7P K\u00fcrt d\u00fc\u015fmanl\u0131\u011f\u0131na soyundu\u201d \u015feklinde ifadelere yer verdiler. As\u0131l K\u00fcrt d\u00fc\u015fman\u0131, \u00e7oluk \u00e7ocuk demeden katleden PKK\u2019l\u0131lar de\u011fil midir? Ermenistan hayali pe\u015finde G\u00fcneydo\u011fu\u2019lu insanlar\u0131m\u0131za \u00e7ile \u00e7ektiren, \u00fc\u00e7 &#8211; be\u015f Ermeni fanati\u011finin y\u00f6netti\u011fi PKK\u2019dan daha b\u00fcy\u00fck K\u00fcrt d\u00fc\u015fman\u0131 olabilir mi?  Biz, K\u00fcrt d\u00fc\u015fman\u0131 de\u011filiz, biz ayr\u0131l\u0131ktan de\u011fil, birlikten yanay\u0131z. Hi\u00e7bir zaman bir T\u00fcrk &#8211; K\u00fcrt ayr\u0131mc\u0131l\u0131\u011f\u0131 yapmad\u0131k, yapm\u0131yoruz. G\u00fcneydo\u011fulu insanlar\u0131m\u0131z\u0131n yan\u0131nday\u0131z, ad\u0131na K\u00fcrt denilen insanlar\u0131m\u0131z\u0131 kendimizden ayr\u0131 g\u00f6rm\u00fcyoruz. Ama biz K\u00fcrt\u00e7\u00fcl\u00fc\u011fe, b\u00f6l\u00fcc\u00fcl\u00fc\u011fe kar\u015f\u0131y\u0131z. PKK\u2019n\u0131n ger\u00e7ekle\u015ftirdi\u011fi ter\u00f6rle K\u00fcrt karde\u015flerimize de b\u00fcy\u00fck k\u00f6t\u00fcl\u00fck yapt\u0131\u011f\u0131 inanc\u0131nday\u0131z. <em><span style=\"color: #888888;\">(Ekim 1992- TBMM Bas\u0131n Toplant\u0131s\u0131)<\/span><\/em><\/p>\n<p style=\"text-align: justify;\"><strong><em>Federasyon \u00fclkeyi b\u00f6l\u00fcnmeye g\u00f6t\u00fcr\u00fcr<\/em><\/strong><\/p>\n<p style=\"text-align: justify;\">BazI siyasi parti liderlerinin K\u00fcrt\u00e7e e\u011fitimi serbest b\u0131rakmak, federasyon ya da eyalet sistemi getirmek gibi \u00f6neriler sunduklar\u0131n\u0131 kaydeden T\u00fcrke\u015f, \u015funlar\u0131 s\u00f6yledi : \u201cT\u00fcrkiye \u00fcniter bir devlet olarak kurulmu\u015ftur. Yani merkezi bir y\u00f6netim sistemi vard\u0131r. T\u00fcrkiye\u2019de federasyon ya da eyalet sistemini tart\u0131\u015fmaya a\u00e7mak, T\u00fcrkiye\u2019yi b\u00f6l\u00fcnmeye g\u00f6t\u00fcr\u00fcr. T\u00fcrkiye\u2019nin \u00fcniter yap\u0131s\u0131 tart\u0131\u015f\u0131lamaz\u201d T\u00fcrke\u015f, tarihte K\u00fcrt\u00e7e diye bir dil bulunmad\u0131\u011f\u0131n\u0131 da \u00f6ne s\u00fcrerek \u015funlar\u0131 s\u00f6yledi: \u201cRefah partisi Genel Ba\u015fkan\u0131 Erbakan, partisinin son genel kongresinde iktidara gelmeleri halinde K\u00fcrt\u00e7e e\u011fitimi serbest b\u0131rakacaklar\u0131n\u0131 s\u00f6yledi. K\u00fcrt\u00e7e diye bir dil yok ki bu dili serbest b\u0131rak\u0131rs\u0131n\u0131z\u201d <em><span style=\"color: #888888;\">( Mart 1994, Kayseri)<\/span><\/em><\/p>\n<p style=\"text-align: justify;\"><strong><em>PKK\u2019n\u0131n Meclis\u2019teki u\u00e7lar\u0131<\/em><\/strong><\/p>\n<p style=\"text-align: justify;\">DEP\u2019lilerin PKK ile i\u015fbirli\u011fi i\u00e7inde olduklar\u0131n\u0131 ileri s\u00fcren T\u00fcrke\u015f, bu konuda \u015funlar\u0131 s\u00f6yledi: \u201cBunlar PKK\u2019n\u0131n Meclis\u2019e girmi\u015f u\u00e7lar\u0131d\u0131r. Bunlar\u0131n dokunulmazl\u0131klar\u0131n\u0131n kald\u0131r\u0131lmas\u0131 insan haklar\u0131na ayk\u0131r\u0131 de\u011fildir. K\u00fc\u00e7\u00fcc\u00fck bebekler anne kuca\u011f\u0131nda katledilirken insan haklar\u0131 s\u00f6z konusu olmuyor da, Yunan milletvekili gibi konu\u015fanlar\u0131n dokunulmazl\u0131\u011f\u0131n\u0131n kalkmas\u0131 m\u0131 insan haklar\u0131na ayk\u0131r\u0131 oluyor. <em><span style=\"color: #888888;\">(Mart 1994, Kayseri)<\/span><\/em><\/p>\n<p style=\"text-align: justify;\"><span style=\"color: #888888;\">Kaynak : <a href=\"http:\/\/www.yenicaggazetesi.com.tr\/haberdetay.php?hit=21982\" target=\"_blank\">yenicaggazetesi.com.tr<\/a><\/span><em><span style=\"color: #888888;\"> <\/span><\/em><\/p>\n","protected":false},"excerpt":{"rendered":"<p style=\"text-align: center;\">\n<p style=\"text-align: justify;\">T\u00fcrke\u015f\u2019ten tarihi tespitler<\/p>\n<p style=\"text-align: justify;\">MHP\u2019nin esfanevi lideri Alparslan T\u00fcrke\u015f, iktidar\u0131n \u2019a\u00e7\u0131l\u0131m\u2019giri\u015fimiyle g\u00fcndeme ta\u015f\u0131nan tart\u0131\u015fmalara seneler \u00f6nce net duru\u015fuyla tavr\u0131n\u0131 koyup bug\u00fcne \u0131\u015f\u0131k tutan tespitlerde bulunmu\u015ftu.<\/p>\n<p style=\"text-align: justify;\">Bizi asla ay\u0131ramazlar<\/p>\n<p style=\"text-align: justify;\">\u00d6CALAN\u2019\u0131n K\u00fcrtlerin temsilcisi oldu\u011fu iddias\u0131na kar\u015f\u0131 \u00e7\u0131kan T\u00fcrke\u015f, \u201cBu karde\u015flerimizin hakk\u0131n\u0131 Ermeni Apo mu koruyacakt\u0131r? Onlar\u0131 bizden <\/p>\n","protected":false},"author":1,"featured_media":0,"comment_status":"open","ping_status":"closed","sticky":false,"template":"","format":"standard","meta":{"footnotes":""},"categories":[105],"tags":[],"class_list":["post-13966","post","type-post","status-publish","format-standard","hentry","category-gundem","odd"],"_links":{"self":[{"href":"http:\/\/www.korhanyilmaz.com\/index.php?rest_route=\/wp\/v2\/posts\/13966","targetHints":{"allow":["GET"]}}],"collection":[{"href":"http:\/\/www.korhanyilmaz.com\/index.php?rest_route=\/wp\/v2\/posts"}],"about":[{"href":"http:\/\/www.korhanyilmaz.com\/index.php?rest_route=\/wp\/v2\/types\/post"}],"author":[{"embeddable":true,"href":"http:\/\/www.korhanyilmaz.com\/index.php?rest_route=\/wp\/v2\/users\/1"}],"replies":[{"embeddable":true,"href":"http:\/\/www.korhanyilmaz.com\/index.php?rest_route=%2Fwp%2Fv2%2Fcomments&post=13966"}],"version-history":[{"count":0,"href":"http:\/\/www.korhanyilmaz.com\/index.php?rest_route=\/wp\/v2\/posts\/13966\/revisions"}],"wp:attachment":[{"href":"http:\/\/www.korhanyilmaz.com\/index.php?rest_route=%2Fwp%2Fv2%2Fmedia&parent=13966"}],"wp:term":[{"taxonomy":"category","embeddable":true,"href":"http:\/\/www.korhanyilmaz.com\/index.php?rest_route=%2Fwp%2Fv2%2Fcategories&post=13966"},{"taxonomy":"post_tag","embeddable":true,"href":"http:\/\/www.korhanyilmaz.com\/index.php?rest_route=%2Fwp%2Fv2%2Ftags&post=13966"}],"curies":[{"name":"wp","href":"https:\/\/api.w.org\/{rel}","templated":true}]}}