{"id":13962,"date":"2009-08-27T21:27:07","date_gmt":"2009-08-27T18:27:07","guid":{"rendered":"http:\/\/www.korhanyilmaz.com\/?p=13962"},"modified":"2009-08-27T21:27:07","modified_gmt":"2009-08-27T18:27:07","slug":"13962","status":"publish","type":"post","link":"http:\/\/www.korhanyilmaz.com\/?p=13962","title":{"rendered":"Memurla alay ediyorlar"},"content":{"rendered":"<p style=\"text-align: center;\"><a href=\"http:\/\/www.korhanyilmaz.com\/wp-content\/uploads\/2009\/08\/2009-08-28_145152.jpg\"  class=\"lightview\"><img loading=\"lazy\" decoding=\"async\" class=\"aligncenter size-full wp-image-13961\" src=\"http:\/\/www.korhanyilmaz.com\/wp-content\/uploads\/2009\/08\/2009-08-28_145152.jpg\" alt=\"\" width=\"401\" height=\"199\" \/><\/a><\/p>\n<p style=\"text-align: justify;\"><em><strong>H\u00fck\u00fcmet, memurla alay etti<\/strong><\/em><\/p>\n<p style=\"text-align: justify;\">H\u00fck\u00fcmetin 2010 y\u0131l\u0131 i\u00e7in memurlara \u00f6nerdi\u011fi y\u00fczde 2+2 form\u00fcll\u00fc zam teklifi tepki \u00e7ekti. Sendikalar, h\u00fck\u00fcmetin milyonlarca memurla alay etti\u011fini s\u00f6yl\u00fcyor.<\/p>\n<p style=\"text-align: justify;\">Hak-Sen Genel Ba\u015fkan\u0131 Ayhan \u00c7ivi, h\u00fck\u00fcmetin 2010 y\u0131l\u0131 i\u00e7in y\u00fczde 2+2 maa\u015f art\u0131\u015f\u0131 teklifine tepki g\u00f6stererek, h\u00fck\u00fcmetin hem sendikalarla hem de memurlarla alay etti\u011fini kaydetti.<\/p>\n<p style=\"text-align: justify;\">H\u00fck\u00fcmetin 2010 y\u0131l\u0131 i\u00e7in y\u00fczde 2+2 maa\u015f art\u0131\u015f\u0131 teklifine tepki g\u00f6sterdi. Memurlara teklif edilen oran\u0131n Cumhuriyet tarihindeki en d\u00fc\u015f\u00fck maa\u015f art\u0131\u015f\u0131 oldu\u011funu belirten \u00c7ivi, h\u00fck\u00fcmetin hem sendikalarla hem de memurla alay etti\u011fini ifade etti\u011fini s\u00f6yleyerek, masadaki sendikalar memuru daha fazla rencide etmeden g\u00f6r\u00fc\u015fmelere son vermeli ve h\u00fck\u00fcmeti bu komik teklifi ile ba\u015f ba\u015fa b\u0131rakarak alanlara inmelidir. \u201c dedi. <!--more--><\/p>\n<p style=\"text-align: justify;\"><em><strong>BASK: Utan\u00e7 verici<\/strong><\/em><\/p>\n<p style=\"text-align: justify;\">Ba\u011f\u0131ms\u0131z Kamu G\u00f6revlileri Sendikalar\u0131 Konfederasyonu (BASK) Genel Ba\u015fkan\u0131 Resul Akay, 2010 y\u0131l\u0131 i\u00e7in h\u00fck\u00fcmetin \u00f6ng\u00f6rd\u00fc\u011f\u00fc y\u00fczde 2+2 oran\u0131ndaki maa\u015f zamm\u0131n\u0131 utan\u00e7 verici bir \u00f6neri olarak g\u00f6rd\u00fcklerini belirterek, h\u00fck\u00fcmetin bu \u00f6neriyle diyalog ve uzla\u015f\u0131 s\u00fcrecini sabote ederek masaya oturan sendikalara \u201d soka\u011f\u0131 i\u015faret \u201c etti\u011fini kaydetti.<\/p>\n<p style=\"text-align: justify;\">Akay, \u201d H\u00fck\u00fcmet, diyalog ve uzla\u015f\u0131 s\u00fcrecini sabote ederek masaya oturan sendikalara soka\u011f\u0131 i\u015faret etmektedir. Y\u00fczde 2+2 oran\u0131ndaki maa\u015f zamm\u0131n\u0131 utan\u00e7 verici olarak g\u00f6r\u00fcyoruz \u201c dedi.<\/p>\n<p style=\"text-align: justify;\"><em><strong>BES: Alay ediyorlar<\/strong><\/em><\/p>\n<p style=\"text-align: justify;\">Ba\u011f\u0131ms\u0131z E\u011fitimciler Sendikas\u0131 (BES) Genel Ba\u015fkan\u0131 G\u00fcrkan Avc\u0131, toplu g\u00f6r\u00fc\u015fmelerde memurla alay edildi\u011fini s\u00f6yledi.<\/p>\n<p style=\"text-align: justify;\">Avc\u0131, Devlet Bakan\u0131 Hayati Yaz\u0131c\u0131\u2019n\u0131n, \u2019Ancak bunu verebiliyoruz. Ben Ba\u015fbakan ve bakanlar kurulu ad\u0131na Toplu G\u00f6r\u00fc\u015fmeleri y\u00fcr\u00fct\u00fcyorum. Benim bildirdi\u011fim son rakam budur\u2019 s\u00f6z\u00fcne tepki g\u00f6sterdi.<\/p>\n<p style=\"text-align: justify;\"><em><strong>T\u00fcm Sa\u011fl\u0131k-Sen: Yalan!<\/strong><\/em><\/p>\n<p style=\"text-align: justify;\">T\u00fcm Sa\u011fl\u0131k-Sen Genel Ba\u015fkan\u0131 Okay Er\u00f6zg\u00fcn, h\u00fck\u00fcmetin teklifine tepki g\u00f6stererek, \u201cBunun gerek\u00e7esi olarak enflasyonun d\u00fc\u015fece\u011fini s\u00f6ylemek, \u00e7ocu\u011fa s\u00f6ylenen yalanla e\u015fde\u011ferdedir\u201d dedi.<\/p>\n<p style=\"text-align: justify;\"><span style=\"color: #888888;\">Kaynak : <a href=\"http:\/\/www.yenicaggazetesi.com.tr\/haberdetay.php?hit=22195\" target=\"_blank\">yenicaggazetesi.com.tr<\/a><\/span><\/p>\n","protected":false},"excerpt":{"rendered":"<p style=\"text-align: center;\">\n<p style=\"text-align: justify;\">H\u00fck\u00fcmet, memurla alay etti<\/p>\n<p style=\"text-align: justify;\">H\u00fck\u00fcmetin 2010 y\u0131l\u0131 i\u00e7in memurlara \u00f6nerdi\u011fi y\u00fczde 2+2 form\u00fcll\u00fc zam teklifi tepki \u00e7ekti. Sendikalar, h\u00fck\u00fcmetin milyonlarca memurla alay etti\u011fini s\u00f6yl\u00fcyor.<\/p>\n<p style=\"text-align: justify;\">Hak-Sen Genel Ba\u015fkan\u0131 Ayhan \u00c7ivi, h\u00fck\u00fcmetin 2010 y\u0131l\u0131 i\u00e7in y\u00fczde 2+2 maa\u015f art\u0131\u015f\u0131 teklifine tepki g\u00f6stererek, h\u00fck\u00fcmetin hem sendikalarla hem de memurlarla <\/p>\n","protected":false},"author":1,"featured_media":0,"comment_status":"open","ping_status":"closed","sticky":false,"template":"","format":"standard","meta":{"footnotes":""},"categories":[7],"tags":[],"class_list":["post-13962","post","type-post","status-publish","format-standard","hentry","category-ekonomi","odd"],"_links":{"self":[{"href":"http:\/\/www.korhanyilmaz.com\/index.php?rest_route=\/wp\/v2\/posts\/13962","targetHints":{"allow":["GET"]}}],"collection":[{"href":"http:\/\/www.korhanyilmaz.com\/index.php?rest_route=\/wp\/v2\/posts"}],"about":[{"href":"http:\/\/www.korhanyilmaz.com\/index.php?rest_route=\/wp\/v2\/types\/post"}],"author":[{"embeddable":true,"href":"http:\/\/www.korhanyilmaz.com\/index.php?rest_route=\/wp\/v2\/users\/1"}],"replies":[{"embeddable":true,"href":"http:\/\/www.korhanyilmaz.com\/index.php?rest_route=%2Fwp%2Fv2%2Fcomments&post=13962"}],"version-history":[{"count":0,"href":"http:\/\/www.korhanyilmaz.com\/index.php?rest_route=\/wp\/v2\/posts\/13962\/revisions"}],"wp:attachment":[{"href":"http:\/\/www.korhanyilmaz.com\/index.php?rest_route=%2Fwp%2Fv2%2Fmedia&parent=13962"}],"wp:term":[{"taxonomy":"category","embeddable":true,"href":"http:\/\/www.korhanyilmaz.com\/index.php?rest_route=%2Fwp%2Fv2%2Fcategories&post=13962"},{"taxonomy":"post_tag","embeddable":true,"href":"http:\/\/www.korhanyilmaz.com\/index.php?rest_route=%2Fwp%2Fv2%2Ftags&post=13962"}],"curies":[{"name":"wp","href":"https:\/\/api.w.org\/{rel}","templated":true}]}}