{"id":13957,"date":"2009-08-28T13:56:12","date_gmt":"2009-08-28T10:56:12","guid":{"rendered":"http:\/\/www.korhanyilmaz.com\/?p=13957"},"modified":"2009-08-28T13:56:12","modified_gmt":"2009-08-28T10:56:12","slug":"kilic-yargi-taslagiyla-ilgili-gorusumuz-sorulmadi","status":"publish","type":"post","link":"http:\/\/www.korhanyilmaz.com\/?p=13957","title":{"rendered":"K\u0131l\u0131\u00e7: &#039;Yarg\u0131 tasla\u011f\u0131yla ilgili g\u00f6r\u00fc\u015f\u00fcm\u00fcz sorulmad\u0131&#039;"},"content":{"rendered":"<p style=\"text-align: center;\"><a href=\"http:\/\/www.korhanyilmaz.com\/wp-content\/uploads\/2009\/08\/hasim.jpg\"  class=\"lightview\"><img loading=\"lazy\" decoding=\"async\" class=\"aligncenter size-full wp-image-13958\" src=\"http:\/\/www.korhanyilmaz.com\/wp-content\/uploads\/2009\/08\/hasim.jpg\" alt=\"\" width=\"307\" height=\"236\" \/><\/a><\/p>\n<p style=\"text-align: justify;\">Anayasa Mahkemesi Ba\u015fkan\u0131 Ha\u015fim K\u0131l\u0131\u00e7, Yarg\u0131 Reformu Strateji ve Eylem Plan\u0131 ile ilgili kendilerinden herhangi bir g\u00f6r\u00fc\u015f sorulmad\u0131\u011f\u0131n\u0131 bildirdi.<\/p>\n<p style=\"text-align: justify;\">K\u0131l\u0131\u00e7, TBMM Ba\u015fkan\u0131 Mehmet Ali \u015eahin&#8217;i ziyaretinin ard\u0131ndan gazetecilerin &#8220;Yarg\u0131 Reformu Stratejisi ve Eylem Plan\u0131&#8221;na ili\u015fkin sorusunu yan\u0131tlad\u0131.<\/p>\n<p style=\"text-align: justify;\">&#8220;Adalet Bakanl\u0131\u011f\u0131ndan yarg\u0131 reformuyla ilgili sizden bir g\u00f6r\u00fc\u015f istendi mi?&#8221; sorusu \u00fczerine K\u0131l\u0131\u00e7, &#8220;Hay\u0131r, herhangi bir g\u00f6r\u00fc\u015fmemiz olmad\u0131. Bizden de herhangi bir g\u00f6r\u00fc\u015f sorulmad\u0131&#8221; dedi. <!--more--><\/p>\n<p style=\"text-align: justify;\">K\u0131l\u0131\u00e7, &#8220;Tasla\u011f\u0131 nas\u0131l de\u011ferlendiriyorsunuz?&#8221; sorusuna ise &#8220;Daha bilmiyoruz. \u00c7\u0131ks\u0131n bir bakal\u0131m&#8221; kar\u015f\u0131l\u0131\u011f\u0131n\u0131 verdi.<\/p>\n<p style=\"text-align: justify;\">Tasla\u011f\u0131n internette yay\u0131mland\u0131\u011f\u0131n\u0131 ve daha \u00f6nce Anayasa Mahkemesi&#8217;ne TBMM&#8217;den \u00fcye se\u00e7ilmesi gibi konular\u0131n g\u00fcndeme geldi\u011fini s\u00f6yleyen gazetecilere K\u0131l\u0131\u00e7, &#8220;Bu konudaki d\u00fc\u015f\u00fcncelerimizi biliyorsunuz. Kurulu\u015f y\u0131ld\u00f6n\u00fcmlerinde, \u00e7e\u015fitli vesilelerle a\u00e7\u0131kl\u0131yoruz. Olay bir s\u0131cakl\u0131\u011f\u0131n\u0131 sa\u011flas\u0131n bakal\u0131m. Ondan sonra biz de g\u00f6r\u00fc\u015flerimizi a\u00e7\u0131klar\u0131z&#8221; diye konu\u015ftu.<\/p>\n<p style=\"text-align: justify;\"><span style=\"color: #888888;\">CNN T\u00dcRK<\/span><\/p>\n","protected":false},"excerpt":{"rendered":"<p style=\"text-align: center;\">\n<p style=\"text-align: justify;\">Anayasa Mahkemesi Ba\u015fkan\u0131 Ha\u015fim K\u0131l\u0131\u00e7, Yarg\u0131 Reformu Strateji ve Eylem Plan\u0131 ile ilgili kendilerinden herhangi bir g\u00f6r\u00fc\u015f sorulmad\u0131\u011f\u0131n\u0131 bildirdi.<\/p>\n<p style=\"text-align: justify;\">K\u0131l\u0131\u00e7, TBMM Ba\u015fkan\u0131 Mehmet Ali \u015eahin&#8217;i ziyaretinin ard\u0131ndan gazetecilerin &#8220;Yarg\u0131 Reformu Stratejisi ve Eylem Plan\u0131&#8221;na ili\u015fkin sorusunu yan\u0131tlad\u0131.<\/p>\n<p style=\"text-align: justify;\">&#8220;Adalet Bakanl\u0131\u011f\u0131ndan yarg\u0131 reformuyla ilgili sizden bir g\u00f6r\u00fc\u015f istendi <\/p>\n","protected":false},"author":1,"featured_media":0,"comment_status":"open","ping_status":"closed","sticky":false,"template":"","format":"standard","meta":{"footnotes":""},"categories":[105],"tags":[],"class_list":["post-13957","post","type-post","status-publish","format-standard","hentry","category-gundem","odd"],"_links":{"self":[{"href":"http:\/\/www.korhanyilmaz.com\/index.php?rest_route=\/wp\/v2\/posts\/13957","targetHints":{"allow":["GET"]}}],"collection":[{"href":"http:\/\/www.korhanyilmaz.com\/index.php?rest_route=\/wp\/v2\/posts"}],"about":[{"href":"http:\/\/www.korhanyilmaz.com\/index.php?rest_route=\/wp\/v2\/types\/post"}],"author":[{"embeddable":true,"href":"http:\/\/www.korhanyilmaz.com\/index.php?rest_route=\/wp\/v2\/users\/1"}],"replies":[{"embeddable":true,"href":"http:\/\/www.korhanyilmaz.com\/index.php?rest_route=%2Fwp%2Fv2%2Fcomments&post=13957"}],"version-history":[{"count":0,"href":"http:\/\/www.korhanyilmaz.com\/index.php?rest_route=\/wp\/v2\/posts\/13957\/revisions"}],"wp:attachment":[{"href":"http:\/\/www.korhanyilmaz.com\/index.php?rest_route=%2Fwp%2Fv2%2Fmedia&parent=13957"}],"wp:term":[{"taxonomy":"category","embeddable":true,"href":"http:\/\/www.korhanyilmaz.com\/index.php?rest_route=%2Fwp%2Fv2%2Fcategories&post=13957"},{"taxonomy":"post_tag","embeddable":true,"href":"http:\/\/www.korhanyilmaz.com\/index.php?rest_route=%2Fwp%2Fv2%2Ftags&post=13957"}],"curies":[{"name":"wp","href":"https:\/\/api.w.org\/{rel}","templated":true}]}}