{"id":13953,"date":"2009-08-27T07:23:22","date_gmt":"2009-08-27T04:23:22","guid":{"rendered":"http:\/\/www.korhanyilmaz.com\/?p=13953"},"modified":"2009-08-27T07:23:22","modified_gmt":"2009-08-27T04:23:22","slug":"demokratik-acilimda-cerceveye-tarif-geldi","status":"publish","type":"post","link":"http:\/\/www.korhanyilmaz.com\/?p=13953","title":{"rendered":"Demokratik a\u00e7\u0131l\u0131mda \u00e7er\u00e7eveye tarif geldi"},"content":{"rendered":"<p style=\"text-align: center;\"><a href=\"http:\/\/www.korhanyilmaz.com\/wp-content\/uploads\/2009\/08\/fft5_mf236843.Jpeg\"  class=\"lightview\"><img loading=\"lazy\" decoding=\"async\" class=\"aligncenter size-full wp-image-13954\" src=\"http:\/\/www.korhanyilmaz.com\/wp-content\/uploads\/2009\/08\/fft5_mf236843.Jpeg\" alt=\"\" width=\"270\" height=\"224\" \/><\/a><\/p>\n<p style=\"text-align: justify;\">Ba\u015fbakan Erdo\u011fan&#8217;dan K\u00fcrt a\u00e7\u0131l\u0131m\u0131 \u00e7a\u011fr\u0131s\u0131: \u00c7er\u00e7eveyi biz \u00e7izelim gibi bir dayatmam\u0131z yok. \u00c7\u00fcnk\u00fc biz T\u00fcrkiye&#8217;nin tamam\u0131 de\u011filiz.<\/p>\n<p style=\"text-align: justify;\">ANKARA &#8211; Ba\u015fbakan Recep Tayyip Erdo\u011fan, toplumun t\u00fcm kesimlerini &#8216;K\u00fcrt a\u00e7\u0131l\u0131m\u0131&#8217;na katk\u0131 vermeye \u00e7a\u011f\u0131r\u0131rken, &#8220;Bizim kimseye her \u015feyi biz yapal\u0131m, kural\u0131 biz koyal\u0131m, \u00e7er\u00e7eveyi biz \u00e7izelim gibi bir dayatmam\u0131z yok. \u00c7\u00fcnk\u00fc biz T\u00fcrkiye&#8217;nin tamam\u0131 de\u011filiz. Biz herkese bir \u00e7a\u011fr\u0131da bulunuyoruz. Gelin bu \u00fclkenin kanayan b\u00fct\u00fcn yaralar\u0131na merhemi hep birlikte bulal\u0131m&#8221; dedi.<!--more--><\/p>\n<p style=\"text-align: justify;\">Erdo\u011fan, Ulus&#8217;a Sesleni\u015f konu\u015fmas\u0131nda \u015fu mesajlar\u0131 verdi:<\/p>\n<p style=\"text-align: justify;\">TEK M\u0130LLET: T\u00fcrkiye&#8217;nin sahip oldu\u011fu her g\u00fczellik etle t\u0131rnak gibi birbirinden ayr\u0131lamaz olan milletimize aittir. Biz as\u0131rlar boyunca o millet olma \u015fuuruyla var olduk, var kald\u0131k. \u0130n\u015fallah ayn\u0131 ruh ve \u015fuurla, gelece\u011fe de hep birlikte y\u00fcr\u00fcyece\u011fiz; maddi- manevi nice medeniyet hamlelerine yine hep birlikte imza ataca\u011f\u0131z. Bu bak\u0131mdan iktidar\u0131m\u0131z hep \u015funu i\u015fledi: Tek millet, tek vatan, tek bayrak, tek devlet.<\/p>\n<p style=\"text-align: justify;\"><strong>A\u00c7ILIMDAN MURADIMIZ KARANLIKLARDAN ARINMI\u015e T\u00dcRK\u0130YE<\/strong><\/p>\n<p style=\"text-align: justify;\">Bizim bu a\u00e7\u0131l\u0131mdan murad\u0131m\u0131z, bu \u00fclkede ya\u015fayan herkesin; ama herkesin, kendini \u00f6zg\u00fcrce ifade edebilece\u011fi demokratik ortam\u0131 tesis edebilmektir. Demokratik bir a\u00e7\u0131l\u0131m ger\u00e7ekle\u015ftirelim derken, sadece do\u011fu demiyoruz, sadece bat\u0131 demiyoruz, sadece kuzey veya g\u00fcney demiyoruz, bu \u00fclkeyi topyek\u00fbn ele al\u0131yor, nerede bir insani s\u0131k\u0131nt\u0131 varsa devlet orada olsun, o s\u0131k\u0131nt\u0131y\u0131 gidersin diyoruz. Nerede adaletsizli\u011fe u\u011fram\u0131\u015f bir insan\u0131m\u0131z varsa hukukun \u015fa\u015fmaz terazisi orada kurulsun diyoruz. Bu \u00fclkenin nimetleri de, k\u00fclfetleri de hak\u00e7a payla\u015f\u0131ls\u0131n diyoruz. Hakkaniyetin \u00f6l\u00e7\u00fcs\u00fc nerede \u015fa\u015f\u0131yorsa hep birlikte bunu d\u00fczeltelim diyoruz. Devletin g\u00f6revi, kim oldu\u011funa, nerede ya\u015fad\u0131\u011f\u0131na bakmadan vatanda\u015f\u0131na hizmettir diyoruz. Bizim demokratik a\u00e7\u0131l\u0131mdan kast\u0131m\u0131z, bu geni\u015flik ve bu b\u00fct\u00fcnl\u00fck i\u00e7indedir. Bu \u00fclkede art\u0131k insanl\u0131k ay\u0131plar\u0131, faili me\u00e7huller ya\u015fanmas\u0131n; masumlar su\u00e7lu ilan edilmesin, su\u00e7lular cezas\u0131z kalmas\u0131n istiyoruz. Her insan\u0131m\u0131z bu bayra\u011f\u0131n g\u00f6lgesinde kendini g\u00fcvende hissetsin, devletine g\u00fcvensin istiyoruz. Milli Birlik Projesi olarak demokrasi milletimizin en b\u00fcy\u00fck g\u00fcvencesi olsun, millet iradesinin \u00fcst\u00fcne g\u00f6lge d\u00fc\u015fmesin istiyoruz. Bizim demokratik a\u00e7\u0131l\u0131mdan murad\u0131m\u0131z b\u00fct\u00fcn karanl\u0131klar\u0131ndan ar\u0131nm\u0131\u015f, b\u00fct\u00fcn a\u011f\u0131rl\u0131klar\u0131n\u0131 \u00fcst\u00fcnden atm\u0131\u015f ayd\u0131nl\u0131k bir T\u00fcrkiye&#8217;dir.<\/p>\n<p style=\"text-align: justify;\"><strong>NEDEN\u0130 ACZ\u0130YET<\/strong><\/p>\n<p style=\"text-align: justify;\">Bu \u00fclkede ge\u00e7mi\u015fte ya\u015fanan ekonomik s\u0131k\u0131nt\u0131lar\u0131n, krizlerin, bunal\u0131mlar\u0131n ortaya \u00e7\u0131kmas\u0131nda nas\u0131l bir y\u00f6netim zafiyeti, nas\u0131l bir acziyet varsa; toplumsal meselelerin vahim kangrenlere d\u00f6n\u00fc\u015fmesinde de ayn\u0131 zafiyet ve acziyet vard\u0131r. Bu ger\u00e7e\u011fi kabul etmek; toplum olarak uzun y\u0131llar boyunca ya\u015fad\u0131\u011f\u0131m\u0131z b\u00fcy\u00fck ac\u0131lar\u0131n, \u00f6dedi\u011fimiz a\u011f\u0131r bedellerin oldu\u011fu gibi, b\u00fcy\u00fck devlet olman\u0131n da ka\u00e7\u0131n\u0131lmaz bir gere\u011fidir.<\/p>\n<p style=\"text-align: justify;\"><strong>TABUTLAR GE\u00c7T\u0130K\u00c7E LOKMALAR BO\u011eAZIMIZA D\u0130Z\u0130LD\u0130<\/strong><\/p>\n<p style=\"text-align: justify;\">T\u00fcrkiye \u00e7ok uzun y\u0131llard\u0131r ter\u00f6r ger\u00e7e\u011fiyle kar\u015f\u0131 kar\u015f\u0131yad\u0131r. Bu a\u011f\u0131r tecr\u00fcbe can\u0131m\u0131zdan binlerce gencecik can kopar\u0131p alm\u0131\u015ft\u0131r. Evlerin \u00f6nlerine ayy\u0131ld\u0131zl\u0131 bayraklara sar\u0131l\u0131 \u015fehit cenazeleri getirildik\u00e7e, T\u00fcrkiye her \u00f6l\u00fcm haberiyle sars\u0131ld\u0131k\u00e7a, yedi\u011fimiz lokmalar bo\u011faz\u0131m\u0131za dizilir olmu\u015ftur. T\u00fcrkiye bu y\u0131llar\u0131 ac\u0131yla, g\u00f6zya\u015f\u0131yla ge\u00e7irmi\u015ftir. Ekme\u011fe uzanmas\u0131 gereken eller silaha uzanm\u0131\u015ft\u0131r. Millet olarak bu \u00fclkeye g\u00fc\u00e7 verecek, kalk\u0131nmam\u0131za omuz verecek, hayallerimizi ger\u00e7e\u011fe d\u00f6n\u00fc\u015ft\u00fcrecek nice nesillerimizi kaybettik.<\/p>\n<p style=\"text-align: justify;\"><strong>DUR D\u0130YEMED\u0130K<\/strong><\/p>\n<p style=\"text-align: justify;\">\u0130nsanlar\u0131m\u0131z\u0131n aras\u0131na tarih boyunca ekilememi\u015f bu fesat tohumlar\u0131n\u0131 ekenlerek, daha ilk g\u00fcnden, en g\u00fcr sesimizle \u201cdur\u201d demeliydik, ama diyemedik. 25 y\u0131l \u00f6nce bu denilmeliydi. Hi\u00e7 de\u011filse bug\u00fcn, ya\u015fad\u0131\u011f\u0131m\u0131z onca ac\u0131n\u0131n, \u00f6dedi\u011fimiz onca bedelin ard\u0131ndan hi\u00e7 de\u011filse bug\u00fcn bu gidi\u015fata art\u0131k \u201cdur\u201d demeliyiz. Nesiller boyudur kanayan bu yaray\u0131 art\u0131k iyile\u015ftirmeliyiz. Bunun i\u00e7in fert fert, insan insan, ev ev bu meseleyi yeniden d\u00fc\u015f\u00fcnmeli, tarih boyunca oldu\u011fu gibi bu badirenin \u00fcst\u00fcne kararl\u0131 bir millet gibi gitmeyi bilmeliyiz.<\/p>\n<p style=\"text-align: justify;\"><strong>TOPLUM KONUYU TARTI\u015eAMADI<\/strong><\/p>\n<p style=\"text-align: justify;\">\u00dcz\u00fclerek ifade edeyim ki, toplum olarak bug\u00fcne kadar bu konuyu b\u00fct\u00fcn boyutlar\u0131yla de\u011ferlendirmeyi; \u00e7\u00f6z\u00fcm\u00fc so\u011fukkanl\u0131l\u0131kla, akl\u0131selimle tart\u0131\u015fmay\u0131 pek ba\u015faramad\u0131k. Bize dayat\u0131lan \u00f6nyarg\u0131lar\u0131; bizi birbirimize d\u00fc\u015f\u00fcrmek i\u00e7in tezg\u00e2hlanm\u0131\u015f korku ve fesat tuzaklar\u0131n\u0131 hakk\u0131yla a\u015famad\u0131k. B\u00fct\u00fcn bu olumsuzluklara ra\u011fmen, bug\u00fcn, bu sorunlar\u0131m\u0131z\u0131 bir g\u00fcvenlik sorunu olarak de\u011fil, topyek\u00fbn demokrasi sorunumuzun bir par\u00e7as\u0131 olarak konu\u015fabilme noktas\u0131na gelmi\u015fsek, bunda, g\u00fcvenlik g\u00fc\u00e7lerimizin on y\u0131llard\u0131r b\u00fcy\u00fck fedak\u00e2rl\u0131klarla ve dirayetle verdikleri m\u00fccadelenin pay\u0131n\u0131 asla unutamay\u0131z.<\/p>\n<p style=\"text-align: justify;\"><strong>DEMOKRAS\u0130 MESELES\u0130<\/strong><\/p>\n<p style=\"text-align: justify;\">En a\u011f\u0131r \u015fartlarda, binlerce \u015fehit vermek pahas\u0131na y\u00fcr\u00fct\u00fclen bu zorlu m\u00fccadelede g\u00fcvenlik g\u00fc\u00e7lerimiz \u00fcst\u00fcne d\u00fc\u015feni yapmaktad\u0131r. Ancak y\u0131llard\u0131r s\u00f6ylenegeldi\u011fi \u00fczere, bu mesele sadece askeri tedbirlerle \u00e7\u00f6z\u00fclebilecek bir mesele de\u011fildir. Bu mesele \u00e7ok boyutlu bir meseledir, toplumsal bir meseledir, sosyal bir meseledir ekonomik bir meseledir, k\u00fclt\u00fcrel bir meseledir. \u0130\u015fin psikolojik boyutu vard\u0131r. Hepsinin \u00f6tesinde bunun siyasi, diplomatik boyutu vard\u0131r, bu bir insanl\u0131k meselesidir, bir demokrasi meselesidir.<\/p>\n<p style=\"text-align: justify;\"><strong>MUHASEBE YAPILMALI<\/strong><\/p>\n<p style=\"text-align: justify;\">Sorumlulu\u011funu hakk\u0131yla ta\u015f\u0131mayan, her \u015feyi g\u00fcvenlik g\u00fc\u00e7lerine havale eden y\u00f6netim anlay\u0131\u015flar\u0131, ya\u015fanan siyasi ve ekonomik krizler, demokrasinin zaafa u\u011frat\u0131lmas\u0131 gibi nedenlerle, bu akl\u0131selim noktas\u0131na bir t\u00fcrl\u00fc gelinememi\u015ftir. Bug\u00fcn gelinen nokta i\u015fte bu muhasebe noktas\u0131d\u0131r.<\/p>\n<p style=\"text-align: justify;\"><strong>TA\u015eIN ALTINA EL\u0130N\u0130Z\u0130 SOKUN<\/strong><\/p>\n<p style=\"text-align: justify;\">Bu noktada meseleyi yeniden d\u00fc\u015f\u00fcnerek, milletimizin ac\u0131lar\u0131na son verecek ve karde\u015fleri birbirine d\u00fc\u015f\u00fcren bu fitneyi bitirecek akl\u0131selimi yine birlik ve beraberlik i\u00e7inde tesis etmeyi umut ediyoruz ve diyoruz ki, hep birlikte ama hep birlikte kim olursa olsun gelin ta\u015f\u0131n alt\u0131na elimizi sokal\u0131m.<\/p>\n<p style=\"text-align: justify;\"><strong>BAH\u00c7EL\u0130YE YANIT<\/strong><\/p>\n<p style=\"text-align: justify;\">Kim bu karde\u015flik projesinden bir ihanet plan\u0131 \u00e7\u0131karmaya \u00e7al\u0131\u015f\u0131yorsa T\u00fcrkiye&#8217;ye b\u00fcy\u00fck k\u00f6t\u00fcl\u00fck ediyor. Anayasam\u0131z\u0131n belirledi\u011fi \u00f6l\u00e7\u00fcler ortadad\u0131r, T\u00fcrkiye&#8217;yi b\u00f6lmeye, b\u00fct\u00fcnl\u00fc\u011f\u00fcm\u00fcz\u00fc bozmaya, \u00fcniter devlet yap\u0131m\u0131z\u0131 ortadan kald\u0131rmaya y\u00f6nelik hi\u00e7bir niyet ve giri\u015fime asla ve asla izin vermeyiz. T\u00fcrkiye&#8217;nin menfaatlerine halel getirecek en k\u00fc\u00e7\u00fck bir ad\u0131m\u0131 bile asla ve asla atmay\u0131z. Ne yap\u0131yorsak T\u00fcrkiye&#8217;nin menfaatleri i\u00e7indir, 71 bu\u00e7uk milyon vatanda\u015f\u0131m\u0131z\u0131n tamam\u0131n\u0131n ortak menfaati i\u00e7indir. Bizim g\u00f6zden \u00e7\u0131kar\u0131lacak bir tek evlad\u0131m\u0131z yoktur, biz b\u00fct\u00fcn \u00e7ocuklar\u0131m\u0131z\u0131n bu topraklarda tarih boyunca oldu\u011fu gibi karde\u015f\u00e7e ya\u015famalar\u0131n\u0131 istiyoruz.<\/p>\n<p style=\"text-align: justify;\"><strong>KARDE\u015e KARDE\u015eE D\u00dc\u015eMAN OLMASIN<\/strong><\/p>\n<p style=\"text-align: justify;\">Bu a\u00e7\u0131l\u0131m demokratik bir a\u00e7\u0131l\u0131md\u0131r, bu a\u00e7\u0131l\u0131m sevgi ve karde\u015flik a\u00e7\u0131l\u0131m\u0131d\u0131r, bu a\u00e7\u0131l\u0131m ortak bir duyguda bulu\u015fma a\u00e7\u0131l\u0131m\u0131d\u0131r. Bu a\u00e7\u0131l\u0131m ortak akl\u0131n tecellisidir.<\/p>\n<p style=\"text-align: justify;\">At\u0131lan bu ad\u0131m analar\u0131n g\u00f6zya\u015flar\u0131 daha fazla akmas\u0131n, ac\u0131lar daha fazla y\u00fcreklere \u00e7\u00f6kmesin, g\u00f6n\u00fcller mahzun olmas\u0131n, karde\u015f karde\u015fe d\u00fc\u015fman olmas\u0131n diye at\u0131l\u0131yor, bu ama\u00e7lara nas\u0131l kar\u015f\u0131 \u00e7\u0131k\u0131labilir? T\u00fcrkiye&#8217;nin ac\u0131lar\u0131 sona ersin, gelece\u011fimiz ayd\u0131nl\u0131k olsun ve bu ayd\u0131nl\u0131k, bu \u00fclkenin b\u00fct\u00fcn insanlar\u0131n\u0131n y\u00fczlerini ve g\u00f6n\u00fcllerini ayd\u0131nlats\u0131n istiyoruz, bunda ne gariplik var?<\/p>\n<p style=\"text-align: justify;\"><strong>HERKESE \u00c7A\u011eRI<\/strong><\/p>\n<p style=\"text-align: justify;\">Bu meseleyi her t\u00fcrl\u00fc istismardan, her t\u00fcrl\u00fc polemikten uzak ele almak; \u00e7are aray\u0131\u015flar\u0131na samimiyetle, hassasiyetle katk\u0131da bulunmak hepimizin ortak g\u00f6revidir. Bizim kimseye her \u015feyi biz yapal\u0131m, kural\u0131 biz koyal\u0131m, \u00e7er\u00e7eveyi biz \u00e7izelim gibi bir dayatmam\u0131z yok. \u00c7\u00fcnk\u00fc biz T\u00fcrkiye&#8217;nin tamam\u0131 de\u011filiz. Biz herkese bir \u00e7a\u011fr\u0131da bulunuyoruz. Gelin bu \u00fclkenin kanayan b\u00fct\u00fcn yaralar\u0131na, evet, tekrar s\u00f6yl\u00fcyorum, b\u00fct\u00fcn yaralar\u0131na merhemi hep birlikte bulal\u0131m diyoruz. Burada siyasi istismar yap\u0131lmaz, burada siyasi rant hesab\u0131na girilmez. Herkesi \u00e7\u00f6z\u00fcm\u00fcn bir par\u00e7as\u0131 olmaya \u00e7a\u011f\u0131r\u0131yoruz. Ge\u00e7mi\u015fteki kli\u015feler bir i\u015fe yaramad\u0131, gelin yeni bir a\u00e7\u0131l\u0131m ger\u00e7ekle\u015ftirelim, bu yak\u0131c\u0131 meseleye akl\u0131selimi getirelim diyoruz. Neden olmayaca\u011f\u0131n\u0131 y\u0131llarca konu\u015ftuk, gelin bug\u00fcn de nas\u0131l olaca\u011f\u0131n\u0131 konu\u015fal\u0131m diyoruz. Bu mesele bu milletin meselesidir, bu \u00fclkenin meselesidir, gelin bir ucundan tutun da bu a\u011f\u0131rl\u0131\u011f\u0131 bu \u00fclkenin \u00fcst\u00fcnden kald\u0131ral\u0131m diyoruz. Bu meseleyi her t\u00fcrl\u00fc \u00f6nyarg\u0131dan, her t\u00fcrl\u00fc polemikten, her t\u00fcrl\u00fc asabiyetten, her t\u00fcrl\u00fc istismarlardan uzak bi\u00e7imde gelin milletin huzuruna getirelim diyoruz. \u00dcniversitelerimiz konuyu tart\u0131\u015fs\u0131n, ayd\u0131nlar\u0131m\u0131z, sanat\u00e7\u0131lar\u0131m\u0131z, sivil toplum kurulu\u015flar\u0131m\u0131z, medyam\u0131z, yediden yetmi\u015fe b\u00fct\u00fcn insanlar\u0131m\u0131z bu konuyu hakk\u0131n\u0131 vererek bir daha d\u00fc\u015f\u00fcns\u00fcn diyoruz. Vatan topra\u011f\u0131n\u0131n bir k\u00f6\u015fesindeki bir yara g\u00fcn gelir b\u00fct\u00fcn v\u00fccudu sarar, kangrene \u00e7evirir, gelin daha fazla ge\u00e7 kalmadan o yaray\u0131 hep birlikte saral\u0131m diyoruz.<\/p>\n<p style=\"text-align: justify;\"><strong>PKK D\u00dc\u015eMAN<\/strong><\/p>\n<p style=\"text-align: justify;\">Ter\u00f6r\u00fc bir yol olarak se\u00e7enleri her zaman telin ettik, \u015fimdi de ediyoruz. Ter\u00f6r \u00f6rg\u00fct\u00fcn\u00fc bir d\u00fc\u015fman ilan ettik, \u015fimdi de ilan ediyoruz. T\u00fcrkiye&#8217;nin birli\u011fini, dirli\u011fini, b\u00fct\u00fcnl\u00fc\u011f\u00fcn\u00fc her \u015feyin \u00fcst\u00fcnde tuttuk, bug\u00fcn de bu hassasiyetimizi ayn\u0131 kararl\u0131l\u0131kla koruyoruz. Bu demokratik aray\u0131\u015flar\u0131m\u0131z da asl\u0131nda bu hassasiyetimizin eseridir.<\/p>\n<p style=\"text-align: justify;\"><strong>HER DERD\u0130N \u00c7ARES\u0130 VAR<\/strong><\/p>\n<p style=\"text-align: justify;\">Demokrasi i\u00e7inde her derdin bir \u00e7aresi vard\u0131r. Yeter ki ba\u015fta demokrasi olmak \u00fczere her konuda samimiyeti elden b\u0131rakmayal\u0131m. Demokrasiyi b\u00fct\u00fcn unsurlar\u0131yla birlikte i\u015fler hale getirirsek, di\u011fer b\u00fct\u00fcn s\u0131k\u0131nt\u0131lar\u0131n da pe\u015f pe\u015fe \u00e7\u00f6z\u00fcm yoluna girece\u011fini rahatl\u0131kla g\u00f6rebiliriz. \u0130nsanlar\u0131n fikirlerini, inan\u00e7lar\u0131n\u0131, k\u00fclt\u00fcrlerini ya\u015famakta alabildi\u011fine \u00f6zg\u00fcr olduklar\u0131 bir \u00fclke haline gelebilirsek, b\u00fct\u00fcn bu farkl\u0131l\u0131klar\u0131n bu \u00fclke i\u00e7in bir zenginlik oldu\u011funu fark edece\u011fiz.<\/p>\n<p style=\"text-align: justify;\"><span style=\"color: #888888;\">Radikal<\/span><\/p>\n","protected":false},"excerpt":{"rendered":"<p style=\"text-align: center;\">\n<p style=\"text-align: justify;\">Ba\u015fbakan Erdo\u011fan&#8217;dan K\u00fcrt a\u00e7\u0131l\u0131m\u0131 \u00e7a\u011fr\u0131s\u0131: \u00c7er\u00e7eveyi biz \u00e7izelim gibi bir dayatmam\u0131z yok. \u00c7\u00fcnk\u00fc biz T\u00fcrkiye&#8217;nin tamam\u0131 de\u011filiz.<\/p>\n<p style=\"text-align: justify;\">ANKARA &#8211; Ba\u015fbakan Recep Tayyip Erdo\u011fan, toplumun t\u00fcm kesimlerini &#8216;K\u00fcrt a\u00e7\u0131l\u0131m\u0131&#8217;na katk\u0131 vermeye \u00e7a\u011f\u0131r\u0131rken, &#8220;Bizim kimseye her \u015feyi biz yapal\u0131m, kural\u0131 biz koyal\u0131m, \u00e7er\u00e7eveyi biz \u00e7izelim gibi bir dayatmam\u0131z yok. \u00c7\u00fcnk\u00fc <\/p>\n","protected":false},"author":1,"featured_media":0,"comment_status":"open","ping_status":"closed","sticky":false,"template":"","format":"standard","meta":{"footnotes":""},"categories":[105],"tags":[],"class_list":["post-13953","post","type-post","status-publish","format-standard","hentry","category-gundem","odd"],"_links":{"self":[{"href":"http:\/\/www.korhanyilmaz.com\/index.php?rest_route=\/wp\/v2\/posts\/13953","targetHints":{"allow":["GET"]}}],"collection":[{"href":"http:\/\/www.korhanyilmaz.com\/index.php?rest_route=\/wp\/v2\/posts"}],"about":[{"href":"http:\/\/www.korhanyilmaz.com\/index.php?rest_route=\/wp\/v2\/types\/post"}],"author":[{"embeddable":true,"href":"http:\/\/www.korhanyilmaz.com\/index.php?rest_route=\/wp\/v2\/users\/1"}],"replies":[{"embeddable":true,"href":"http:\/\/www.korhanyilmaz.com\/index.php?rest_route=%2Fwp%2Fv2%2Fcomments&post=13953"}],"version-history":[{"count":0,"href":"http:\/\/www.korhanyilmaz.com\/index.php?rest_route=\/wp\/v2\/posts\/13953\/revisions"}],"wp:attachment":[{"href":"http:\/\/www.korhanyilmaz.com\/index.php?rest_route=%2Fwp%2Fv2%2Fmedia&parent=13953"}],"wp:term":[{"taxonomy":"category","embeddable":true,"href":"http:\/\/www.korhanyilmaz.com\/index.php?rest_route=%2Fwp%2Fv2%2Fcategories&post=13953"},{"taxonomy":"post_tag","embeddable":true,"href":"http:\/\/www.korhanyilmaz.com\/index.php?rest_route=%2Fwp%2Fv2%2Ftags&post=13953"}],"curies":[{"name":"wp","href":"https:\/\/api.w.org\/{rel}","templated":true}]}}