{"id":13949,"date":"2009-08-27T07:25:16","date_gmt":"2009-08-27T04:25:16","guid":{"rendered":"http:\/\/www.korhanyilmaz.com\/?p=13949"},"modified":"2009-08-27T07:25:16","modified_gmt":"2009-08-27T04:25:16","slug":"ismailaga-ve-gulen-cemaatini-sorusturan-savciya-uc-sorusturma","status":"publish","type":"post","link":"http:\/\/www.korhanyilmaz.com\/?p=13949","title":{"rendered":"&#039;\u0130smaila\u011fa ve G\u00fclen cemaatini soru\u015fturan savc\u0131ya \u00fc\u00e7 soru\u015fturma&#039;"},"content":{"rendered":"<p style=\"text-align: justify;\"><a href=\"http:\/\/www.korhanyilmaz.com\/wp-content\/uploads\/2009\/08\/g\u00fclen.Jpeg\"  class=\"lightview\"><img loading=\"lazy\" decoding=\"async\" class=\"aligncenter size-full wp-image-13950\" src=\"http:\/\/www.korhanyilmaz.com\/wp-content\/uploads\/2009\/08\/g\u00fclen.Jpeg\" alt=\"\" width=\"306\" height=\"204\" \/><\/a><\/p>\n<p style=\"text-align: justify;\">Eski \u0130stanbul Barosu Ba\u015fkan\u0131 Avukat Turgut Kazan, Erzincan Cumhuriyet Ba\u015fsavc\u0131s\u0131 \u0130lhan Cihaner&#8217;in, \u0130smaila\u011fa ve Fethullah G\u00fclen cemaatleriyle ilgili soru\u015fturma a\u00e7t\u0131\u011f\u0131 i\u00e7in bask\u0131ya u\u011frad\u0131\u011f\u0131n\u0131 ve hakk\u0131nda \u00fc\u00e7 soru\u015fturma birden ba\u015flat\u0131ld\u0131\u011f\u0131n\u0131 ileri s\u00fcrd\u00fc. Meslek hayat\u0131nda ilk kez bir savc\u0131n\u0131n m\u00fcdafili\u011fini \u00fcstlendi\u011fini s\u00f6yleyen Kazan, \u201cHukuk devleti i\u00e7in, T\u00fcrkiye i\u00e7in, sorunu idari yarg\u0131ya ve A\u0130HM&#8217;ye ta\u015f\u0131yaca\u011f\u0131z\u201d dedi.<\/p>\n<p style=\"text-align: justify;\">Kazan, Cihaner\u2019in ya\u015fad\u0131\u011f\u0131 sorunlar\u0131 ve izleyecekleri yolu anlatmak i\u00e7in d\u00fcn \u0130stanbul Barosu\u2019nda bas\u0131n toplant\u0131s\u0131 yapt\u0131. Kazan, m\u00fcvekkilinin ya\u015fad\u0131klar\u0131 i\u00e7in \u201cBu t\u00fcm yarg\u0131\u00e7 ve savc\u0131lar\u0131 tehdit ve sindirme \u00f6rne\u011fi. Burada soru\u015fturmay\u0131 engelleyici bir yol izlendi. \u00d6nce cemaatin ve grubun ileri gelenleri, politik yetkilileri ziyaretle i\u015fe ba\u015flay\u0131p s\u00f6z alm\u0131\u015flar. Uyar\u0131 ve ricalar sonu\u00e7 vermeyince, sorunun \u00f6zel yetkili Erzurum Savc\u0131l\u0131\u011f\u0131 kanal\u0131yla \u00e7\u00f6z\u00fclebilece\u011finin d\u00fc\u015f\u00fcn\u00fclm\u00fc\u015f\u201d dedi.<!--more--><\/p>\n<p style=\"text-align: justify;\"><strong><em>Kazan\u2019a g\u00f6re ya\u015fananlar bir \u2018g\u00f6zda\u011f\u0131\u2019:<\/em><\/strong><\/p>\n<p style=\"text-align: justify;\">\u201cM\u00fcvekkilime \u00fc\u00e7 ayr\u0131 disiplin soru\u015fturmas\u0131 a\u00e7\u0131larak, di\u011fer savc\u0131lara g\u00f6zda\u011f\u0131 verildi\u011fi gibi, \u0130smaila\u011fa dosyas\u0131n\u0131n \u015f\u00fcphelilerin d\u00fc\u011f\u00fcn bayram etti\u011fi Erzurum \u00d6zel Yetkili Savc\u0131l\u0131\u011f\u0131\u2019na g\u00f6nderilmesi sa\u011flanm\u0131\u015ft\u0131r. Dinlemeye tak\u0131lan yasad\u0131\u015f\u0131 imar uygulamalar\u0131, ihaleye fesat kar\u0131\u015ft\u0131rma, sahte diploma haz\u0131rlama, Bas\u0131n \u0130lan Kurumu ile \u00fcniversite gibi kurumlara temsilci belirleme, kendi medya grubuna avantaj sa\u011flama, Dan\u0131\u015ftay\u2019daki bir davaya arac\u0131 bulma gibi notlar kararda bulunuyor. G\u00f6revsizlik karar\u0131ndan sonra hi\u00e7 bir \u015fey yap\u0131lmad\u0131. Cemaatler kendilerinden saymad\u0131klar\u0131 savc\u0131 ve yarg\u0131\u00e7lar\u0131 dinliyor. M\u00fcvekkilim takibe al\u0131nd\u0131. Hakk\u0131nda izinsiz \u015fehir d\u0131\u015f\u0131na \u00e7\u0131kmak su\u00e7lamas\u0131yla da soru\u015fturma ba\u015flat\u0131ld\u0131. Soru\u015fturmay\u0131 engellemeye \u00e7al\u0131\u015fanlar\u0131n m\u00fcvekkili i\u00e7in \u2018And\u0131\u00e7\u00e7\u0131d\u0131r, Ergenekoncudur\u2019 diye haber u\u00e7urarak, kamuoyu olu\u015fturmaya \u00e7al\u0131\u015ft\u0131lar.\u201d<\/p>\n<p style=\"text-align: justify;\">Cihaner\u2019in 1999 y\u0131l\u0131nda \u0130dil savc\u0131s\u0131yken faili me\u00e7hul cinayetlerle ilgili Adalet Bakanl\u0131\u011f\u0131\u2019na be\u015f sayfal\u0131k yaz\u0131 yazd\u0131\u011f\u0131n\u0131 an\u0131msatan Kazan, \u015f\u00f6yle devam etti:<\/p>\n<p style=\"text-align: justify;\">\u201cYaz\u0131da faili me\u00e7hul cinayetlerin nas\u0131l i\u015flendi\u011fi, soru\u015fturmalar\u0131n nas\u0131l engellendi\u011fi ayr\u0131nt\u0131lar\u0131yla anlat\u0131larak al\u0131nmas\u0131 gereken \u00f6nlemler s\u0131ralan\u0131yor. T\u00fcm faili me\u00e7hulleri Ergenekon\u2019a y\u00fckleyenlerin, faili me\u00e7hullere bu duyarl\u0131\u011f\u0131 g\u00f6stermi\u015f bir savc\u0131ya Ergenekoncu demeleri yaln\u0131zca haks\u0131zl\u0131k de\u011fil, utanmazl\u0131kt\u0131r.\u201d<\/p>\n<p style=\"text-align: justify;\"><strong><em>\u2018AKP ve G\u00fclen\u2019i bitirme plan\u0131\u2019<\/em><\/strong><\/p>\n<p style=\"text-align: justify;\">Ercincan Cumhuriyet Ba\u015fsavc\u0131s\u0131 \u0130lhan Cihaner\u2019in \u0130smaila\u011fa cemaatine a\u00e7t\u0131\u011f\u0131 soru\u015fturman\u0131n \u2018AKP ve G\u00fclen\u2019i Bitirme Plan\u0131\u2019 denilen operasyonun par\u00e7as\u0131 oldu\u011fu iddia edilmi\u015fti.<\/p>\n<p style=\"text-align: justify;\">\u201cCemaatin silahl\u0131 oldu\u011funa dair bir ihbar mektubu alan\u201d Erzurum Cumhuriyet Ba\u015fsavc\u0131l\u0131\u011f\u0131 dosyay\u0131 istetti. Ba\u015fsavc\u0131 Cihaner, mektubun bizzat \u015f\u00fcpheliler taraf\u0131ndan yolland\u0131\u011f\u0131na dair baz\u0131 telefon konu\u015fmalar\u0131n\u0131 kan\u0131t g\u00f6sterse de soru\u015fturmay\u0131 tamamlayamadan dosyay\u0131 silahl\u0131 \u00f6rg\u00fct su\u00e7lar\u0131n\u0131 inceleme yetkisine sahip olan Erzurum Ba\u015fsavc\u0131l\u0131\u011f\u0131\u2019na yollad\u0131.<\/p>\n<p style=\"text-align: justify;\">Cihaner\u2019in soru\u015fturmas\u0131nda \u0130stanbul B\u00fcy\u00fck\u015fehir Belediye Ba\u015fkan\u0131 Kadir Topba\u015f, Yeni\u015fafak gazetesi sahibi Ahmet Albayrak, kamuoyunda C\u00fcppeli Ahmet Hoca diye bilinen Ahmet Mahmut \u00dcnl\u00fc gibi isimlerin yer ald\u0131\u011f\u0131 235 \u015f\u00fcpheli vard\u0131. Dosyan\u0131n Erzurum\u2019a gitmesinin ard\u0131ndan yaln\u0131z 13 \u015f\u00fcpheli hakk\u0131nda dava a\u00e7\u0131ld\u0131. Cemaate y\u00f6nelik dinlemelere eski \u00c7evre ve Orman Bakan\u0131 Osman Pepe ile eski Enerji ve Tabii Kaynaklar Bakan\u0131 Hilmi G\u00fcler de tak\u0131lm\u0131\u015ft\u0131.<\/p>\n<p style=\"text-align: justify;\">Yeni\u015fafak gazetesi, 20 Temmuz 2009 tarihinde \u2018Darbe And\u0131c\u0131\u2019n\u0131n i\u015faret fi\u015fe\u011fi Erzincan\u2019da\u2019 dedi. Gazeteye g\u00f6re \u2018Cihaner\u2019in soru\u015fturmas\u0131, Albay Dursun \u00c7i\u00e7ek imzal\u0131 \u2018\u0130rticayla M\u00fccadele Eylem Plan\u0131\u2019n\u0131n (AKP ve G\u00fclen\u2019i Bitirme Plan\u0131) par\u00e7as\u0131yd\u0131. Jandarma g\u00f6rev alan\u0131 d\u0131\u015f\u0131nda olmas\u0131na ra\u011fmen \u015fehir merkezinde 17 vak\u0131f, i\u015fyeri ve eve operasyon yapt\u0131, g\u00f6zalt\u0131na al\u0131nanlar\u0131n bask\u0131yla as\u0131ls\u0131z su\u00e7lamalarda bulunmalar\u0131 sa\u011fland\u0131.\u2019<\/p>\n<p style=\"text-align: justify;\"><span style=\"color: #888888;\">Radikal<\/span><\/p>\n","protected":false},"excerpt":{"rendered":"<p style=\"text-align: justify;\">\n<p style=\"text-align: justify;\">Eski \u0130stanbul Barosu Ba\u015fkan\u0131 Avukat Turgut Kazan, Erzincan Cumhuriyet Ba\u015fsavc\u0131s\u0131 \u0130lhan Cihaner&#8217;in, \u0130smaila\u011fa ve Fethullah G\u00fclen cemaatleriyle ilgili soru\u015fturma a\u00e7t\u0131\u011f\u0131 i\u00e7in bask\u0131ya u\u011frad\u0131\u011f\u0131n\u0131 ve hakk\u0131nda \u00fc\u00e7 soru\u015fturma birden ba\u015flat\u0131ld\u0131\u011f\u0131n\u0131 ileri s\u00fcrd\u00fc. Meslek hayat\u0131nda ilk kez bir savc\u0131n\u0131n m\u00fcdafili\u011fini \u00fcstlendi\u011fini s\u00f6yleyen Kazan, \u201cHukuk devleti i\u00e7in, T\u00fcrkiye i\u00e7in, sorunu idari yarg\u0131ya ve <\/p>\n","protected":false},"author":1,"featured_media":0,"comment_status":"open","ping_status":"closed","sticky":false,"template":"","format":"standard","meta":{"footnotes":""},"categories":[105],"tags":[],"class_list":["post-13949","post","type-post","status-publish","format-standard","hentry","category-gundem","odd"],"_links":{"self":[{"href":"http:\/\/www.korhanyilmaz.com\/index.php?rest_route=\/wp\/v2\/posts\/13949","targetHints":{"allow":["GET"]}}],"collection":[{"href":"http:\/\/www.korhanyilmaz.com\/index.php?rest_route=\/wp\/v2\/posts"}],"about":[{"href":"http:\/\/www.korhanyilmaz.com\/index.php?rest_route=\/wp\/v2\/types\/post"}],"author":[{"embeddable":true,"href":"http:\/\/www.korhanyilmaz.com\/index.php?rest_route=\/wp\/v2\/users\/1"}],"replies":[{"embeddable":true,"href":"http:\/\/www.korhanyilmaz.com\/index.php?rest_route=%2Fwp%2Fv2%2Fcomments&post=13949"}],"version-history":[{"count":0,"href":"http:\/\/www.korhanyilmaz.com\/index.php?rest_route=\/wp\/v2\/posts\/13949\/revisions"}],"wp:attachment":[{"href":"http:\/\/www.korhanyilmaz.com\/index.php?rest_route=%2Fwp%2Fv2%2Fmedia&parent=13949"}],"wp:term":[{"taxonomy":"category","embeddable":true,"href":"http:\/\/www.korhanyilmaz.com\/index.php?rest_route=%2Fwp%2Fv2%2Fcategories&post=13949"},{"taxonomy":"post_tag","embeddable":true,"href":"http:\/\/www.korhanyilmaz.com\/index.php?rest_route=%2Fwp%2Fv2%2Ftags&post=13949"}],"curies":[{"name":"wp","href":"https:\/\/api.w.org\/{rel}","templated":true}]}}