{"id":13945,"date":"2009-08-23T23:04:17","date_gmt":"2009-08-23T20:04:17","guid":{"rendered":"http:\/\/www.korhanyilmaz.com\/?p=13945"},"modified":"2009-08-23T23:04:17","modified_gmt":"2009-08-23T20:04:17","slug":"asil-sorun-boluculuk","status":"publish","type":"post","link":"http:\/\/www.korhanyilmaz.com\/?p=13945","title":{"rendered":"As\u0131l sorun b\u00f6l\u00fcc\u00fcl\u00fck"},"content":{"rendered":"<p><a href=\"http:\/\/www.korhanyilmaz.com\/wp-content\/uploads\/2009\/08\/2009-08-27_063231.jpg\"  class=\"lightview\"><img loading=\"lazy\" decoding=\"async\" class=\"aligncenter size-full wp-image-13946\" src=\"http:\/\/www.korhanyilmaz.com\/wp-content\/uploads\/2009\/08\/2009-08-27_063231.jpg\" alt=\"\" width=\"446\" height=\"221\" \/><\/a><\/p>\n<p style=\"text-align: justify;\"><strong><em>S\u0131rada K\u00fcrdistan var<\/em><\/strong><\/p>\n<p style=\"text-align: justify;\">Prof.Dr. \u00dcmit \u00d6zda\u011f, K\u00fcrt sorunu nitelemesini ele\u015ftirerek \u201cAs\u0131l sorun geri kalm\u0131\u015fl\u0131k, K\u00fcrt\u00e7\u00fcl\u00fck ve PKK\u2019d\u0131r. Siyasi K\u00fcrt\u00e7\u00fcl\u00fc\u011f\u00fcn nihai hedefi de birle\u015fik K\u00fcrdistan\u2019d\u0131r\u201d dedi.<\/p>\n<p style=\"text-align: justify;\">AKP\u2019nin y\u00fcr\u00fctt\u00fc\u011f\u00fc \u201ca\u00e7\u0131l\u0131m\u201d s\u00fcrecini de\u011ferlendiren Prof. Dr. \u00dcmit \u00d6zda\u011f, AKP h\u00fck\u00fcmetinin ilk genel se\u00e7imlerden sonra PKK\u2019n\u0131n taleplerini kabul etmeyi g\u00f6ze alm\u0131\u015f bir g\u00f6r\u00fcnt\u00fc verdi\u011fini s\u00f6yledi. AKP\u2019nin DTP ile masa oturarak, PKK ile m\u00fczakereyi kabul etti\u011fini dile getiren \u00d6zda\u011f,  \u201cAKP H\u00fck\u00fcmeti bu yolun ter\u00f6r \u00f6rg\u00fct\u00fc veya temsilcisi ile g\u00f6r\u00fc\u015fmesi gerekti\u011fini bildi\u011fi i\u00e7in daha \u00f6nce g\u00f6r\u00fc\u015fmeyi reddetti\u011fi DTP ile masaya oturmu\u015ftur.  DTP ile yap\u0131lan g\u00f6r\u00fc\u015fmeler PKK ile yap\u0131lan dolayl\u0131 g\u00f6r\u00fc\u015fmelerdir\u201d dedi. <!--more--><\/p>\n<p style=\"text-align: justify;\"><em><strong>K\u00fcrt\u00e7\u00fcl\u00fck sorunu<\/strong><\/em><\/p>\n<p style=\"text-align: justify;\">\u00d6zda\u011f \u015funlar\u0131 kaydetti: \u201c\u00d6te yandan H\u00fck\u00fcmet, ger\u00e7ekle\u015ftirece\u011fi K\u00fcrt A\u00e7\u0131l\u0131m\u0131 ile \u00fclkemizin kar\u015f\u0131 kar\u015f\u0131ya oldu\u011fu sorunu \u00e7\u00f6zece\u011fini ifade etmektedir. T\u00fcrkiye \u00fc\u00e7 sorun i\u00e7 i\u00e7e ge\u00e7mi\u015f durumdad\u0131r. Bunlardan birinci boyutu G\u00fcneydo\u011fu Anadolu sorunu olu\u015fturmaktad\u0131r. Bu sorun b\u00f6lgenin ekonomik ve sosyal geri kalm\u0131\u015fl\u0131\u011f\u0131 ile ilgilidir. \u0130kinci boyutu, siyasal K\u00fcrt\u00e7\u00fcl\u00fck olu\u015fturmaktad\u0131r. Bu boyut PKK\u2019n\u0131n varl\u0131\u011f\u0131ndan \u00e7ok \u00f6nce ortaya \u00e7\u0131km\u0131\u015ft\u0131r ve PKK\u2019n\u0131n varl\u0131\u011f\u0131n\u0131n ortadan kalkmas\u0131ndan sonra da olacakt\u0131r. Siyasal K\u00fcrt\u00e7\u00fcl\u00fc\u011f\u00fcn nihai amac\u0131 ba\u011f\u0131ms\u0131z-birle\u015fik K\u00fcrdistan\u2019d\u0131r.<\/p>\n<p style=\"text-align: justify;\"><strong><em>PKK\u2019n\u0131n olmazsa olmaz ko\u015fullar\u0131<\/em><\/strong><\/p>\n<p style=\"text-align: justify;\">AKP h\u00fck\u00fcmetinin K\u00fcrt A\u00e7\u0131l\u0131m\u0131, sorunun \u00f6ncelikle \u00fc\u00e7\u00fcnc\u00fc boyutunu \u00e7\u00f6zmek zorundad\u0131r. Sorun ise kayna\u011f\u0131 muhatap al\u0131narak \u00e7\u00f6z\u00fcl\u00fcr. E\u011fer, \u201d PKK\u2019y\u0131 destekleyen \u2019milleti\u2019n muhatap al\u0131nmas\u0131ndan \u201c bahsediliyor ise bu da PKK ter\u00f6r\u00fcn\u00fcn bitmesine neden olmayacakt\u0131r. PKK, kendisi ile do\u011frudan ilintili bu boyutun \u00e7\u00f6z\u00fclmesi, yani ter\u00f6r\u00fc sona erdirmek i\u00e7in iki olmaz ise olmaz ko\u015ful ortaya koymu\u015ftur. Bunlar,<\/p>\n<p style=\"text-align: justify;\"><strong>a)<\/strong> Abdullah \u00d6calan\u2019\u0131n en k\u0131sa zamanda serbest b\u0131rak\u0131lmas\u0131n\u0131n ko\u015fullar\u0131n\u0131n yarat\u0131lmas\u0131,<\/p>\n<p style=\"text-align: justify;\"><strong>b)<\/strong> K\u00fcrt kimli\u011finin siyasal bir kimlik olarak Anayasaya girmesi. Bu iki ko\u015ful yerine getirilmedik\u00e7e AKP H\u00fck\u00fcmetinin K\u00fcrt A\u00e7\u0131l\u0131m\u0131 \u00e7er\u00e7evesinde alaca\u011f\u0131 di\u011fer b\u00fct\u00fcn politik, k\u00fclt\u00fcrel ve ekonomik \u00f6nlemler, PKK ter\u00f6r\u00fcn\u00fcn durmas\u0131na yol a\u00e7mayacakt\u0131r.<\/p>\n<p style=\"text-align: justify;\"><span style=\"color: #888888;\">Haber : \u00d6nsel \u00dcNAL &#8211; yencaggazetesi.com.tr<\/span><\/p>\n","protected":false},"excerpt":{"rendered":"<\/p>\n<p style=\"text-align: justify;\">S\u0131rada K\u00fcrdistan var<\/p>\n<p style=\"text-align: justify;\">Prof.Dr. \u00dcmit \u00d6zda\u011f, K\u00fcrt sorunu nitelemesini ele\u015ftirerek \u201cAs\u0131l sorun geri kalm\u0131\u015fl\u0131k, K\u00fcrt\u00e7\u00fcl\u00fck ve PKK\u2019d\u0131r. Siyasi K\u00fcrt\u00e7\u00fcl\u00fc\u011f\u00fcn nihai hedefi de birle\u015fik K\u00fcrdistan\u2019d\u0131r\u201d dedi.<\/p>\n<p style=\"text-align: justify;\">AKP\u2019nin y\u00fcr\u00fctt\u00fc\u011f\u00fc \u201ca\u00e7\u0131l\u0131m\u201d s\u00fcrecini de\u011ferlendiren Prof. Dr. \u00dcmit \u00d6zda\u011f, AKP h\u00fck\u00fcmetinin ilk genel se\u00e7imlerden sonra PKK\u2019n\u0131n taleplerini kabul etmeyi g\u00f6ze alm\u0131\u015f bir g\u00f6r\u00fcnt\u00fc <\/p>\n","protected":false},"author":1,"featured_media":0,"comment_status":"open","ping_status":"closed","sticky":false,"template":"","format":"standard","meta":{"footnotes":""},"categories":[105],"tags":[],"class_list":["post-13945","post","type-post","status-publish","format-standard","hentry","category-gundem","odd"],"_links":{"self":[{"href":"http:\/\/www.korhanyilmaz.com\/index.php?rest_route=\/wp\/v2\/posts\/13945","targetHints":{"allow":["GET"]}}],"collection":[{"href":"http:\/\/www.korhanyilmaz.com\/index.php?rest_route=\/wp\/v2\/posts"}],"about":[{"href":"http:\/\/www.korhanyilmaz.com\/index.php?rest_route=\/wp\/v2\/types\/post"}],"author":[{"embeddable":true,"href":"http:\/\/www.korhanyilmaz.com\/index.php?rest_route=\/wp\/v2\/users\/1"}],"replies":[{"embeddable":true,"href":"http:\/\/www.korhanyilmaz.com\/index.php?rest_route=%2Fwp%2Fv2%2Fcomments&post=13945"}],"version-history":[{"count":0,"href":"http:\/\/www.korhanyilmaz.com\/index.php?rest_route=\/wp\/v2\/posts\/13945\/revisions"}],"wp:attachment":[{"href":"http:\/\/www.korhanyilmaz.com\/index.php?rest_route=%2Fwp%2Fv2%2Fmedia&parent=13945"}],"wp:term":[{"taxonomy":"category","embeddable":true,"href":"http:\/\/www.korhanyilmaz.com\/index.php?rest_route=%2Fwp%2Fv2%2Fcategories&post=13945"},{"taxonomy":"post_tag","embeddable":true,"href":"http:\/\/www.korhanyilmaz.com\/index.php?rest_route=%2Fwp%2Fv2%2Ftags&post=13945"}],"curies":[{"name":"wp","href":"https:\/\/api.w.org\/{rel}","templated":true}]}}