{"id":13942,"date":"2009-08-26T10:05:00","date_gmt":"2009-08-26T07:05:00","guid":{"rendered":"http:\/\/www.korhanyilmaz.com\/?p=13942"},"modified":"2009-08-26T10:05:00","modified_gmt":"2009-08-26T07:05:00","slug":"kacmazdan-gul-ve-erdogana-tazminat-davasi","status":"publish","type":"post","link":"http:\/\/www.korhanyilmaz.com\/?p=13942","title":{"rendered":"Ka\u00e7maz&#039;dan G\u00fcl ve Erdo\u011fan&#039;a tazminat davas\u0131"},"content":{"rendered":"<p><a href=\"http:\/\/www.korhanyilmaz.com\/wp-content\/uploads\/2009\/08\/osman_kaacmaz.jpg\"  class=\"lightview\"><img loading=\"lazy\" decoding=\"async\" class=\"aligncenter size-full wp-image-13926\" title=\"osman_kaacmaz\" src=\"http:\/\/www.korhanyilmaz.com\/wp-content\/uploads\/2009\/08\/osman_kaacmaz.jpg\" alt=\"osman_kaacmaz\" width=\"250\" height=\"170\" \/><\/a><\/p>\n<p style=\"text-align: justify;\">Sincan 1. A\u011f\u0131r Ceza Mahkemesi Ba\u015fkan\u0131 Osman Ka\u00e7maz, Cumhurba\u015fkan\u0131 Abdullah G\u00fcl ve Ba\u015fbakan Recep Tayyip Erdo\u011fan hakk\u0131nda, 10\u2019ar bin TL\u2019lik manevi tazminat davas\u0131 a\u00e7t\u0131. Davaya ili\u015fkin dilek\u00e7e, Ka\u00e7maz\u2019\u0131n avukat\u0131 Baykal Do\u011fan taraf\u0131ndan Ankara Adliyesi\u2019ne sunuldu. Dilek\u00e7ede, Sincan 1. A\u011f\u0131r Ceza Mahkemesi\u2019nin, Cumhurba\u015fkan\u0131 G\u00fcl hakk\u0131nda \u201ckay\u0131p trilyon\u201d davas\u0131nda verilen takipsizlik karar\u0131n\u0131 kald\u0131rmas\u0131n\u0131n ard\u0131ndan, G\u00fcl ve Erdo\u011fan\u2019\u0131n yapt\u0131\u011f\u0131 a\u00e7\u0131klamalar\u0131n, Ka\u00e7maz\u2019\u0131n ki\u015filik haklar\u0131na sald\u0131r\u0131 niteli\u011fi ta\u015f\u0131d\u0131\u011f\u0131 \u00f6ne s\u00fcr\u00fcld\u00fc. Dava dilek\u00e7esinde, G\u00fcl ve Erdo\u011fan\u2019dan 10\u2019ar bin TL\u2019lik manevi tazminat talep edildi.<\/p>\n<p style=\"text-align: justify;\"><span style=\"color: #888888;\">Kaynak : yenicaggazetesi.com.tr<\/span><\/p>\n","protected":false},"excerpt":{"rendered":"<\/p>\n<p style=\"text-align: justify;\">Sincan 1. A\u011f\u0131r Ceza Mahkemesi Ba\u015fkan\u0131 Osman Ka\u00e7maz, Cumhurba\u015fkan\u0131 Abdullah G\u00fcl ve Ba\u015fbakan Recep Tayyip Erdo\u011fan hakk\u0131nda, 10\u2019ar bin TL\u2019lik manevi tazminat davas\u0131 a\u00e7t\u0131. Davaya ili\u015fkin dilek\u00e7e, Ka\u00e7maz\u2019\u0131n avukat\u0131 Baykal Do\u011fan taraf\u0131ndan Ankara Adliyesi\u2019ne sunuldu. Dilek\u00e7ede, Sincan 1. A\u011f\u0131r Ceza Mahkemesi\u2019nin, Cumhurba\u015fkan\u0131 G\u00fcl hakk\u0131nda \u201ckay\u0131p trilyon\u201d davas\u0131nda verilen takipsizlik karar\u0131n\u0131 kald\u0131rmas\u0131n\u0131n ard\u0131ndan, <\/p>\n","protected":false},"author":1,"featured_media":0,"comment_status":"open","ping_status":"closed","sticky":false,"template":"","format":"standard","meta":{"footnotes":""},"categories":[105],"tags":[],"class_list":["post-13942","post","type-post","status-publish","format-standard","hentry","category-gundem","odd"],"_links":{"self":[{"href":"http:\/\/www.korhanyilmaz.com\/index.php?rest_route=\/wp\/v2\/posts\/13942","targetHints":{"allow":["GET"]}}],"collection":[{"href":"http:\/\/www.korhanyilmaz.com\/index.php?rest_route=\/wp\/v2\/posts"}],"about":[{"href":"http:\/\/www.korhanyilmaz.com\/index.php?rest_route=\/wp\/v2\/types\/post"}],"author":[{"embeddable":true,"href":"http:\/\/www.korhanyilmaz.com\/index.php?rest_route=\/wp\/v2\/users\/1"}],"replies":[{"embeddable":true,"href":"http:\/\/www.korhanyilmaz.com\/index.php?rest_route=%2Fwp%2Fv2%2Fcomments&post=13942"}],"version-history":[{"count":0,"href":"http:\/\/www.korhanyilmaz.com\/index.php?rest_route=\/wp\/v2\/posts\/13942\/revisions"}],"wp:attachment":[{"href":"http:\/\/www.korhanyilmaz.com\/index.php?rest_route=%2Fwp%2Fv2%2Fmedia&parent=13942"}],"wp:term":[{"taxonomy":"category","embeddable":true,"href":"http:\/\/www.korhanyilmaz.com\/index.php?rest_route=%2Fwp%2Fv2%2Fcategories&post=13942"},{"taxonomy":"post_tag","embeddable":true,"href":"http:\/\/www.korhanyilmaz.com\/index.php?rest_route=%2Fwp%2Fv2%2Ftags&post=13942"}],"curies":[{"name":"wp","href":"https:\/\/api.w.org\/{rel}","templated":true}]}}