{"id":13938,"date":"2009-08-26T22:54:19","date_gmt":"2009-08-26T19:54:19","guid":{"rendered":"http:\/\/www.korhanyilmaz.com\/?p=13938"},"modified":"2009-08-26T22:54:19","modified_gmt":"2009-08-26T19:54:19","slug":"baykal-asker-planin-parcasi-olmadigini-gosterdi","status":"publish","type":"post","link":"http:\/\/www.korhanyilmaz.com\/?p=13938","title":{"rendered":"Baykal: &#039;Asker plan\u0131n par\u00e7as\u0131 olmad\u0131\u011f\u0131n\u0131 g\u00f6sterdi&#039;"},"content":{"rendered":"<p style=\"text-align: center;\"><a href=\"http:\/\/www.korhanyilmaz.com\/wp-content\/uploads\/2009\/08\/asker.jpg\"  class=\"lightview\"><img loading=\"lazy\" decoding=\"async\" class=\"aligncenter size-full wp-image-13939\" src=\"http:\/\/www.korhanyilmaz.com\/wp-content\/uploads\/2009\/08\/asker.jpg\" alt=\"\" width=\"276\" height=\"212\" \/><\/a><\/p>\n<p style=\"text-align: justify;\">CHP Genel Ba\u015fkan\u0131 Deniz Baykal, Genelkurmay Ba\u015fkan\u0131 Orgeneral \u0130lker Ba\u015fbu\u011f&#8217;un 30 A\u011fustos mesaj\u0131n\u0131 &#8220;Genelkurmay Ba\u015fkan\u0131, askerlerin, b\u00f6yle bir plan\u0131n par\u00e7as\u0131 olmad\u0131klar\u0131n\u0131 ortaya koydu&#8221; s\u00f6zleriyle de\u011ferlendirdi.<\/p>\n<p style=\"text-align: justify;\">Baykal, partisinin merkez y\u00f6netim kurulu toplant\u0131s\u0131nda konu\u015ftu.<\/p>\n<p style=\"text-align: justify;\">Baykal, &#8220;Genelkurmay&#8217;\u0131n a\u00e7\u0131klamas\u0131 askerlerin, baz\u0131 siyasi giri\u015fimlerin destek\u00e7isi gibi g\u00f6sterilme gayretlerini bo\u015fa \u00e7\u0131karm\u0131\u015ft\u0131r. Ba\u015far\u0131s\u0131zl\u0131\u011fa u\u011fratm\u0131\u015ft\u0131r&#8221; dedi. <!--more--><\/p>\n<p style=\"text-align: justify;\">CHP lideri Baykal, a\u00e7\u0131klamada yer alan g\u00f6r\u00fc\u015flerin &#8220;normal&#8221; oldu\u011funu ve askerlerin daha \u00f6nce de dile getirdi\u011fi g\u00f6r\u00fc\u015fler oldu\u011funu belirtti.<\/p>\n<p style=\"text-align: justify;\">&#8220;ama T\u00fcrkiye&#8217;nin bu ortam\u0131nda bu g\u00f6r\u00fc\u015flerin dile getirilmesi, \u00f6nemlidir. Dikkat \u00e7ekicidir&#8221; diyen Deniz Baykal, &#8220;ancak bu s\u00f6ylem MGK bildirisinin yerine ge\u00e7miyor. Bu g\u00f6r\u00fc\u015flerin MGK bildirisinde de yer almas\u0131n\u0131 isterdik&#8221; diye konu\u015ftu.<\/p>\n<p style=\"text-align: justify;\">Baykal, K\u00fcrt k\u00f6kenli \u015fark\u0131c\u0131 \u015eivan Perwer&#8217;in TRT&#8217;de kat\u0131ld\u0131\u011f\u0131 bir programda s\u00f6yledi\u011fi, &#8220;Ben K\u00fcrt k\u00f6kenli bir sanat\u00e7\u0131y\u0131m. Ama T\u00fcrk milletinin de bir par\u00e7as\u0131y\u0131m&#8221; s\u00f6z\u00fcn\u00fcn \u00f6nemli ve yerinde oldu\u011funu belirtti.<\/p>\n<p style=\"text-align: justify;\">CHP lideri  &#8220;Bizimde tam olarak s\u00f6yledi\u011fimiz bu. K\u00fcrt, \u00c7erkez, Laz, Arap olabilir. Ama hepimiz T\u00fcrk milletinin bir par\u00e7as\u0131y\u0131z&#8221; dedi, ana dilde e\u011fitim iste\u011finin de birle\u015ftirici de\u011fil, ayr\u0131\u015ft\u0131r\u0131c\u0131 olaca\u011f\u0131n\u0131 s\u00f6yledi.<\/p>\n<p style=\"text-align: justify;\"><span style=\"color: #888888;\">CNN T\u00dcRK<\/span><\/p>\n","protected":false},"excerpt":{"rendered":"<p style=\"text-align: center;\">\n<p style=\"text-align: justify;\">CHP Genel Ba\u015fkan\u0131 Deniz Baykal, Genelkurmay Ba\u015fkan\u0131 Orgeneral \u0130lker Ba\u015fbu\u011f&#8217;un 30 A\u011fustos mesaj\u0131n\u0131 &#8220;Genelkurmay Ba\u015fkan\u0131, askerlerin, b\u00f6yle bir plan\u0131n par\u00e7as\u0131 olmad\u0131klar\u0131n\u0131 ortaya koydu&#8221; s\u00f6zleriyle de\u011ferlendirdi.<\/p>\n<p style=\"text-align: justify;\">Baykal, partisinin merkez y\u00f6netim kurulu toplant\u0131s\u0131nda konu\u015ftu.<\/p>\n<p style=\"text-align: justify;\">Baykal, &#8220;Genelkurmay&#8217;\u0131n a\u00e7\u0131klamas\u0131 askerlerin, baz\u0131 siyasi giri\u015fimlerin destek\u00e7isi gibi g\u00f6sterilme gayretlerini bo\u015fa \u00e7\u0131karm\u0131\u015ft\u0131r. Ba\u015far\u0131s\u0131zl\u0131\u011fa <\/p>\n","protected":false},"author":1,"featured_media":0,"comment_status":"open","ping_status":"closed","sticky":false,"template":"","format":"standard","meta":{"footnotes":""},"categories":[105],"tags":[],"class_list":["post-13938","post","type-post","status-publish","format-standard","hentry","category-gundem","odd"],"_links":{"self":[{"href":"http:\/\/www.korhanyilmaz.com\/index.php?rest_route=\/wp\/v2\/posts\/13938","targetHints":{"allow":["GET"]}}],"collection":[{"href":"http:\/\/www.korhanyilmaz.com\/index.php?rest_route=\/wp\/v2\/posts"}],"about":[{"href":"http:\/\/www.korhanyilmaz.com\/index.php?rest_route=\/wp\/v2\/types\/post"}],"author":[{"embeddable":true,"href":"http:\/\/www.korhanyilmaz.com\/index.php?rest_route=\/wp\/v2\/users\/1"}],"replies":[{"embeddable":true,"href":"http:\/\/www.korhanyilmaz.com\/index.php?rest_route=%2Fwp%2Fv2%2Fcomments&post=13938"}],"version-history":[{"count":0,"href":"http:\/\/www.korhanyilmaz.com\/index.php?rest_route=\/wp\/v2\/posts\/13938\/revisions"}],"wp:attachment":[{"href":"http:\/\/www.korhanyilmaz.com\/index.php?rest_route=%2Fwp%2Fv2%2Fmedia&parent=13938"}],"wp:term":[{"taxonomy":"category","embeddable":true,"href":"http:\/\/www.korhanyilmaz.com\/index.php?rest_route=%2Fwp%2Fv2%2Fcategories&post=13938"},{"taxonomy":"post_tag","embeddable":true,"href":"http:\/\/www.korhanyilmaz.com\/index.php?rest_route=%2Fwp%2Fv2%2Ftags&post=13938"}],"curies":[{"name":"wp","href":"https:\/\/api.w.org\/{rel}","templated":true}]}}