{"id":13933,"date":"2009-08-26T14:20:58","date_gmt":"2009-08-26T11:20:58","guid":{"rendered":"http:\/\/www.korhanyilmaz.com\/?p=13933"},"modified":"2009-08-26T14:20:58","modified_gmt":"2009-08-26T11:20:58","slug":"erdogandan-uniter-yapi-mesaji","status":"publish","type":"post","link":"http:\/\/www.korhanyilmaz.com\/?p=13933","title":{"rendered":"Erdo\u011fan&#039;dan &#039;\u00fcniter yap\u0131&#039; mesaj\u0131"},"content":{"rendered":"<p style=\"text-align: center;\"><a href=\"http:\/\/www.korhanyilmaz.com\/wp-content\/uploads\/2009\/08\/ERDOGAN.jpg\"  class=\"lightview\"><img loading=\"lazy\" decoding=\"async\" class=\"size-full wp-image-13934 aligncenter\" src=\"http:\/\/www.korhanyilmaz.com\/wp-content\/uploads\/2009\/08\/ERDOGAN.jpg\" alt=\"\" width=\"307\" height=\"236\" \/><\/a><\/p>\n<p style=\"text-align: justify;\">\u00d6nce asker ard\u0131ndan h\u00fck\u00fcmet&#8230; K\u00fcrt a\u00e7\u0131l\u0131m\u0131na y\u00f6nelik tart\u0131\u015fmalar devam ederken, Ba\u015fbakan Recep Tayyip Erdo\u011fan da &#8220;\u00fcniter devlet&#8221; vurgusu yapt\u0131. \u00dcstelik \u015fehit ailelerini kabul\u00fc s\u0131ras\u0131nda. Erdo\u011fan, &#8220;\u00dcniter yap\u0131m\u0131z \u00fczerinde spek\u00fclasyona m\u00fcsaade etmeyiz&#8221; dedi. T\u00fcrkiye Harp Malul\u00fc Gaziler \u015eehit Dul ve Yetim Derne\u011fi Genel Ba\u015fkan\u0131 Taner Uran da, &#8220;Duygular\u0131m\u0131z\u0131 ilettik. Ba\u015fbakan&#8217;\u0131n s\u00f6zleri de bizi rahatlatt\u0131&#8221; dedi.<\/p>\n<p style=\"text-align: justify;\">Erdo\u011fan, Ba\u015fbakanl\u0131k Merkez Bina&#8217;da, T\u00fcrkiye Harp Malul\u00fc Gaziler, \u015eehit Dul ve Yetimleri Derne\u011fi Genel Ba\u015fkan\u0131 Taner Uran ile y\u00f6netim kurulu \u00fcyelerini kabul etti. <!--more--><\/p>\n<p style=\"text-align: justify;\">Kabul\u00fcn ba\u015f\u0131nda konu\u015fan Erdo\u011fan, anlaml\u0131 bir g\u00fcnde bir arada olmaktan duydu\u011fu memnuniyeti dile getirerek, &#8220;Gelece\u011fe y\u00f6nelik, gerek \u00fclkemizdeki ter\u00f6r sorununa y\u00f6nelik, gerek \u00fclkemizde bu s\u00fcre\u00e7 i\u00e7erisinde ba\u015flatm\u0131\u015f oldu\u011fumuz demokratik a\u00e7\u0131l\u0131m konusu, gerek T\u00fcrkiye&#8217;de bir birlik projesi \u00e7al\u0131\u015fmas\u0131na y\u00f6nelik at\u0131lan ad\u0131mlar sebebiyle sizlerle bir arada olmak bizler i\u00e7in ayr\u0131ca \u00f6nem arz ediyor&#8221; dedi.<\/p>\n<p style=\"text-align: justify;\">&#8220;\u015e\u00fcphesiz ki, T\u00fcrkiye&#8217;de yakla\u015f\u0131k bir 25 y\u0131ll\u0131k bizler i\u00e7in \u00e7ok \u00e7ok \u00fcz\u00fcc\u00fc talihsiz bir s\u00fcre\u00e7 var. \u00dclkemizin birli\u011fine, beraberli\u011fine i\u00e7eride ve d\u0131\u015far\u0131da kastedenlerin gayretlerini, ne yaz\u0131k ki \u00e7ok \u00fcz\u00fcc\u00fc bedellerini hep birlikte \u00f6dedik&#8221; diyen Erdo\u011fan, &#8220;Tabii burada kan vard\u0131, g\u00f6zya\u015f\u0131 vard\u0131. Burada a\u011flayan annelerin, babalar\u0131n milletimizin tabii ki sesi vard\u0131. Bu s\u00fcrece y\u00f6nelik at\u0131lmas\u0131 gereken ad\u0131mlar e\u011fer 24 y\u0131l \u00f6nce at\u0131lm\u0131\u015f olsayd\u0131, belki bug\u00fcn bu durumlarda olmayacakt\u0131k&#8221; diye konu\u015ftu.<\/p>\n<p style=\"text-align: justify;\">Ba\u015fbakan, &#8220;Tabii bir altyap\u0131 \u00e7al\u0131\u015fmas\u0131 gerekiyordu. Bu \u00e7al\u0131\u015fmalar yap\u0131lmak suretiyle bug\u00fcn geldi\u011fimiz noktada i\u015fin bir psikolojik s\u00fcreci var, i\u015fin bir sosyolojik s\u00fcreci var. \u0130\u015fin askeri, siyasi diplomatik s\u00fcreci var. \u015eimdi ekonomik s\u00fcreci var. Burada duygusall\u0131klar\u0131 bir kenara b\u0131rakmak suretiyle sorumluluk mevkinde olan herkes, millet\u00e7e ta\u015f\u0131n alt\u0131na elimizi koymak suretiyle bir ad\u0131m atmam\u0131z gerekiyor&#8221; ifadelerini kulland\u0131.<\/p>\n<p style=\"text-align: justify;\"><em><strong>&#8220;2023&#8217;e kadar ilk 10&#8217;a girmek istiyoruz&#8221;<\/strong><\/em><\/p>\n<p style=\"text-align: justify;\">Ba\u015fbakan Erdo\u011fan ayr\u0131ca, &#8220;T\u00fcm mesele duygusall\u0131klardan uzak, milletimizin birlik ve beraberli\u011fini hedefleyerek, her zaman s\u00f6yledi\u011fimiz gibi tek millet, tek bayrak, tek vatan, tek devlet anlay\u0131\u015f\u0131 i\u00e7inde bu s\u00fcreci s\u00fcrd\u00fcrmemiz. \u00dcniter yap\u0131m\u0131z \u00fczerinde herhangi bir spek\u00fclasyona, bir defa, m\u00fcsaade etmek asla m\u00fcmk\u00fcn de\u011fil. \u00c7\u00fcnk\u00fc bu \u00fcniter yap\u0131n\u0131n olu\u015fabilmesi i\u00e7in y\u0131llar y\u0131l\u0131 verilmi\u015f olan bir m\u00fccadele var. Ve&#8230; Bu u\u011furda, 24 y\u0131l\u0131 a\u015fal\u0131m, ta Kurtulu\u015f Sava\u015f\u0131&#8217;na varan bu i\u015fin bir kayna\u011f\u0131 var, bir bedeli var&#8221; dedi.<\/p>\n<p style=\"text-align: justify;\">&#8220;T\u00fcrkiye&#8217;yi, Cumhuriyet&#8217;in kurucusu Gazi Mustafa Kemal&#8217;in ifade etti\u011fi muas\u0131r medeniyetler seviyesinin \u00fcst\u00fcne \u00e7\u0131karma azmi ve gayretiyle bu s\u00fcreci i\u015flettiklerini&#8221; kaydeden Erdo\u011fan, &#8220;Tabii ki hedefimize ula\u015fmak i\u00e7in kendimize bir takvim belirledik. \u0130n\u015fallah 2023, T\u00fcrkiye&#8217;nin d\u00fcnyada ilk 10 \u00fclke aras\u0131na girme hedefidir. G\u00f6reve geldi\u011fimizde d\u00fcnya ekonomileri aras\u0131nda 26&#8217;nc\u0131 s\u0131radayken bug\u00fcn 17&#8217;nci s\u0131raday\u0131z. Demek ki T\u00fcrkiye bir mesafe al\u0131yor&#8221; dedi.<\/p>\n<p style=\"text-align: justify;\">Erdo\u011fan, &#8220;Bunu daha da iyi bir noktaya getirmenin gayreti i\u00e7erisindeyiz. Ama en \u00f6nemli hedefimiz birli\u011fimize, beraberli\u011fimize kasteden anlay\u0131\u015flara kar\u015f\u0131 bizim \u00e7ok daha farkl\u0131 bir konumda olmam\u0131z laz\u0131m. Birbirimizi sevmemiz, birbirimize kar\u015f\u0131 olan sayg\u0131m\u0131z\u0131 art\u0131rmam\u0131z i\u00e7in ne gerekiyorsa bunlar\u0131 ak\u0131l, bilim, tecr\u00fcbe ve neticelendirme yoluyla bu \u00e7al\u0131\u015fmalar\u0131 s\u00fcrd\u00fcrmek ve bunu bir neticeye kavu\u015fturma gayreti i\u00e7erisindeyiz&#8221; ifadelerini kulland\u0131.<\/p>\n<p style=\"text-align: justify;\">Heyetin ziyaretinin, derne\u011fin \u00e7al\u0131\u015fmalar\u0131 a\u00e7\u0131s\u0131ndan hay\u0131rl\u0131 olmas\u0131n\u0131 dileyen Ba\u015fbakan Erdo\u011fan, derne\u011fin \u00e7ok say\u0131da mensubu oldu\u011funa i\u015faret etti.<\/p>\n<p style=\"text-align: justify;\">Ba\u015fbakan Recep Tayyip Erdo\u011fan, &#8220;Bug\u00fcne kadar bizim \u015fehit ve gazilerimiz noktas\u0131nda h\u00fck\u00fcmet olarak att\u0131\u011f\u0131m\u0131z ad\u0131mlar, \u00e7\u0131kard\u0131\u011f\u0131m\u0131z yasalar var. Belki bundan sonra da \u00e7\u0131karaca\u011f\u0131m\u0131z yasalar olabilir. Yani \u00e7\u0131kar\u0131labilecek yasalar, at\u0131labilecek ad\u0131mlar noktas\u0131nda her zaman \u015fehit ve gazilerimizin yan\u0131nda olduk. Bundan sonra da \u015f\u00fcphesiz ki \u015fehit ailelerinin, gazilerimizin yine yan\u0131nda olmaya devam edece\u011fiz. Onlar\u0131 biz s\u00fcrekli olarak birer emanetimiz olarak kabul ediyoruz, g\u00f6r\u00fcyoruz ve bunun da gere\u011fini yapman\u0131n gayreti i\u00e7erisindeyiz&#8221; diyerek s\u00f6zlerini tamamlad\u0131.<\/p>\n<p style=\"text-align: justify;\"><em><strong>Kabule, Milli Savunma Bakan\u0131 Vecdi G\u00f6n\u00fcl de kat\u0131ld\u0131. <\/strong><\/em><\/p>\n<p style=\"text-align: justify;\"><strong><em>Taner Uran: &#8220;S\u00fcrecin takip\u00e7isi olaca\u011f\u0131z&#8221; <\/em><\/strong><\/p>\n<p style=\"text-align: justify;\">Ba\u015fbakan&#8217;la g\u00f6r\u00fc\u015fmelerinin ard\u0131ndan a\u00e7\u0131klama yapan T\u00fcrkiye Harp Malul\u00fc Gaziler \u015eehit Dul ve Yetim Derne\u011fi Genel Ba\u015fkan\u0131 Taner Uran da, &#8220;Ba\u015fbakan&#8217;a duygular\u0131m\u0131z\u0131 ilettik. Ba\u015fbakan&#8217;\u0131n s\u00f6zleri de bizi rahatlatt\u0131&#8221; dedi.<\/p>\n<p style=\"text-align: justify;\">S\u00fcrecin takip\u00e7isi olacaklar\u0131n\u0131 belirten Uran, &#8220;Bu g\u00f6r\u00fc\u015fmeden sonra i\u00e7iniz rahat m\u0131? Kayg\u0131lar\u0131n\u0131z giderildi mi?&#8221; sorusuna, &#8220;Do\u011fruyu s\u00f6ylemek gerekirse, Say\u0131n Ba\u015fbakan&#8217;\u0131n, &#8216;tek devlet, tek millet, tek vatan, tek bayrak&#8217; ve &#8216; \u00fcniter yap\u0131 \u00fczerinde herhangi bir spek\u00fclasyona yer vermeyece\u011fiz&#8217; \u015feklinde yapm\u0131\u015f oldu\u011fu a\u00e7\u0131klama bizleri rahatlatt\u0131. Ama tabii ki biz bu s\u00fcrecin m\u00fcdahili ve takip\u00e7isi olaca\u011f\u0131z. Bunu s\u00fcrekli takip edece\u011fiz. Her a\u015famada&#8230;&#8221; yan\u0131t\u0131n\u0131 verdi.<\/p>\n<p style=\"text-align: justify;\">Uran, &#8220;Bo\u015funa \u015fehit, malul, gazi verilmedi\u011fini, bo\u015funa bizlerin malul olmad\u0131\u011f\u0131n\u0131 dile getirece\u011fiz. Bu konuyu taze tutaca\u011f\u0131z. Tabii provokatif, spek\u00fclatif haberlere kar\u015f\u0131 da biz uyan\u0131\u011f\u0131z. \u00c7\u00fcnk\u00fc ortada s\u00f6ylenmemi\u015f \u015feyler s\u00f6ylenmi\u015f gibi dola\u015f\u0131yor. \u0130\u015fte sanki bir genel af \u00e7\u0131kacakm\u0131\u015f gibi&#8230; B\u00f6yle bir \u015fey de yok, bize yapm\u0131\u015f oldu\u011fu a\u00e7\u0131klamada. Say\u0131n Ba\u015fbakan \u00f6zellikle \u015funu belirtti; &#8216;Duygusall\u0131klar\u0131 bir kenara b\u0131rak\u0131p, ta\u015f\u0131n alt\u0131nda elimizi sokup, milletimiz i\u00e7in gereken neyse yapaca\u011f\u0131z&#8217; dedi. Bizlerin m\u00fcsterih olmas\u0131n\u0131 istedi, \u015fahsen biz bu konuda m\u00fcsterihiz. Ayn\u0131 zamanda da takip\u00e7isiyiz&#8221; ifadelerini kulland\u0131.<\/p>\n<p style=\"text-align: justify;\"><em><strong>&#8220;Ba\u015fbakan sadece g\u00fcld\u00fc&#8221;<\/strong><\/em><\/p>\n<p style=\"text-align: justify;\">Gazetecilerin, &#8220;k\u0131smi af, genel af s\u00f6ylentileri dola\u015f\u0131yor&#8221; s\u00f6zleri \u00fczerine Uran, &#8220;Genel aff\u0131 biz sorduk. Say\u0131n Ba\u015fbakan o t\u00fcr bir \u015fey olmayaca\u011f\u0131n\u0131 belirtti bize. Hatta \u015funu da s\u00f6yledim, ben; &#8216;\u00d6yle \u015feyler dolan\u0131yor ki sanki b\u00f6l\u00fcc\u00fc ele ba\u015f\u0131 \u00d6calan d\u0131\u015far\u0131 \u00e7\u0131kacak, neredeyse milletvekili olacak \u015feklinde spek\u00fclatif \u015feyler de dola\u015f\u0131yor&#8217; dedim. Ba\u015fbakan buna sadece g\u00fcld\u00fc&#8221; diye konu\u015ftu. Demokratik a\u00e7\u0131l\u0131ma destek verip vermeyecekleri sorusuna Uran, &#8220;Bak\u0131n biz bir taraf\u0131z. Vermi\u015f oldu\u011fumuz \u015fehitler, malul ve gaziler var. Kan davas\u0131 da g\u00fctm\u00fcyoruz ama bizim camiaya ters d\u00fc\u015fecek her \u015feye demokratik her t\u00fcrl\u00fc hakk\u0131m\u0131z\u0131 ortaya koyarak elimizden geleni yapar\u0131z&#8221; yan\u0131t\u0131n\u0131 verdi.<\/p>\n<p style=\"text-align: justify;\"><em><strong>Org. Ba\u015fbu\u011f&#8217;un \u00fcniter yap\u0131ya dair a\u00e7\u0131klamalar\u0131<\/strong><\/em><\/p>\n<p style=\"text-align: justify;\">Genelkurmay Ba\u015fkan\u0131 Org. Ba\u015fbu\u011f da d\u00fcn Zafer Haftas\u0131 dolay\u0131s\u0131yla bir mesaj yay\u0131nlam\u0131\u015f ve &#8220;TSK, ulus-devlet ve \u00fcniter-devlet yap\u0131s\u0131na hi\u00e7bir gerek\u00e7eyle zarar verilmesini kabul edemez&#8221; demi\u015fti.<\/p>\n<p style=\"text-align: justify;\">Ba\u015fbu\u011f mesaj\u0131nda ayr\u0131ca,  K\u00fclt\u00fcrel farkl\u0131l\u0131klara sayg\u0131l\u0131d\u0131r. Ancak k\u00fclt\u00fcrel farkl\u0131l\u0131klar\u0131n siyasalla\u015ft\u0131r\u0131lmas\u0131n\u0131, ba\u015fka bir ifadeyle siyasal temsil arac\u0131 olmas\u0131n\u0131, toplumsal siyasal kimlik unsuru haline getirilmesini, T\u00fcrkiye Cumhuriyeti Anayasas\u0131 i\u00e7inde m\u00fcmk\u00fcn g\u00f6remez. Ter\u00f6r \u00f6rg\u00fct\u00fc ve destekleyicileriyle ili\u015fki kurulmas\u0131na yol a\u00e7abilecek hi\u00e7bir faaliyet i\u00e7inde bulunamaz&#8221; ifadelerine yer vermi\u015fti.<\/p>\n<p style=\"text-align: justify;\"><span style=\"color: #888888;\">CNN T\u00dcRK<\/span><\/p>\n","protected":false},"excerpt":{"rendered":"<p style=\"text-align: center;\">\n<p style=\"text-align: justify;\">\u00d6nce asker ard\u0131ndan h\u00fck\u00fcmet&#8230; K\u00fcrt a\u00e7\u0131l\u0131m\u0131na y\u00f6nelik tart\u0131\u015fmalar devam ederken, Ba\u015fbakan Recep Tayyip Erdo\u011fan da &#8220;\u00fcniter devlet&#8221; vurgusu yapt\u0131. \u00dcstelik \u015fehit ailelerini kabul\u00fc s\u0131ras\u0131nda. Erdo\u011fan, &#8220;\u00dcniter yap\u0131m\u0131z \u00fczerinde spek\u00fclasyona m\u00fcsaade etmeyiz&#8221; dedi. T\u00fcrkiye Harp Malul\u00fc Gaziler \u015eehit Dul ve Yetim Derne\u011fi Genel Ba\u015fkan\u0131 Taner Uran da, &#8220;Duygular\u0131m\u0131z\u0131 ilettik. Ba\u015fbakan&#8217;\u0131n s\u00f6zleri <\/p>\n","protected":false},"author":1,"featured_media":0,"comment_status":"open","ping_status":"closed","sticky":false,"template":"","format":"standard","meta":{"footnotes":""},"categories":[105],"tags":[],"class_list":["post-13933","post","type-post","status-publish","format-standard","hentry","category-gundem","odd"],"_links":{"self":[{"href":"http:\/\/www.korhanyilmaz.com\/index.php?rest_route=\/wp\/v2\/posts\/13933","targetHints":{"allow":["GET"]}}],"collection":[{"href":"http:\/\/www.korhanyilmaz.com\/index.php?rest_route=\/wp\/v2\/posts"}],"about":[{"href":"http:\/\/www.korhanyilmaz.com\/index.php?rest_route=\/wp\/v2\/types\/post"}],"author":[{"embeddable":true,"href":"http:\/\/www.korhanyilmaz.com\/index.php?rest_route=\/wp\/v2\/users\/1"}],"replies":[{"embeddable":true,"href":"http:\/\/www.korhanyilmaz.com\/index.php?rest_route=%2Fwp%2Fv2%2Fcomments&post=13933"}],"version-history":[{"count":0,"href":"http:\/\/www.korhanyilmaz.com\/index.php?rest_route=\/wp\/v2\/posts\/13933\/revisions"}],"wp:attachment":[{"href":"http:\/\/www.korhanyilmaz.com\/index.php?rest_route=%2Fwp%2Fv2%2Fmedia&parent=13933"}],"wp:term":[{"taxonomy":"category","embeddable":true,"href":"http:\/\/www.korhanyilmaz.com\/index.php?rest_route=%2Fwp%2Fv2%2Fcategories&post=13933"},{"taxonomy":"post_tag","embeddable":true,"href":"http:\/\/www.korhanyilmaz.com\/index.php?rest_route=%2Fwp%2Fv2%2Ftags&post=13933"}],"curies":[{"name":"wp","href":"https:\/\/api.w.org\/{rel}","templated":true}]}}