{"id":13929,"date":"2009-08-26T09:44:25","date_gmt":"2009-08-26T06:44:25","guid":{"rendered":"http:\/\/www.korhanyilmaz.com\/?p=13929"},"modified":"2009-08-26T09:44:25","modified_gmt":"2009-08-26T06:44:25","slug":"ergenekon-davasinda-sok-ifade","status":"publish","type":"post","link":"http:\/\/www.korhanyilmaz.com\/?p=13929","title":{"rendered":"Ergenekon davas\u0131nda \u015fok ifade"},"content":{"rendered":"<p style=\"text-align: center;\"><a href=\"http:\/\/www.korhanyilmaz.com\/wp-content\/uploads\/2009\/08\/cumhuriyet.jpg\"  class=\"lightview\"><img loading=\"lazy\" decoding=\"async\" class=\"size-full wp-image-13930 aligncenter\" src=\"http:\/\/www.korhanyilmaz.com\/wp-content\/uploads\/2009\/08\/cumhuriyet.jpg\" alt=\"\" width=\"292\" height=\"194\" \/><\/a><\/p>\n<p style=\"text-align: justify;\">Birinci Ergenekon davas\u0131yla birle\u015ftirilen Dan\u0131\u015ftay&#8217;a ve Cumhuriyet Gazetesi&#8217;ne yap\u0131lan sald\u0131r\u0131lara ili\u015fkin davan\u0131n tutuklu san\u0131klar\u0131ndan Osman Y\u0131ld\u0131r\u0131m, &#8220;Cumhuriyet Gazetesi&#8217;ne bombal\u0131 sald\u0131r\u0131y\u0131 yapt\u0131rd\u0131\u011f\u0131n\u0131, pi\u015fman da olmad\u0131\u011f\u0131n\u0131&#8221; s\u00f6yledi.<\/p>\n<p style=\"text-align: justify;\">\u0130stanbul 13. A\u011f\u0131r Ceza Mahkemesi&#8217;nde g\u00f6r\u00fclen duru\u015fmada Y\u0131ld\u0131r\u0131m, konu\u015fmas\u0131na, &#8220;Y\u00fcce mahkemenize ve say\u0131n savc\u0131lara sayg\u0131lar\u0131m\u0131 sunuyorum&#8221; diyerek ba\u015flad\u0131.<\/p>\n<p style=\"text-align: justify;\">Y\u0131ld\u0131r\u0131m, &#8220;Muzaffer Tekin, Deniz Baykal, Do\u011fan Medya Grubu ve Sayg\u0131 \u00d6zt\u00fcrk&#8217;\u00fcn dile getirdi\u011fi &#8216;su\u00e7tan ka\u00e7\u0131yor&#8217; yalanlar\u0131na yan\u0131t vermek istedi\u011fini&#8221; s\u00f6yledi Mahkeme Ba\u015fkan\u0131 K\u00f6ksal \u015eeng\u00fcn, hakk\u0131ndaki su\u00e7lamalara ili\u015fkin a\u00e7\u0131klamalarda bulunmaya ba\u015flad\u0131\u011f\u0131 s\u0131rada Y\u0131ld\u0131r\u0131m&#8217;\u0131, &#8220;Savunman\u0131 avukat\u0131n\u0131n oldu\u011fu ortamda dinleyece\u011fim. \u00d6ze girme, dinlemem. Taleplerin varsa s\u00f6yle&#8221; diyerek uyard\u0131. <!--more--><\/p>\n<p style=\"text-align: justify;\">Bunun \u00fczerine Y\u0131ld\u0131r\u0131m, talepleri oldu\u011funu ve 5-10 dakika s\u00fcre istedi\u011fini ifade ederek, 1982&#8217;de i\u015flenen 12 cinayete kat\u0131ld\u0131\u011f\u0131n\u0131, ya\u015f\u0131 k\u00fc\u00e7\u00fck oldu\u011fu i\u00e7in yarg\u0131lanmad\u0131\u011f\u0131n\u0131 ve h\u00fck\u00fcm giymedi\u011fini s\u00f6yledi.<\/p>\n<p style=\"text-align: justify;\">Y\u0131ld\u0131r\u0131m, 1983-1989 y\u0131llar\u0131 aras\u0131nda Ankara&#8217;da y\u00fczlerce su\u00e7 i\u015fledi\u011fini ve hi\u00e7bir bedel \u00f6demedi\u011fini dile getirerek, &#8220;1989&#8217;da cinayet su\u00e7undan 4 y\u0131l hapis yatt\u0131m. 1993&#8217;te tahliye oldum. 1993&#8217;ten 1994&#8217;e kadar hi\u00e7 su\u00e7 i\u015flemedim. 1994&#8217;te bir mafya liderine suikasttan yakaland\u0131m. Bayrampa\u015fa Cezaevi&#8217;ne girdim. G\u00fcnd\u00fcz cezaevindeydim, gece \u00e7\u0131k\u0131p su\u00e7 i\u015fliyordum. Namus ve \u015ferefime dil uzat\u0131yorlar. 1994&#8217;te Ey\u00fcp 1. A\u011f\u0131r Ceza Mahkemesi&#8217;nde yarg\u0131land\u0131m. Mahkeme, bir su\u00e7umu gizleyip, di\u011ferinden ceza verebilir mi? Ba\u015fka su\u00e7um varsa mahkeme yarg\u0131lard\u0131. Yarg\u0131lamad\u0131ysa, o zaman su\u00e7 i\u015fledi. Mahkemenin su\u00e7 i\u015fledi\u011fine inanm\u0131yorum&#8221; ifadesini kulland\u0131.<\/p>\n<p style=\"text-align: justify;\">Y\u0131ld\u0131r\u0131m, &#8220;sadece vatan\u0131 savundu\u011funu&#8221; ileri s\u00fcrerek, konu\u015fmas\u0131nda \u015fu g\u00f6r\u00fc\u015fleri dile getirdi: &#8220;Cumhuriyet Gazetesi&#8217;ne bombal\u0131 sald\u0131r\u0131y\u0131 yapt\u0131rd\u0131m, pi\u015fman da de\u011filim. Bu bir i\u015fti. Bana geldi, ben de kabul etmek durumunda kald\u0131m. Cumhuriyet Gazetesi&#8217;ni bu gen\u00e7lere bombalatt\u0131rd\u0131m. Eylemler pis koktu\u011fu i\u00e7in bunun nedenini \u00f6\u011frenmeye \u00e7al\u0131\u015ft\u0131m. 17 May\u0131s 2006&#8217;da gece yar\u0131s\u0131 saat 02.00&#8217;de televizyona bakt\u0131m. Bizim bu dervi\u015f-i vahdet Dan\u0131\u015ftay&#8217;a suikast\u0131 ger\u00e7ekle\u015ftirmi\u015f. T\u00fcm d\u00fcnya insanlar\u0131ndan sonra olay\u0131 \u00f6\u011freniyorum.<\/p>\n<p style=\"text-align: justify;\">Dan\u0131\u015ftay sald\u0131r\u0131s\u0131 ile otomatik cezaya ba\u011fland\u0131m. \u0130ki \u015fartl\u0131 tahliyem geri al\u0131nd\u0131. T\u00fcrkiye Cumhuriyeti Devleti&#8217;ne kar\u015f\u0131 yapt\u0131r\u0131lan bir sald\u0131r\u0131n\u0131n sahte faili olmak istemiyorum. Hangi \u015ferefsiz bu sald\u0131r\u0131y\u0131 yapt\u0131rd\u0131ysa mahkemeye gelecek diyecek ki &#8216;Bu suikast\u0131 Osman Y\u0131ld\u0131r\u0131m&#8217;\u0131n \u00fcstlenmesini istiyoruz&#8217;. Ya da mahkemeniz, &#8216;Osman Y\u0131ld\u0131r\u0131m, T\u00fcrkiye Cumhuriyeti Devleti&#8217;ne yap\u0131lan sald\u0131r\u0131y\u0131 \u00fcstlen, devlet i\u00e7in bu fedakarl\u0131\u011f\u0131 yap&#8217; desin. Ben bu suikast\u0131n sahte faili olmamakla fedakarl\u0131k yapt\u0131\u011f\u0131m\u0131 d\u00fc\u015f\u00fcn\u00fcyorum. Vatan\u0131m gelsin, &#8216;su\u00e7unu \u00fcstlen&#8217; desin, \u00fcstlenirim.&#8221;<\/p>\n<p style=\"text-align: justify;\">Y\u0131ld\u0131r\u0131m, bug\u00fcne kadar 500&#8217;e yak\u0131n su\u00e7 i\u015fledi\u011fini, b\u00fct\u00fcn su\u00e7lar\u0131ndan yarg\u0131lanmak istedi\u011fini belirterek, &#8220;Yaln\u0131zca \u015ferefsizler, namussuzlar \u015ferefime dil uzatmas\u0131nlar&#8221; dedi. Mahkeme Ba\u015fkan\u0131 \u015eeng\u00fcn, bu s\u00f6zler \u00fczerine mikrofonu kapatt\u0131rd\u0131.<\/p>\n<p style=\"text-align: justify;\"><em><strong>S\u00fcleyman Esen: &#8220;Olaylardan haberim yok&#8221; <\/strong><\/em><\/p>\n<p style=\"text-align: justify;\">Birinci &#8220;Ergenekon&#8221; davas\u0131yla birle\u015ftirilen Dan\u0131\u015ftay&#8217;a ve Cumhuriyet Gazetesi&#8217;ne yap\u0131lan sald\u0131r\u0131lara ili\u015fkin davan\u0131n tutuklu san\u0131klar\u0131ndan S\u00fcleyman Esen, &#8220;Olaylardan 45 g\u00fcn sonra Alparslan Arslan&#8217;\u0131n yalan ifadeleriyle davaya eklendim. Arslan&#8217;a bomba vermedim. Olaylardan haberim yok&#8221; dedi.<\/p>\n<p style=\"text-align: justify;\">\u0130stanbul 13. A\u011f\u0131r Ceza Mahkemesi&#8217;ndeki duru\u015fmada s\u00f6z alan S\u00fcleyman Esen, daha \u00f6nceki ifadelerini yineledi\u011fini belirterek, Dan\u0131\u015ftay&#8217;a ve Cumhuriyet Gazetesi&#8217;ne y\u00f6nelik sald\u0131r\u0131lar\u0131 k\u0131nad\u0131\u011f\u0131n\u0131 kaydetti.<\/p>\n<p style=\"text-align: justify;\">Olaylardan 45 g\u00fcn sonra Alparslan Arslan&#8217;\u0131n yalan ifadeleriyle davaya eklendi\u011fini savunan Esen, Arslan&#8217;a bomba vermedi\u011fini, olaylardan haberi olmad\u0131\u011f\u0131n\u0131 \u00f6ne s\u00fcrd\u00fc.<\/p>\n<p style=\"text-align: justify;\">Ya\u015fam\u0131 boyunca hi\u00e7bir yasad\u0131\u015f\u0131 \u00f6rg\u00fcte \u00fcye olmad\u0131\u011f\u0131n\u0131 savunan Esen, san\u0131klar\u0131 da tan\u0131mad\u0131\u011f\u0131n\u0131 bildirdi. Esen, i\u015flemedi\u011fi bir su\u00e7tan dolay\u0131 38 aydan beri tutuklu oldu\u011funu ifade ederek, tahliyesini ve beraatini istedi.<\/p>\n<p style=\"text-align: justify;\">Duru\u015fmada, Dan\u0131\u015ftay&#8217;a ve Cumhuriyet Gazetesi&#8217;ne yap\u0131lan sald\u0131r\u0131lara ili\u015fkin davan\u0131n tutuklu san\u0131klar\u0131ndan Erhan Timuro\u011flu da savunma yapmak istedi\u011fini dile getirdi. Mahkeme ba\u015fkan\u0131 K\u00f6ksal \u015eeng\u00fcn, bunun \u00fczerine, savunmas\u0131n\u0131 daha sonra dinleyece\u011fini belirtti\u011fi Timuro\u011flu&#8217;ndan talebi varsa s\u00f6ylemesini istedi.<\/p>\n<p style=\"text-align: justify;\">\u0130ste\u011fi olmad\u0131\u011f\u0131n\u0131 ifade eden Timuro\u011flu, tutuklu san\u0131klardan Mehmet Demirta\u015f&#8217;\u0131 g\u00f6stererek, &#8220;\u015eu uzun sa\u00e7l\u0131 parlak \u00e7ocuk haddini a\u015f\u0131yor, haddini bildirin&#8221; dedi.<\/p>\n<p style=\"text-align: justify;\">Duru\u015fmada s\u00f6z verilen san\u0131klardan Ayd\u0131n Y\u00fcksek, 28 ayd\u0131r tutuklu bulundu\u011funu belirterek, duygular\u0131n\u0131, &#8220;Arkada\u015flar, &#8216;Evli misin?&#8217; diye soruyorlar. &#8216;Evliyim&#8217; diyorum. &#8216;\u00c7ocu\u011fun var m\u0131, ka\u00e7 ya\u015f\u0131nda?&#8217; diye soruyorlar. &#8216;Bir o\u011flum var, 13 ya\u015f\u0131nda&#8217; diyorum. Sonra d\u00fc\u015f\u00fcn\u00fcyorum, o\u011flum 16 ya\u015f\u0131na geldi. Sigaraya ba\u015flam\u0131\u015f. Babas\u0131 da burada&#8221; dedi. Di\u011fer san\u0131klarla ili\u015fkisi olmad\u0131\u011f\u0131n\u0131 ve onlar\u0131 tan\u0131mad\u0131\u011f\u0131n\u0131 ifade eden Y\u00fcksek, &#8220;Bu san\u0131klar benim kalemim de\u011fil. Bu insanlarla biraraya gelmem m\u00fcmk\u00fcn de\u011fil. Benim DNA&#8217;m buna uygun de\u011fil&#8221; diye konu\u015ftu.<\/p>\n<p style=\"text-align: justify;\">\u0130\u015f\u00e7i Partisi Genel Ba\u015fkan\u0131 Do\u011fu Perin\u00e7ek&#8217;i &#8220;g\u00fcnah\u0131 kadar sevmedi\u011fini&#8221; vurgulayan Y\u00fcksek, &#8220;Bir de burada \u00e7\u0131k\u0131yor kontrgerilla falan diyor, kafay\u0131 yiyorum&#8221; dedi. Y\u00fcksek, bu dava ve olaylarla ilgisi olmad\u0131\u011f\u0131n\u0131 savunarak, \u015f\u00f6yle devam etti: &#8220;Beni burada yarg\u0131l\u0131yorsunuz. Siz de Trabzonlusunuz, Karadenizlisiniz, yabanc\u0131 de\u011filsiniz. Bizim k\u00f6y\u00fcn insan\u0131n\u0131 en iyi siz bilirsiniz. Hepsi, &#8216;Sen Do\u011fu Perin\u00e7ek ile niye g\u00f6r\u00fc\u015ft\u00fcn? O Apo ile g\u00f6r\u00fc\u015ft\u00fc&#8217; diyecek. K\u00f6y\u00fcm\u00fcz\u00fcn yar\u0131s\u0131 \u015fehit mezarl\u0131\u011f\u0131. Ben hangi y\u00fczle k\u00f6ye gidece\u011fim? \u0130\u015flerimi elimden almak isteyen rantiyeciler beni bu i\u015fe soktu. Adaletin yerine gelmesini sab\u0131rla bekliyorum.&#8221; Y\u00fcksek&#8217;in, mahkemenin bir \u00fcyesinin, &#8220;\u00c7\u0131k\u0131p kendini savun, ba\u015fkan konu\u015fman\u0131 istiyor&#8221; dedi\u011fini ileri s\u00fcrmesi \u00fczerine, tutuklu san\u0131klar tepki g\u00f6sterdi.<\/p>\n<p style=\"text-align: justify;\"><strong><em>Ara\u00e7taki emniyet mensubuna ait kart&#8230; <\/em><\/strong><\/p>\n<p style=\"text-align: justify;\">Bu arada, Birinci &#8220;Ergenekon&#8221; davas\u0131n\u0131n tutuklu san\u0131klar\u0131ndan Sevgi Erenerol&#8217;un avukat\u0131 Vural Erg\u00fcl, Dan\u0131\u015ftay&#8217;a ve Cumhuriyet gazetesine y\u00f6nelik sald\u0131r\u0131lara ili\u015fkin davan\u0131n tutuklu san\u0131klar\u0131ndan Alparslan Arslan&#8217;\u0131n olay g\u00fcn\u00fc kulland\u0131\u011f\u0131 ara\u00e7ta \u0130stanbul Emniyet M\u00fcd\u00fcrl\u00fc\u011f\u00fc&#8217;ne ait 1425 numaral\u0131 ara\u00e7 tan\u0131t\u0131m kart\u0131 bulundu\u011funu belirterek, kart\u0131n hangi emniyet mensubuna zimmetli oldu\u011funun sorulmas\u0131n\u0131 istedi.<\/p>\n<p style=\"text-align: justify;\">\u0130stanbul 13. A\u011f\u0131r Ceza Mahkemesi&#8217;ndeki duru\u015fmada s\u00f6z alan Dan\u0131\u015ftay&#8217;a ve Cumhuriyet gazetesine y\u00f6nelik sald\u0131r\u0131lara ili\u015fkin davan\u0131n tutuklu san\u0131klar\u0131ndan \u0130smail Sa\u011f\u0131r, duru\u015fmaya verilen arada salondan ayr\u0131l\u0131rken izleyicilerinden birinin, &#8220;\u00c7akallar gidiyor&#8221; diye ba\u011f\u0131rd\u0131\u011f\u0131n\u0131 savunarak, &#8220;O \u00e7akal laf\u0131n\u0131 ona yediririm. Sayg\u0131m\u0131z\u0131 yitirmedi\u011fimiz i\u00e7in tantana \u00e7\u0131ks\u0131n istiyorlar&#8221; dedi. Mahkeme ba\u015fkan\u0131 K\u00f6ksal \u015eeng\u00fcn&#8217;\u00fcn, &#8220;Mahkeme gere\u011fini yapar, kim oldu\u011funu s\u00f6yle&#8221; demesi \u00fczerine Sa\u011f\u0131r, &#8220;Kim oldu\u011funu bilsem, size s\u00f6ylemeden ben gere\u011fini yapard\u0131m&#8221; diye konu\u015ftu.<\/p>\n<p style=\"text-align: justify;\">Tutuklu san\u0131k Sevgi Erenerol&#8217;un avukat\u0131 Vural Erg\u00fcl de tutuklu san\u0131k Alparslan Arslan&#8217;\u0131n Dan\u0131\u015ftay sald\u0131r\u0131s\u0131n\u0131n ger\u00e7ekle\u015ftirildi\u011fi g\u00fcn arac\u0131n\u0131 Dan\u0131\u015ftay&#8217;a yak\u0131n bir yere park etti\u011finin belirlendi\u011fini ifade ederek, &#8220;San\u0131r\u0131m arac\u0131n \u00e7ekilmesini istemedi ve olay\u0131n ard\u0131ndan araca binip ka\u00e7mak istedi. Ara\u00e7ta \u0130stanbul Emniyet M\u00fcd\u00fcrl\u00fc\u011f\u00fc&#8217;ne ait 1425 numaral\u0131 ara\u00e7 tan\u0131t\u0131m kart\u0131 bulundu. Bu kart\u0131n hangi emniyet mensubuna zimmetli oldu\u011funun sorulmas\u0131n\u0131 talep ediyoruz&#8221; dedi.<\/p>\n<p style=\"text-align: justify;\">Dan\u0131\u015ftay&#8217;a ve Cumhuriyet gazetesine y\u00f6nelik sald\u0131r\u0131lara ili\u015fkin davan\u0131n tutuklu san\u0131\u011f\u0131 Osman Y\u0131ld\u0131r\u0131m&#8217;\u0131n gizli veya a\u00e7\u0131k tan\u0131k olmad\u0131\u011f\u0131n\u0131 ifade etti\u011fini hat\u0131rlatan Erg\u00fcl, Y\u0131ld\u0131r\u0131m&#8217;\u0131n gizli tan\u0131k 9 oldu\u011funu savundu. Erg\u00fcl, &#8220;Mahkemede gizli tan\u0131k 9 dinlenilirken Osman Y\u0131ld\u0131r\u0131m&#8217;\u0131n da burada olmas\u0131n\u0131 istiyorum. E\u011fer Y\u0131ld\u0131r\u0131m gizli tan\u0131k 9 de\u011filse, savc\u0131lar\u0131n o zaman ikinci bir Osman\u0131m klonlamas\u0131 gerekecek&#8221; diye konu\u015ftu.<\/p>\n<p style=\"text-align: justify;\">Tutuklu san\u0131k Osman Y\u0131ld\u0131r\u0131m, bu s\u00f6zlere oturdu\u011fu yerden ba\u011f\u0131rarak tepki g\u00f6sterdi. Mahkeme ba\u015fkan\u0131 \u015eeng\u00fcn&#8217;\u00fcn, &#8220;Yerinden ba\u011f\u0131rma. Adaba uy. Burada dil kesilmiyor, onu ba\u015fka yerde yapars\u0131n&#8221; s\u00f6zlerine Y\u0131ld\u0131r\u0131m, &#8220;Sayg\u0131s\u0131zl\u0131\u011f\u0131 size yapmad\u0131m&#8221; diyerek kar\u015f\u0131l\u0131k verdi. Tutuklu san\u0131k Ergun Poyraz&#8217;\u0131n avukat\u0131 H\u00fcseyin Buzo\u011flu da bug\u00fcne dek s\u00f6yleyeceklerini s\u00f6ylediklerini, art\u0131k s\u00f6z\u00fcn bitti\u011fi yerde bulunduklar\u0131n\u0131 bildirdi.<\/p>\n<p style=\"text-align: justify;\">&#8220;Say\u0131n heyete daha ne anlataca\u011f\u0131z ki adaletin ger\u00e7ekle\u015fmesine katk\u0131da bulunal\u0131m?&#8221; diye soran Buzo\u011flu, hukuk denilen pozitif kurallar\u0131n siyasalla\u015fmamas\u0131 durumunda adalete ula\u015f\u0131laca\u011f\u0131n\u0131 kaydetti. Bu yarg\u0131lamada adaletten giderek uzakla\u015f\u0131ld\u0131\u011f\u0131n\u0131 savunan Buzo\u011flu, ciddi endi\u015feleri oldu\u011funu dile getirerek, tahliye isteminde bulundu. Di\u011fer san\u0131k avukatlar\u0131 da m\u00fcvekkillerinin tahliyelerini istediler.<\/p>\n<p style=\"text-align: justify;\"><strong><em>Dava 27 A\u011fustos&#8217;a ertelendi<\/em><\/strong><\/p>\n<p style=\"text-align: justify;\">Birinci &#8220;Ergenekon&#8221; davas\u0131n\u0131n bir sonraki duru\u015fmas\u0131 27 A\u011fustos Per\u015fembe g\u00fcn\u00fc yap\u0131lacak. \u0130stanbul 13. A\u011f\u0131r Ceza Mahkemesi&#8217;ndeki duru\u015fmada, san\u0131k ve avukatlar\u0131n\u0131n taleplerinin al\u0131nmas\u0131n\u0131n ard\u0131ndan mahkeme ba\u015fkan\u0131 K\u00f6ksal \u015eeng\u00fcn, celse aralar\u0131nda gelen evrak\u0131 okudu.<\/p>\n<p style=\"text-align: justify;\">Tutuklu san\u0131k Kemal Kerin\u00e7siz&#8217;in iste\u011fi \u00fczerine, gizli tan\u0131k &#8220;Anadolu&#8221;ya ait ifade \u00f6rne\u011fi ve gizli kimlik bilgilerinin g\u00f6nderildi\u011fini belirten \u015eeng\u00fcn, &#8220;Cumhuriyet gazetesine patlay\u0131c\u0131 madde atmak&#8221; ve &#8220;\u00f6rg\u00fct \u00fcyesi olmak&#8221; su\u00e7lar\u0131ndan \u0130stanbul 12. A\u011f\u0131r Ceza Mahkemesi&#8217;nde yarg\u0131lanan Bedirhan \u015einal ve 7 arkada\u015f\u0131 hakk\u0131nda g\u00f6r\u00fclen dava dosyas\u0131n\u0131n g\u00f6nderildi\u011fini s\u00f6yledi. Emniyet Genel M\u00fcd\u00fcrl\u00fc\u011f\u00fc Ka\u00e7ak\u00e7\u0131l\u0131k ve Organize Su\u00e7larla M\u00fccadele Daire Ba\u015fkanl\u0131\u011f\u0131&#8217;nda haz\u0131rlanan &#8220;Ergenekon&#8221; isimli rapor bulunmad\u0131\u011f\u0131n\u0131n bildirildi\u011fini ifade eden \u015eeng\u00fcn, \u0130\u015f\u00e7i Partisi&#8217;nde ele ge\u00e7en 4 CD ile ilgili bilirki\u015fi incelemesinin yap\u0131ld\u0131\u011f\u0131n\u0131 bildirdi.<\/p>\n<p style=\"text-align: justify;\">Cumhuriyet Savc\u0131s\u0131 Mehmet Ali Pekg\u00fczel de Ahmet Cinali ve Taner \u00dcnal&#8217;\u0131n, &#8220;silahl\u0131 ter\u00f6r \u00f6rg\u00fct\u00fcne yard\u0131m etmek&#8221; su\u00e7undan yarg\u0131land\u0131\u011f\u0131 Ankara 11. A\u011f\u0131r Ceza Mahkemesi&#8217;ndeki davan\u0131n bu davayla birle\u015ftirilmesini istedi. Pekg\u00fczel, \u0130zmir 8. A\u011f\u0131r Ceza Mahkemesi&#8217;nde Ahmet Tekin Baykal ve arkada\u015flar\u0131n\u0131n yarg\u0131land\u0131\u011f\u0131 davan\u0131n bu davayla ba\u011flant\u0131l\u0131 oldu\u011funu belirterek, s\u00f6z konusu davan\u0131n \u00e7ok kapsaml\u0131 oldu\u011funu, bu davada da sorgular\u0131n tamamlanmad\u0131\u011f\u0131n\u0131 kaydetti. Her iki davan\u0131n birle\u015ftirilmesinin fiili yarg\u0131lamay\u0131 olumsuz etkileyece\u011fini ifade eden Pekg\u00fczel, bu a\u015famada iki davan\u0131n birle\u015ftirilmesine yer olmad\u0131\u011f\u0131 g\u00f6r\u00fc\u015f\u00fcn\u00fc dile getirdi.<\/p>\n<p style=\"text-align: justify;\">Birinci &#8220;Ergenekon&#8221; davas\u0131n\u0131n tutuklu san\u0131\u011f\u0131 \u00dcmit Say\u0131n&#8217;\u0131n bir dilek\u00e7e vererek, can g\u00fcvenli\u011fi olmad\u0131\u011f\u0131 gerek\u00e7esiyle duru\u015fmalardan muaf tutulmas\u0131n\u0131 istedi\u011fini belirten Pekg\u00fczel, bu konuda karar\u0131 mahkemenin takdirine b\u0131rakt\u0131. Pekg\u00fczel, avukat Vural Erg\u00fcl&#8217;\u00fcn iste\u011fi do\u011frultusunda, tutuklu san\u0131k Alparslan Arslan&#8217;\u0131n arac\u0131nda bulunan \u0130stanbul Emniyet M\u00fcd\u00fcrl\u00fc\u011f\u00fc ara\u00e7 tan\u0131t\u0131m kart\u0131n\u0131n ger\u00e7ek olup olmad\u0131\u011f\u0131, ger\u00e7ekse kime ait oldu\u011fu hususunun ilgili yerlerden sorulmas\u0131n\u0131 istedi.<\/p>\n<p style=\"text-align: justify;\">Mahkeme ba\u015fkan\u0131 K\u00f6ksal \u015eeng\u00fcn, duru\u015fman\u0131n 27 A\u011fustos Per\u015fembe g\u00fcn\u00fc saat 09.30&#8217;a b\u0131rak\u0131ld\u0131\u011f\u0131n\u0131 belirterek, san\u0131klar, avukatlar ve cumhuriyet savc\u0131s\u0131n\u0131n istemlerine ili\u015fkin karar\u0131 o g\u00fcn a\u00e7\u0131klayacaklar\u0131n\u0131 bildirdi.<\/p>\n<p style=\"text-align: justify;\"><span style=\"color: #888888;\">CNN T\u00dcRK<\/span><\/p>\n","protected":false},"excerpt":{"rendered":"<p style=\"text-align: center;\">\n<p style=\"text-align: justify;\">Birinci Ergenekon davas\u0131yla birle\u015ftirilen Dan\u0131\u015ftay&#8217;a ve Cumhuriyet Gazetesi&#8217;ne yap\u0131lan sald\u0131r\u0131lara ili\u015fkin davan\u0131n tutuklu san\u0131klar\u0131ndan Osman Y\u0131ld\u0131r\u0131m, &#8220;Cumhuriyet Gazetesi&#8217;ne bombal\u0131 sald\u0131r\u0131y\u0131 yapt\u0131rd\u0131\u011f\u0131n\u0131, pi\u015fman da olmad\u0131\u011f\u0131n\u0131&#8221; s\u00f6yledi.<\/p>\n<p style=\"text-align: justify;\">\u0130stanbul 13. A\u011f\u0131r Ceza Mahkemesi&#8217;nde g\u00f6r\u00fclen duru\u015fmada Y\u0131ld\u0131r\u0131m, konu\u015fmas\u0131na, &#8220;Y\u00fcce mahkemenize ve say\u0131n savc\u0131lara sayg\u0131lar\u0131m\u0131 sunuyorum&#8221; diyerek ba\u015flad\u0131.<\/p>\n<p style=\"text-align: justify;\">Y\u0131ld\u0131r\u0131m, &#8220;Muzaffer Tekin, <\/p>\n","protected":false},"author":1,"featured_media":0,"comment_status":"open","ping_status":"closed","sticky":false,"template":"","format":"standard","meta":{"footnotes":""},"categories":[105],"tags":[],"class_list":["post-13929","post","type-post","status-publish","format-standard","hentry","category-gundem","odd"],"_links":{"self":[{"href":"http:\/\/www.korhanyilmaz.com\/index.php?rest_route=\/wp\/v2\/posts\/13929","targetHints":{"allow":["GET"]}}],"collection":[{"href":"http:\/\/www.korhanyilmaz.com\/index.php?rest_route=\/wp\/v2\/posts"}],"about":[{"href":"http:\/\/www.korhanyilmaz.com\/index.php?rest_route=\/wp\/v2\/types\/post"}],"author":[{"embeddable":true,"href":"http:\/\/www.korhanyilmaz.com\/index.php?rest_route=\/wp\/v2\/users\/1"}],"replies":[{"embeddable":true,"href":"http:\/\/www.korhanyilmaz.com\/index.php?rest_route=%2Fwp%2Fv2%2Fcomments&post=13929"}],"version-history":[{"count":0,"href":"http:\/\/www.korhanyilmaz.com\/index.php?rest_route=\/wp\/v2\/posts\/13929\/revisions"}],"wp:attachment":[{"href":"http:\/\/www.korhanyilmaz.com\/index.php?rest_route=%2Fwp%2Fv2%2Fmedia&parent=13929"}],"wp:term":[{"taxonomy":"category","embeddable":true,"href":"http:\/\/www.korhanyilmaz.com\/index.php?rest_route=%2Fwp%2Fv2%2Fcategories&post=13929"},{"taxonomy":"post_tag","embeddable":true,"href":"http:\/\/www.korhanyilmaz.com\/index.php?rest_route=%2Fwp%2Fv2%2Ftags&post=13929"}],"curies":[{"name":"wp","href":"https:\/\/api.w.org\/{rel}","templated":true}]}}