{"id":13925,"date":"2009-08-26T09:39:08","date_gmt":"2009-08-26T06:39:08","guid":{"rendered":"http:\/\/www.korhanyilmaz.com\/?p=13925"},"modified":"2009-08-26T09:39:08","modified_gmt":"2009-08-26T06:39:08","slug":"kacmazdan-suc-duyurusu","status":"publish","type":"post","link":"http:\/\/www.korhanyilmaz.com\/?p=13925","title":{"rendered":"Ka\u00e7maz&#039;dan su\u00e7 duyurusu"},"content":{"rendered":"<p style=\"text-align: center;\"><a href=\"http:\/\/www.korhanyilmaz.com\/wp-content\/uploads\/2009\/08\/osman_kaacmaz.jpg\"  class=\"lightview\"><img loading=\"lazy\" decoding=\"async\" class=\"size-full wp-image-13926 aligncenter\" src=\"http:\/\/www.korhanyilmaz.com\/wp-content\/uploads\/2009\/08\/osman_kaacmaz.jpg\" alt=\"\" width=\"250\" height=\"170\" \/><\/a><\/p>\n<p style=\"text-align: justify;\">Sincan 1. A\u011f\u0131r Ceza Mahkemesi Ba\u015fkan\u0131, g\u00f6revi ihmal ve g\u00f6revi k\u00f6t\u00fcye kulland\u0131klar\u0131 iddias\u0131yla RT\u00dcK \u00fcyeleri hakk\u0131nda su\u00e7 duyurusunda bulundu<\/p>\n<p style=\"text-align: justify;\">Sincan 1. A\u011f\u0131r Ceza Mahkemesi Ba\u015fkan\u0131 Osman Ka\u00e7maz, Radyo ve Televizyon \u00dcst Kurulu (RT\u00dcK) \u00fcyeleri hakk\u0131nda \u201cg\u00f6revi ihmal ve g\u00f6revi k\u00f6t\u00fcye kulland\u0131klar\u0131\u201d iddias\u0131yla su\u00e7 duyurusunda bulundu. Su\u00e7 duyurusuna ili\u015fkin dilek\u00e7e, Ka\u00e7maz\u2019\u0131n avukat\u0131 Baykal Do\u011fan taraf\u0131ndan Ankara Cumhuriyet Ba\u015fsavc\u0131l\u0131\u011f\u0131\u2019na sunuldu. Dilek\u00e7ede, Sincan Adliyesi\u2019nde Adalet Bakanl\u0131\u011f\u0131\u2019nca y\u00fcr\u00fct\u00fclen soru\u015fturmayla ilgili \u00e7e\u015fitli mahkemelerin \u201cgizlilik\u201d kararlar\u0131 bulundu\u011fu hat\u0131rlat\u0131ld\u0131. <!--more-->Baz\u0131 bas\u0131n yay\u0131n organlar\u0131nda gizlilik karar\u0131na ra\u011fmen soru\u015fturmaya ili\u015fkin bilgi ve belgeleri i\u00e7eren haberlerin yer ald\u0131\u011f\u0131 belirtilen dilek\u00e7ede, b\u00f6ylelikle \u201csoru\u015fturman\u0131n gizlili\u011finin ihlal edildi\u011fi\u201d \u00f6ne s\u00fcr\u00fcld\u00fc. RT\u00dcK\u2019\u00fcn, mahkeme kararlar\u0131na ra\u011fmen yay\u0131n yapan kurulu\u015flarla ilgili herhangi bir i\u015flem yapmad\u0131\u011f\u0131 ileri s\u00fcr\u00fclen dilek\u00e7ede, bu nedenle RT\u00dcK \u00fcyelerinin \u201cg\u00f6revlerini ihmal ettikleri ve k\u00f6t\u00fcye kulland\u0131klar\u0131\u201d iddia edildi.<\/p>\n<p style=\"text-align: justify;\"><strong><em>Bilgileri yay\u0131nlanamayacak<\/em><\/strong><\/p>\n<p style=\"text-align: justify;\">Bu arada, Sincan 2. Asliye Hukuk Mahkemesi, Sincan 1. A\u011f\u0131r Ceza Mahkemesi Ba\u015fkan\u0131 Osman Ka\u00e7maz hakk\u0131nda Adalet Bakanl\u0131\u011f\u0131\u2019n\u0131n y\u00fcr\u00fctt\u00fc\u011f\u00fc incelemeyle ilgili bilgi ve belgelerin a\u00e7\u0131klanmas\u0131n\u0131 yasaklad\u0131. Hakim Ka\u00e7maz\u2019\u0131n avukat\u0131 Baykal Do\u011fan, \u201csoru\u015fturmaya ili\u015fkin bilgi ve belgelerin bas\u0131n-yay\u0131n organlar\u0131nda yer alarak farkl\u0131 yorumlamalara yol a\u00e7t\u0131\u011f\u0131 gerek\u00e7esiyle bilgi ve belgelere ili\u015fkin yay\u0131n yasa\u011f\u0131 konulmas\u0131n\u0131\u201d talep etti. Do\u011fan\u2019\u0131n talebini de\u011ferlendiren Sincan 2. Asliye Hukuk Mahkemesi, Adalet Bakanl\u0131\u011f\u0131\u2019n\u0131n Osman Ka\u00e7maz hakk\u0131nda y\u00fcr\u00fctt\u00fc\u011f\u00fc incelemeye ili\u015fkin bilgi ve belgelerin bas\u0131n-yay\u0131n organlar\u0131nda a\u00e7\u0131klanmas\u0131n\u0131 yasaklad\u0131.<\/p>\n<p style=\"text-align: justify;\"><span style=\"color: #888888;\">Kaynak : yenicaggazetesi.com.tr<\/span><\/p>\n","protected":false},"excerpt":{"rendered":"<p style=\"text-align: center;\">\n<p style=\"text-align: justify;\">Sincan 1. A\u011f\u0131r Ceza Mahkemesi Ba\u015fkan\u0131, g\u00f6revi ihmal ve g\u00f6revi k\u00f6t\u00fcye kulland\u0131klar\u0131 iddias\u0131yla RT\u00dcK \u00fcyeleri hakk\u0131nda su\u00e7 duyurusunda bulundu<\/p>\n<p style=\"text-align: justify;\">Sincan 1. A\u011f\u0131r Ceza Mahkemesi Ba\u015fkan\u0131 Osman Ka\u00e7maz, Radyo ve Televizyon \u00dcst Kurulu (RT\u00dcK) \u00fcyeleri hakk\u0131nda \u201cg\u00f6revi ihmal ve g\u00f6revi k\u00f6t\u00fcye kulland\u0131klar\u0131\u201d iddias\u0131yla su\u00e7 duyurusunda bulundu. Su\u00e7 duyurusuna ili\u015fkin <\/p>\n","protected":false},"author":1,"featured_media":0,"comment_status":"open","ping_status":"closed","sticky":false,"template":"","format":"standard","meta":{"footnotes":""},"categories":[105],"tags":[],"class_list":["post-13925","post","type-post","status-publish","format-standard","hentry","category-gundem","odd"],"_links":{"self":[{"href":"http:\/\/www.korhanyilmaz.com\/index.php?rest_route=\/wp\/v2\/posts\/13925","targetHints":{"allow":["GET"]}}],"collection":[{"href":"http:\/\/www.korhanyilmaz.com\/index.php?rest_route=\/wp\/v2\/posts"}],"about":[{"href":"http:\/\/www.korhanyilmaz.com\/index.php?rest_route=\/wp\/v2\/types\/post"}],"author":[{"embeddable":true,"href":"http:\/\/www.korhanyilmaz.com\/index.php?rest_route=\/wp\/v2\/users\/1"}],"replies":[{"embeddable":true,"href":"http:\/\/www.korhanyilmaz.com\/index.php?rest_route=%2Fwp%2Fv2%2Fcomments&post=13925"}],"version-history":[{"count":0,"href":"http:\/\/www.korhanyilmaz.com\/index.php?rest_route=\/wp\/v2\/posts\/13925\/revisions"}],"wp:attachment":[{"href":"http:\/\/www.korhanyilmaz.com\/index.php?rest_route=%2Fwp%2Fv2%2Fmedia&parent=13925"}],"wp:term":[{"taxonomy":"category","embeddable":true,"href":"http:\/\/www.korhanyilmaz.com\/index.php?rest_route=%2Fwp%2Fv2%2Fcategories&post=13925"},{"taxonomy":"post_tag","embeddable":true,"href":"http:\/\/www.korhanyilmaz.com\/index.php?rest_route=%2Fwp%2Fv2%2Ftags&post=13925"}],"curies":[{"name":"wp","href":"https:\/\/api.w.org\/{rel}","templated":true}]}}