{"id":13919,"date":"2009-08-23T23:01:05","date_gmt":"2009-08-23T20:01:05","guid":{"rendered":"http:\/\/www.korhanyilmaz.com\/?p=13919"},"modified":"2009-08-23T23:01:05","modified_gmt":"2009-08-23T20:01:05","slug":"kayseri%e2%80%99den-kirmizi-kart","status":"publish","type":"post","link":"http:\/\/www.korhanyilmaz.com\/?p=13919","title":{"rendered":"Kayseri&#039;den K\u0131rm\u0131z\u0131 Kart"},"content":{"rendered":"<p style=\"text-align: center;\"><a href=\"http:\/\/www.korhanyilmaz.com\/wp-content\/uploads\/2009\/08\/kirmizi_kart1.jpg\"  class=\"lightview\"><img loading=\"lazy\" decoding=\"async\" class=\"size-full wp-image-13921 aligncenter\" src=\"http:\/\/www.korhanyilmaz.com\/wp-content\/uploads\/2009\/08\/kirmizi_kart1.jpg\" alt=\"\" width=\"395\" height=\"196\" \/><\/a><\/p>\n<p style=\"text-align: justify;\">G\u00dcL\u2019\u00fcn, \u201ctarihi f\u0131rsat\u201d s\u00f6zleriyle d\u00fc\u011fmeye bas\u0131p iktidar\u0131n y\u00fcr\u00fctt\u00fc\u011f\u00fc \u2019a\u00e7\u0131l\u0131m\u2019a kar\u015f\u0131 Kayseri\u2019de T\u00fcrk Milli G\u00fc\u00e7ler Birli\u011fi\u2019nin ba\u015flat\u0131\u011f\u0131 \u201cTek Millet, Tek Vatan, Tek Dil, Tek Bayrak, Tek Devlet\u201d kampanyas\u0131nda 30 bini a\u015fk\u0131n imza topland\u0131.<\/p>\n<p style=\"text-align: justify;\"><strong><em>A\u00e7\u0131l\u0131ma hay\u0131r<\/em><\/strong><\/p>\n<p style=\"text-align: justify;\">\u0130MZA kampanyas\u0131 s\u0131ras\u0131nda Kayserili vatanda\u015flar aras\u0131nda yap\u0131lan mini referandumdan da a\u00e7\u0131l\u0131ma \u201chay\u0131r\u201d sonucu \u00e7\u0131kt\u0131. Referanduma kat\u0131lan bin 651 vatanda\u015ftan bin 591\u2019i, \u201chay\u0131r\u201d oyu kullanarak \u00f6nc\u00fcl\u00fc\u011f\u00fcn\u00fc G\u00fcl\u2019\u00fcn yapt\u0131\u011f\u0131 a\u00e7\u0131l\u0131ma kar\u015f\u0131 olduklar\u0131n\u0131 ortaya koydu.<\/p>\n<p style=\"text-align: justify;\"><em>\u00dclkeyi b\u00f6lme amac\u0131n\u0131 ta\u015f\u0131yan s\u00f6zde a\u00e7\u0131l\u0131ma kar\u015f\u0131 olduklar\u0131n\u0131 belirten Kayserililer, d\u00fczenledikleri imza kampanyas\u0131yla giri\u015fime \u00f6nc\u00fcl\u00fck edenleri k\u0131nay\u0131p k\u0131rm\u0131z\u0131 kart g\u00f6sterdiler. <\/em><!--more--><\/p>\n<p style=\"text-align: justify;\"><strong><em>Milletin sesini duyun<\/em><\/strong><\/p>\n<p style=\"text-align: justify;\">T\u00dcRK Milli G\u00fc\u00e7ler Birli\u011fi\u2019nin imza kampanyas\u0131yla ilgili bilgi veren T\u00fcrk E\u011fitim Sen Kayseri 2 Nolu \u015eube Ba\u015fkan\u0131 Ali \u0130hsan \u00d6zt\u00fcrk, 5 g\u00fcnde toplad\u0131klar\u0131 30 bini a\u015fk\u0131n imzay\u0131 milletin hislerine terc\u00fcman olmak i\u00e7in TBMM\u2019ye g\u00f6ndereceklerini s\u00f6yledi.<\/p>\n<p style=\"text-align: justify;\"><em><strong>Cumhurba\u015fkan\u0131 G\u00fcl\u2019\u00fcn, \u201c\u0130yi \u015feyler olacak&#8230;<\/strong><\/em><\/p>\n<p style=\"text-align: justify;\">Tarihi f\u0131rsat\u201d diyerek  mimarl\u0131\u011f\u0131n\u0131 yapt\u0131\u011f\u0131 s\u00f6zde a\u00e7\u0131l\u0131ma Kayserili hem\u015fehrilerinden sert tepki geldi.<\/p>\n<p style=\"text-align: justify;\">Cumhurba\u015fkan\u0131 Abdullah G\u00fcl\u2019\u00fcn, \u201c iyi \u015feyler olacak&#8230; Tarihi bir f\u0131rsat\u201d s\u00f6zleriyle d\u00fc\u011fmeye bas\u0131p iktidar\u0131n y\u00fcr\u00fctt\u00fc\u011f\u00fc s\u00f6zde a\u00e7\u0131l\u0131m \u00e7al\u0131\u015fmalar\u0131na kar\u015f\u0131 Kayseri\u2019de T\u00fcrk Milli G\u00fc\u00e7ler Birli\u011fi taraf\u0131ndan ba\u015flat\u0131lan \u201cTek Millet, Tek Vatan, Tek Dil, Tek Bayrak, Tek Devlet\u201d kampanyas\u0131nda 30 bini a\u015fk\u0131n imza topland\u0131. \u00d6te yandan imza kampanyas\u0131 s\u0131ras\u0131nda Kayserili vatanda\u015flar aras\u0131nda yap\u0131lan mini referandumdan da s\u00f6zde a\u00e7\u0131l\u0131ma \u201chay\u0131r\u201d \u00e7\u0131kt\u0131. Referanduma kat\u0131lan bin 651 vatanda\u015ftan bin 591\u2019i, \u201chay\u0131r\u201d oyu kullanarak \u00f6nc\u00fcl\u00fc\u011f\u00fcn\u00fc G\u00fcl\u2019\u00fcn yapt\u0131\u011f\u0131 a\u00e7\u0131l\u0131ma kar\u015f\u0131 olduklar\u0131n\u0131 ortaya koydu.<\/p>\n<p style=\"text-align: justify;\"><strong><em>Meclis\u2019e g\u00f6nderilecek<\/em><\/strong><\/p>\n<p style=\"text-align: justify;\">T\u00fcrk Milli G\u00fc\u00e7ler Birli\u011fi\u2019nin imza kampanyas\u0131yla ilgili bilgi veren T\u00fcrk E\u011fitim Sen Kayseri 2 Nolu \u015eube Ba\u015fkan\u0131 Ali \u0130hsan \u00d6zt\u00fcrk, 5 g\u00fcnde toplad\u0131klar\u0131 30 bini a\u015fk\u0131n imzay\u0131 milletin hislerine terc\u00fcman olmak i\u00e7in TBMM\u2019ye g\u00f6ndereceklerini s\u00f6yledi. \u00d6zt\u00fcrk, \u00fclkeyi b\u00f6lme amac\u0131n\u0131 ta\u015f\u0131yan s\u00f6zde a\u00e7\u0131l\u0131m\u0131 vatanda\u015fa sormayan h\u00fck\u00fcmetin yapamad\u0131\u011f\u0131n\u0131 birli\u011fin yapt\u0131\u011f\u0131n\u0131 s\u00f6yleyerek \u015f\u00f6yle devam etti:<\/p>\n<p style=\"text-align: justify;\"><strong><em>Yap\u0131lan, b\u00f6l\u00fcc\u00fcl\u00fckt\u00fcr<\/em><\/strong><\/p>\n<p style=\"text-align: justify;\">\u201cG\u00f6r\u00fclm\u00fc\u015ft\u00fcr ki, Kayseri\u2019de a\u00e7\u0131l\u0131m istenmiyor. T\u00fcrk milletinin birli\u011fi ya da ayr\u0131\u015fmas\u0131 noktas\u0131nda at\u0131lan ad\u0131mlar\u0131n kamuoyu taraf\u0131ndan nas\u0131l alg\u0131land\u0131\u011f\u0131n\u0131 tespit etmek amac\u0131yla bir imza kampanyas\u0131, bir de mini referandum yapt\u0131k. Daha \u00f6nce \u2019K\u00fcrt a\u00e7\u0131l\u0131m\u0131\u2019dediler, bakt\u0131lar ki olmuyor, \u015fimdi de \u2019demokratik a\u00e7\u0131l\u0131m\u2019diyorlar. Bug\u00fcn \u00fclkemizde 30 bin ki\u015finin katilinin bile her t\u00fcrl\u00fc demokratik hakk\u0131 var. Demokratik a\u00e7\u0131l\u0131m yapacaks\u0131n\u0131z, 2 milyon memurun konu\u015fma hakk\u0131 yok. Bug\u00fcnlerde toplu g\u00f6r\u00fc\u015fmeler yap\u0131l\u0131yor. E\u011fer samimi iseniz bu insanlara konu\u015fma hakk\u0131 verin. Bu a\u00e7\u0131l\u0131m b\u00f6l\u00fcc\u00fcl\u00fck a\u00e7\u0131l\u0131m\u0131d\u0131r.\u201d<\/p>\n<p style=\"text-align: justify;\"><span style=\"color: #993300;\"><em><strong>S\u00f6zde a\u00e7\u0131l\u0131ma kar\u015f\u0131 d\u00fczenlenen kapmanyada 30 bini a\u015fk\u0131n imza topland\u0131. Kayserililer, \u00fclkeyi b\u00f6lme amac\u0131n\u0131 ta\u015f\u0131yan giri\u015fime \u00f6nc\u00fcl\u00fck edenleri k\u0131nay\u0131p k\u0131rm\u0131z\u0131 kart g\u00f6sterdiler. <\/strong><\/em><\/span><\/p>\n<p style=\"text-align: justify;\"><strong><em>MHP\u2019li Vural\u2019dan G\u00fcl\u2019e sert ele\u015ftiri<\/em><\/strong><\/p>\n<p style=\"text-align: justify;\">MHP Grup Ba\u015fkanvekili Oktay Vural, \u201cMHP\u2019nin a\u00e7\u0131l\u0131m konusundaki ele\u015ftirisine \u2019yak\u0131\u015f\u0131ks\u0131z\u2019diyen Cumhurba\u015fkan\u0131 MGK\u2019y\u0131 kendi b\u00f6l\u00fcc\u00fc emellerine, \u0131rk\u00e7\u0131 yakla\u015f\u0131mlara, siyasal K\u00fcrt\u00e7\u00fcl\u00fc\u011fe mesnet edenlere kar\u015f\u0131 yak\u0131\u015f\u0131ks\u0131z laf\u0131n\u0131 niye kullanm\u0131yor\u201d dedi. MHP\u2019nin \u201cT\u00fcrk milletini etnik kimliklere g\u00f6re b\u00f6lme plan\u0131na\u201d kar\u015f\u0131 kararl\u0131 bir duru\u015f sergiledi\u011fini ifade eden Vural, \u015funlar\u0131 kaydetti: \u201cSay\u0131n Cumhurba\u015fkan\u0131\u2019n\u0131n, MGK\u2019n\u0131n bu s\u00f6zde a\u00e7\u0131l\u0131ma destek vermi\u015f oldu\u011funu s\u00f6yleyenlere kar\u015f\u0131 niye cevab\u0131 yoktur? MGK bu a\u00e7\u0131l\u0131m\u0131 destekliyor, a\u00e7\u0131l\u0131m ad\u0131 alt\u0131nda T\u00fcrk milletinin milli kimli\u011finin, tarihinin sorguland\u0131\u011f\u0131, bin y\u0131ll\u0131k karde\u015fli\u011finin sorguland\u0131\u011f\u0131 b\u00f6yle bir ortamda, bu bildirinin kendilerine destek oldu\u011funu s\u00f6yleyenlere Cumhurba\u015fkan\u0131m\u0131z bir \u015fey demiyor. AKP\u2019yi de sert bir dille ele\u015ftiren Vural, \u201cTer\u00f6r \u00f6rg\u00fct\u00fcn\u00fc, caniyi cesaretlendiren ve \u0130mral\u0131\u2019dan T\u00fcrkiye\u2019ye yol haritas\u0131 sunacak kadar bu noktaya getiren h\u00fck\u00fcmet bu tablodan bence utanmal\u0131d\u0131r\u201d g\u00f6r\u00fc\u015f\u00fcn\u00fc savundu.<\/p>\n<p style=\"text-align: justify;\"><em><strong>2 y\u0131lda tam 36 \u00fclke gezdi<\/strong><\/em><\/p>\n<p style=\"text-align: justify;\">Cumhurba\u015fbak\u0131n Abdullah G\u00fcl, g\u00f6reve se\u00e7ildikten sonra 36 \u00fclkeyi ziyaret etti, 40 \u00fclke liderini ise T\u00fcrkiye\u2019de a\u011f\u0131rlad\u0131. G\u00fcl, baz\u0131 \u00fclkeleri birden fazla ziyaret ederken, KKTC ve Filistin gibi \u00fclkelerin liderlerini birden fazla a\u011f\u0131rlad\u0131. Cumhurba\u015fkan\u0131 Abdullah G\u00fcl, cumhurba\u015fkanl\u0131\u011f\u0131 g\u00f6revine se\u00e7ilmesinden sonra \u00c7ankaya K\u00f6\u015fk\u00fc\u2019n\u00fc diplomasinin merkezi haline getirdi. \u0130ki y\u0131la yakla\u015fan g\u00f6rev s\u00fcresi i\u00e7erisinde G\u00fcl, yapt\u0131\u011f\u0131 yurtd\u0131\u015f\u0131 ziyaretler ve konuklar\u0131yla g\u00fcndemde yer ald\u0131. G\u00fcl, T\u00fcrkiye\u2019nin, s\u0131n\u0131r kap\u0131lar\u0131 kapal\u0131 olan Ermenistan\u2019\u0131 ziyaret etti. Bat\u0131l\u0131 \u00fclke liderlerinin gizli bir \u015fekilde gitti\u011fi Irak\u2019a iki g\u00fcnl\u00fck resmi bir ziyaret ger\u00e7ekle\u015ftirdi. Afrika \u00fclkelerine ziyaretler ger\u00e7ekle\u015ftirdi ve misafirler kabul etti. Cumhurba\u015fkan\u0131 Abdullah G\u00fcl, Cumhurba\u015fkanl\u0131\u011f\u0131\u2019na 28 A\u011fustos 2007 tarininde se\u00e7ildikten sonra ilk resmi gezisini KKTC\u2019ye yapt\u0131. G\u00fcl, daha sonra ABD, \u00c7ek Cumhuriyeti, Almanya, Fransa, T\u00fcrkmenistan, M\u0131s\u0131r, Azerbaycan gibi \u00fclkeleri birden fazla olmak \u00fczere ziyaret etti.<\/p>\n<p style=\"text-align: justify;\"><strong><em>D\u00fcnya liderlerini a\u011f\u0131rlad\u0131<\/em><\/strong><\/p>\n<p style=\"text-align: justify;\">Cumhurba\u015fkan\u0131 Abdullah G\u00fcl, Cumhurba\u015fkanl\u0131\u011f\u0131na se\u00e7ildikten sonra, aralar\u0131nda ABD Ba\u015fkan\u0131 Barack Obama ve Irak Cumhurba\u015fkan\u0131 Celal Talabani\u2019nin bulundu\u011fu \u00e7ok say\u0131da \u00fclkenin devlet ba\u015fkan\u0131, cumhurba\u015fkan\u0131 veya kral\u0131n\u0131 a\u011f\u0131rlad\u0131. Abdullah G\u00fcl\u2019\u00fcn Cumhurba\u015fkan\u0131 se\u00e7ilmesinden sonra T\u00fcrkiye\u2019yi en fazla ziyaret eden \u00fclke s\u0131ralamas\u0131nda KKTC yer ald\u0131. Sudan Devlet Ba\u015fkan\u0131 \u00d6mer El Be\u015fir\u2019in T\u00fcriye ziyareti tart\u0131\u015fma konusu oldu.<\/p>\n<p style=\"text-align: justify;\">Cumhurba\u015fkan\u0131 Abdullah G\u00fcl, yapt\u0131\u011f\u0131 yurtd\u0131\u015f\u0131 ziyaretler ve konuklar\u0131yla dikkati \u00e7ekti.<\/p>\n<p style=\"text-align: justify;\"><span style=\"color: #888888;\">Haber: Salim YAVA\u015eO\u011eLU &#8211; <a href=\"http:\/\/www.yenicaggazetesi.com.tr\/haberdetay.php?hit=21980\" target=\"_blank\">yencaggazetesi.com.tr<\/a><\/span><\/p>\n","protected":false},"excerpt":{"rendered":"<p style=\"text-align: center;\">\n<p style=\"text-align: justify;\">G\u00dcL\u2019\u00fcn, \u201ctarihi f\u0131rsat\u201d s\u00f6zleriyle d\u00fc\u011fmeye bas\u0131p iktidar\u0131n y\u00fcr\u00fctt\u00fc\u011f\u00fc \u2019a\u00e7\u0131l\u0131m\u2019a kar\u015f\u0131 Kayseri\u2019de T\u00fcrk Milli G\u00fc\u00e7ler Birli\u011fi\u2019nin ba\u015flat\u0131\u011f\u0131 \u201cTek Millet, Tek Vatan, Tek Dil, Tek Bayrak, Tek Devlet\u201d kampanyas\u0131nda 30 bini a\u015fk\u0131n imza topland\u0131.<\/p>\n<p style=\"text-align: justify;\">A\u00e7\u0131l\u0131ma hay\u0131r<\/p>\n<p style=\"text-align: justify;\">\u0130MZA kampanyas\u0131 s\u0131ras\u0131nda Kayserili vatanda\u015flar aras\u0131nda yap\u0131lan mini referandumdan da a\u00e7\u0131l\u0131ma \u201chay\u0131r\u201d <\/p>\n","protected":false},"author":1,"featured_media":0,"comment_status":"open","ping_status":"closed","sticky":false,"template":"","format":"standard","meta":{"footnotes":""},"categories":[105],"tags":[],"class_list":["post-13919","post","type-post","status-publish","format-standard","hentry","category-gundem","odd"],"_links":{"self":[{"href":"http:\/\/www.korhanyilmaz.com\/index.php?rest_route=\/wp\/v2\/posts\/13919","targetHints":{"allow":["GET"]}}],"collection":[{"href":"http:\/\/www.korhanyilmaz.com\/index.php?rest_route=\/wp\/v2\/posts"}],"about":[{"href":"http:\/\/www.korhanyilmaz.com\/index.php?rest_route=\/wp\/v2\/types\/post"}],"author":[{"embeddable":true,"href":"http:\/\/www.korhanyilmaz.com\/index.php?rest_route=\/wp\/v2\/users\/1"}],"replies":[{"embeddable":true,"href":"http:\/\/www.korhanyilmaz.com\/index.php?rest_route=%2Fwp%2Fv2%2Fcomments&post=13919"}],"version-history":[{"count":0,"href":"http:\/\/www.korhanyilmaz.com\/index.php?rest_route=\/wp\/v2\/posts\/13919\/revisions"}],"wp:attachment":[{"href":"http:\/\/www.korhanyilmaz.com\/index.php?rest_route=%2Fwp%2Fv2%2Fmedia&parent=13919"}],"wp:term":[{"taxonomy":"category","embeddable":true,"href":"http:\/\/www.korhanyilmaz.com\/index.php?rest_route=%2Fwp%2Fv2%2Fcategories&post=13919"},{"taxonomy":"post_tag","embeddable":true,"href":"http:\/\/www.korhanyilmaz.com\/index.php?rest_route=%2Fwp%2Fv2%2Ftags&post=13919"}],"curies":[{"name":"wp","href":"https:\/\/api.w.org\/{rel}","templated":true}]}}