{"id":13914,"date":"2009-08-23T23:19:16","date_gmt":"2009-08-23T20:19:16","guid":{"rendered":"http:\/\/www.korhanyilmaz.com\/?p=13914"},"modified":"2009-08-23T23:19:16","modified_gmt":"2009-08-23T20:19:16","slug":"memur-zam-bekliyor","status":"publish","type":"post","link":"http:\/\/www.korhanyilmaz.com\/?p=13914","title":{"rendered":"Memur zam bekliyor"},"content":{"rendered":"<p style=\"text-align: center;\"><a href=\"http:\/\/www.korhanyilmaz.com\/wp-content\/uploads\/2009\/08\/memur_zam_bekliyor.jpg\"  class=\"lightview\"><img loading=\"lazy\" decoding=\"async\" class=\"size-full wp-image-13915 aligncenter\" src=\"http:\/\/www.korhanyilmaz.com\/wp-content\/uploads\/2009\/08\/memur_zam_bekliyor.jpg\" alt=\"\" width=\"396\" height=\"170\" \/><\/a><\/p>\n<p style=\"text-align: justify;\">Memurun kula\u011f\u0131 h\u00fck\u00fcmette.<\/p>\n<p style=\"text-align: justify;\">Toplu g\u00f6r\u00fc\u015fmelerin yar\u0131n yap\u0131lacak 5. turunda t\u00fcm dikkatler Devlet Bakan\u0131 Hayati Yaz\u0131c\u0131\u2019n\u0131n yapaca\u011f\u0131 zam teklifinde. Memur-Sen y\u00fczde 11\u2019lik maa\u015f art\u0131\u015f\u0131nda \u0131srarl\u0131.<\/p>\n<p style=\"text-align: justify;\">H\u00fck\u00fcmet ile Memur-Sen aras\u0131nda devam eden ve yakla\u015f\u0131k 20 milyon vatanda\u015f\u0131 ilgilendiren toplu g\u00f6r\u00fc\u015fmelerde t\u00fcm g\u00f6zler yar\u0131na \u00e7evrildi. Mali ve sosyal haklara ili\u015fkin m\u00fczakerelere ba\u015flanacak g\u00f6r\u00fc\u015fmede, h\u00fck\u00fcmeti temsilen masada oturan Devlet Bakan\u0131 Hayati Yaz\u0131c\u0131\u2019n\u0131n \u00f6n\u00fcm\u00fczdeki y\u0131l memur maa\u015flar\u0131na yap\u0131lmas\u0131 planlanan zam teklifini sunmas\u0131 bekleniyor. Krizle ba\u015flayan toplu g\u00f6r\u00fc\u015fmelerde h\u00fck\u00fcmetle masaya oturan tek yetkili sendika Memur-Sen, gelecek y\u0131l kamu \u00e7al\u0131\u015fanlar\u0131n\u0131n maa\u015flar\u0131na y\u00fczde 11 zam yap\u0131lmas\u0131n\u0131 talep ediyor. <!--more--><\/p>\n<p style=\"text-align: justify;\"><strong><em>80 liral\u0131k ek \u00f6deme<\/em><\/strong><\/p>\n<p style=\"text-align: justify;\">En d\u00fc\u015f\u00fck memur ma\u015f\u0131n\u0131n bin 360 liraya y\u00fckseltilmesini isteyen Memur-Sen, kamu \u00e7al\u0131\u015fanlar\u0131n\u0131n maa\u015flar\u0131na asgari 80 liral\u0131k de ek \u00f6deme talep ediyor. Konfederasyon ayr\u0131ca, sendika \u00fcyesi kamu g\u00f6revlilere verilen 10 liran\u0131n 28 liraya \u00e7\u0131kar\u0131lmas\u0131n\u0131, kamu \u00e7al\u0131\u015fanlar\u0131n\u0131n dahil oldu\u011fu gelir vergisi oranlar\u0131n\u0131n 5 puan indirilmesini, e\u011fer vergi indirimi yap\u0131lmazsa kamu \u00e7al\u0131\u015fanlar\u0131na 6 ayda bir 600 lira kriz \u00e7eki verilmesini, e\u015fi \u00e7al\u0131\u015fmayan kamu \u00e7al\u0131\u015fanlar\u0131na verilen 83 liral\u0131kaile yard\u0131m\u0131n\u0131n 131 liraya \u00e7ekilmesini istiyor. H\u00fck\u00fcmetin, \u201cMemuru enflasyona ezdirmeyece\u011fiz\u201d beyan\u0131n\u0131 hat\u0131rlatan sendika, yetkililerin s\u00f6zlerinde durmaya davet etti.<\/p>\n<p style=\"text-align: justify;\"><span style=\"color: #888888;\">Kaynak : yenicaggazetesi.com.tr<\/span><\/p>\n","protected":false},"excerpt":{"rendered":"<p style=\"text-align: center;\">\n<p style=\"text-align: justify;\">Memurun kula\u011f\u0131 h\u00fck\u00fcmette.<\/p>\n<p style=\"text-align: justify;\">Toplu g\u00f6r\u00fc\u015fmelerin yar\u0131n yap\u0131lacak 5. turunda t\u00fcm dikkatler Devlet Bakan\u0131 Hayati Yaz\u0131c\u0131\u2019n\u0131n yapaca\u011f\u0131 zam teklifinde. Memur-Sen y\u00fczde 11\u2019lik maa\u015f art\u0131\u015f\u0131nda \u0131srarl\u0131.<\/p>\n<p style=\"text-align: justify;\">H\u00fck\u00fcmet ile Memur-Sen aras\u0131nda devam eden ve yakla\u015f\u0131k 20 milyon vatanda\u015f\u0131 ilgilendiren toplu g\u00f6r\u00fc\u015fmelerde t\u00fcm g\u00f6zler yar\u0131na \u00e7evrildi. Mali ve sosyal haklara <\/p>\n","protected":false},"author":1,"featured_media":0,"comment_status":"open","ping_status":"closed","sticky":false,"template":"","format":"standard","meta":{"footnotes":""},"categories":[7],"tags":[],"class_list":["post-13914","post","type-post","status-publish","format-standard","hentry","category-ekonomi","odd"],"_links":{"self":[{"href":"http:\/\/www.korhanyilmaz.com\/index.php?rest_route=\/wp\/v2\/posts\/13914","targetHints":{"allow":["GET"]}}],"collection":[{"href":"http:\/\/www.korhanyilmaz.com\/index.php?rest_route=\/wp\/v2\/posts"}],"about":[{"href":"http:\/\/www.korhanyilmaz.com\/index.php?rest_route=\/wp\/v2\/types\/post"}],"author":[{"embeddable":true,"href":"http:\/\/www.korhanyilmaz.com\/index.php?rest_route=\/wp\/v2\/users\/1"}],"replies":[{"embeddable":true,"href":"http:\/\/www.korhanyilmaz.com\/index.php?rest_route=%2Fwp%2Fv2%2Fcomments&post=13914"}],"version-history":[{"count":0,"href":"http:\/\/www.korhanyilmaz.com\/index.php?rest_route=\/wp\/v2\/posts\/13914\/revisions"}],"wp:attachment":[{"href":"http:\/\/www.korhanyilmaz.com\/index.php?rest_route=%2Fwp%2Fv2%2Fmedia&parent=13914"}],"wp:term":[{"taxonomy":"category","embeddable":true,"href":"http:\/\/www.korhanyilmaz.com\/index.php?rest_route=%2Fwp%2Fv2%2Fcategories&post=13914"},{"taxonomy":"post_tag","embeddable":true,"href":"http:\/\/www.korhanyilmaz.com\/index.php?rest_route=%2Fwp%2Fv2%2Ftags&post=13914"}],"curies":[{"name":"wp","href":"https:\/\/api.w.org\/{rel}","templated":true}]}}