{"id":13909,"date":"2009-08-23T23:12:13","date_gmt":"2009-08-23T20:12:13","guid":{"rendered":"http:\/\/www.korhanyilmaz.com\/?p=13909"},"modified":"2009-08-23T23:12:13","modified_gmt":"2009-08-23T20:12:13","slug":"abd%e2%80%99den-mi-giyiniyor","status":"publish","type":"post","link":"http:\/\/www.korhanyilmaz.com\/?p=13909","title":{"rendered":"ABD\u2019den mi giyiniyor?"},"content":{"rendered":"<p style=\"text-align: center;\"><a href=\"http:\/\/www.korhanyilmaz.com\/wp-content\/uploads\/2009\/08\/tayyip_erdogan.jpg\"  class=\"lightview\"><img loading=\"lazy\" decoding=\"async\" class=\"size-full wp-image-13910 aligncenter\" src=\"http:\/\/www.korhanyilmaz.com\/wp-content\/uploads\/2009\/08\/tayyip_erdogan.jpg\" alt=\"\" width=\"401\" height=\"197\" \/><\/a><\/p>\n<p style=\"text-align: justify;\"><strong><em>Vitrinde tan\u0131d\u0131k var<\/em><\/strong><\/p>\n<p style=\"text-align: justify;\">\u015e\u00dcKR\u00dc K\u0131z\u0131lot, kendisini \u015fa\u015fk\u0131na \u00e7eviren olay\u0131, \u201cVitrin cam\u0131nda tan\u0131d\u0131k bir isim; \u2019Recep Tayyip Erdo\u011fan, Prime Minister of Turkey\u2019. \u0130nan\u0131l\u0131r gibi de\u011fil\u201d c\u00fcmleleriyle k\u00f6\u015fesine ta\u015f\u0131d\u0131.<\/p>\n<p style=\"text-align: justify;\"><strong><em>Erdo\u011fan 5 bin dolarl\u0131k g\u00f6mlek mi giyiyor?<\/em><\/strong><\/p>\n<p style=\"text-align: justify;\">H\u00fcrriyet yazar\u0131 K\u0131z\u0131lot, ABD\u2019de s\u00fcper zenginlerin randevuyla gitti\u011fi Bijan ma\u011fazas\u0131n\u0131n vitrininde Ba\u015fbakan Erdo\u011fan\u2019\u0131n ismini al\u0131\u015fveri\u015f yapanlar\u0131n listesinde g\u00f6rd\u00fc\u011f\u00fcn\u00fc yazd\u0131.<\/p>\n<p style=\"text-align: justify;\">H\u00fcrriyet gazetesi yazar\u0131 \u015e\u00fckr\u00fc K\u0131z\u0131lot, d\u00fcnk\u00fc k\u00f6\u015fe yaz\u0131s\u0131nda Ba\u015fbakan Erdo\u011fan ile ilgili g\u00fcndem yaratacak bir konuyu g\u00fcndeme getirdi. K\u0131z\u0131lot, Amerika Los Angeles\u2019ta s\u00fcper zenginlerin randevu ile gitti\u011fi bir ma\u011fazan\u0131n vitrininde Ba\u015fbakan Erdo\u011fan\u2019\u0131n ismini al\u0131\u015fveri\u015f yapanlar\u0131n listesinde g\u00f6rd\u00fc\u011f\u00fcn\u00fc belirtti. \u0130\u015fte K\u0131z\u0131lot\u2019un \u2019Ba\u015fbakan g\u00f6rmesin\u2019 ba\u015fl\u0131kl\u0131 yaz\u0131s\u0131: \u201cNEY\u0130 mi? Neyi olacak, Beverly Hills\u2019deki bir ma\u011fazay\u0131&#8230; <!--more--><\/p>\n<p style=\"text-align: justify;\">Daha do\u011frusu, o ma\u011fazan\u0131n vitrin cam\u0131ndaki yaz\u0131y\u0131!.. O yaz\u0131 ne? Los Angeles\u2019a gidenler, zamanlar\u0131 varsa Universal Studios Hollywood\u2019a ve Beverly Hills\u2019e mutlaka u\u011frarlar. Beverly Hills\u2019de, d\u00fcnyaca \u00fcnl\u00fc markalar\u0131n oldu\u011fu ma\u011fazalar (Chanel, Louis Vuitton, Prada, Brioni, Stefano Ricci, Breguet, Bijan vs.) var. Bijan\u2019\u0131 duymu\u015fsunuzdur. Ancak randevu al\u0131n\u0131p gidilebilen d\u00fcnyaca \u00fcnl\u00fc bu ma\u011fazada g\u00f6mlek 3-5 bin dolar, mont 25 bin, tak\u0131m elbise 20-50 bin dolar. Daha pahal\u0131 olanlar da var. Vitrinine bak\u0131yorum, al\u0131\u015f-veri\u015f yapan, birka\u00e7\u0131 da T\u00fcrk olan isimleri cama, gruplar halinde yazm\u0131\u015flar. \u201d Acaba kimler? \u201c diye merak edip isimleri tek tek inceliyorum. O da ne? Vitrin cam\u0131nda tan\u0131d\u0131k bir isim; \u201d Recep Tayyip Erdo\u011fan, Prime Minister of Turkey\u201c.<\/p>\n<p style=\"text-align: justify;\"><strong><em>Duymas\u0131n&#8230;<\/em><\/strong><\/p>\n<p style=\"text-align: justify;\">\u0130nan\u0131l\u0131r gibi de\u011fil. G\u00f6renler T\u00fcrkiye Ba\u015fbakan\u0131\u2019n\u0131n, o kadar i\u015fi aras\u0131nda Beverly Hills\u2019deki Bijan\u2019dan randevu al\u0131p, 3-5 bin dolara g\u00f6mlek, 20-25 bin dolara mont, 20-30 bin dolara tak\u0131m elbise ald\u0131\u011f\u0131n\u0131 zannedecek. Dayanamay\u0131p bir de foto\u011fraf\u0131n\u0131 \u00e7ekiyorum. Ba\u015fl\u0131kta \u201dBa\u015fbakan g\u00f6rmesin\u201c dedi\u011fimiz i\u015fte buydu&#8230; Ba\u015fbakan\u2019\u0131n Beverly Hills\u2019e gidip, caddede y\u00fcr\u00fcyerek, \u00fcnl\u00fc ma\u011fazalar\u0131 dola\u015fmas\u0131 m\u00fcmk\u00fcn de\u011fil. 3-5 bin dolarl\u0131k g\u00f6mlek, 20-30 bin dolarl\u0131k elbise almas\u0131 da&#8230; Belli ki birileri; kendini farkl\u0131 tan\u0131t\u0131p, Ba\u015fbakan\u2019\u0131n ad\u0131n\u0131 d\u00fcnyan\u0131n en pahal\u0131 ma\u011fazas\u0131n\u0131n cam\u0131na yazd\u0131rm\u0131\u015f. Ba\u015fbakan duymas\u0131n!..<\/p>\n<p style=\"text-align: justify;\">K\u0131z\u0131lot\u2019un iddias\u0131na g\u00f6re vitrinin cam\u0131nda ABD eski Ba\u015fkan\u0131 Bush ve Ba\u015fbakan Erdo\u011fan gibi \u00fcnl\u00fc ki\u015filerin ismi bulunuyor.<\/p>\n<p style=\"text-align: justify;\"><span style=\"color: #888888;\">Kaynak : <a href=\"http:\/\/www.yenicaggazetesi.com.tr\/haberdetay.php?hit=21983\" target=\"_blank\">yenicaggazetesi.com.tr<\/a><\/span><\/p>\n","protected":false},"excerpt":{"rendered":"<p style=\"text-align: center;\">\n<p style=\"text-align: justify;\">Vitrinde tan\u0131d\u0131k var<\/p>\n<p style=\"text-align: justify;\">\u015e\u00dcKR\u00dc K\u0131z\u0131lot, kendisini \u015fa\u015fk\u0131na \u00e7eviren olay\u0131, \u201cVitrin cam\u0131nda tan\u0131d\u0131k bir isim; \u2019Recep Tayyip Erdo\u011fan, Prime Minister of Turkey\u2019. \u0130nan\u0131l\u0131r gibi de\u011fil\u201d c\u00fcmleleriyle k\u00f6\u015fesine ta\u015f\u0131d\u0131.<\/p>\n<p style=\"text-align: justify;\">Erdo\u011fan 5 bin dolarl\u0131k g\u00f6mlek mi giyiyor?<\/p>\n<p style=\"text-align: justify;\">H\u00fcrriyet yazar\u0131 K\u0131z\u0131lot, ABD\u2019de s\u00fcper zenginlerin randevuyla gitti\u011fi Bijan ma\u011fazas\u0131n\u0131n <\/p>\n","protected":false},"author":1,"featured_media":0,"comment_status":"open","ping_status":"closed","sticky":false,"template":"","format":"standard","meta":{"footnotes":""},"categories":[7],"tags":[],"class_list":["post-13909","post","type-post","status-publish","format-standard","hentry","category-ekonomi","odd"],"_links":{"self":[{"href":"http:\/\/www.korhanyilmaz.com\/index.php?rest_route=\/wp\/v2\/posts\/13909","targetHints":{"allow":["GET"]}}],"collection":[{"href":"http:\/\/www.korhanyilmaz.com\/index.php?rest_route=\/wp\/v2\/posts"}],"about":[{"href":"http:\/\/www.korhanyilmaz.com\/index.php?rest_route=\/wp\/v2\/types\/post"}],"author":[{"embeddable":true,"href":"http:\/\/www.korhanyilmaz.com\/index.php?rest_route=\/wp\/v2\/users\/1"}],"replies":[{"embeddable":true,"href":"http:\/\/www.korhanyilmaz.com\/index.php?rest_route=%2Fwp%2Fv2%2Fcomments&post=13909"}],"version-history":[{"count":0,"href":"http:\/\/www.korhanyilmaz.com\/index.php?rest_route=\/wp\/v2\/posts\/13909\/revisions"}],"wp:attachment":[{"href":"http:\/\/www.korhanyilmaz.com\/index.php?rest_route=%2Fwp%2Fv2%2Fmedia&parent=13909"}],"wp:term":[{"taxonomy":"category","embeddable":true,"href":"http:\/\/www.korhanyilmaz.com\/index.php?rest_route=%2Fwp%2Fv2%2Fcategories&post=13909"},{"taxonomy":"post_tag","embeddable":true,"href":"http:\/\/www.korhanyilmaz.com\/index.php?rest_route=%2Fwp%2Fv2%2Ftags&post=13909"}],"curies":[{"name":"wp","href":"https:\/\/api.w.org\/{rel}","templated":true}]}}