{"id":13903,"date":"2009-08-22T15:32:38","date_gmt":"2009-08-22T12:32:38","guid":{"rendered":"http:\/\/www.korhanyilmaz.com\/?p=13903"},"modified":"2009-08-22T15:32:38","modified_gmt":"2009-08-22T12:32:38","slug":"bu-af-degil-ancak-toplumsal-helallesme","status":"publish","type":"post","link":"http:\/\/www.korhanyilmaz.com\/?p=13903","title":{"rendered":"Bu af de\u011fil, ancak toplumsal helalle\u015fme!"},"content":{"rendered":"<p style=\"text-align: justify;\"><strong><em><a href=\"http:\/\/www.korhanyilmaz.com\/wp-content\/uploads\/2009\/08\/sanem_altan.jpg\"  class=\"lightview\"><img loading=\"lazy\" decoding=\"async\" class=\"alignleft size-full wp-image-13904\" style=\"margin: 0px 10px;\" title=\"sanem_altan\" src=\"http:\/\/www.korhanyilmaz.com\/wp-content\/uploads\/2009\/08\/sanem_altan.jpg\" alt=\"sanem_altan\" width=\"174\" height=\"92\" \/><\/a>DTP Mu\u015f Milletvekili S\u0131rr\u0131 Sak\u0131k, Sanem Altan&#8217;a konu\u015ftu. <\/em><\/strong><\/p>\n<p style=\"text-align: justify;\">DTP\u2019li S\u0131rr\u0131 Sak\u0131k, \u201ca\u00e7\u0131l\u0131m\u201d i\u00e7in \u201cSorun ger\u00e7ekten \u00e7\u00f6z\u00fclecekse ac\u0131m\u0131z\u0131 unutmaya haz\u0131r\u0131z\u201d diyor ve ekliyor: \u201cGe\u00e7mi\u015fin \u00fcst\u00fc \u00f6rt\u00fclecek, yeni bir sayfa a\u00e7\u0131lacak. Toplumca bir helalle\u015fme d\u00f6nemi olmal\u0131 bu. \u00d6len K\u00fcrt ve T\u00fcrk \u00e7ocuklar\u0131ndan bir \u00f6z\u00fcr dilemektir bu. Biz zaman zaman sert do\u011frular\u0131m\u0131zdan ka\u00e7\u0131n\u0131yoruz\u201d<\/p>\n<p style=\"text-align: justify;\">Bu sefer geri d\u00f6n\u00fclmeyecek bir noktada bar\u0131\u015f s\u00fcreci ya\u015fan\u0131yor K\u00fcrt sorunuyla ilgili. Herkes \u00e7ok umutlu ve inan\u00e7l\u0131. Ba\u015fbakan Tayyip Erdo\u011fan\u2019a g\u00fcveniyor musunuz?<\/p>\n<p style=\"text-align: justify;\">&#8211; G\u00fcvenmek istiyoruz. Dediklerinin arkas\u0131nda durmal\u0131. Ge\u00e7mi\u015ften bug\u00fcne kadar bakarsak, ne Demirel, ne Mesut Y\u0131lmaz, ne \u00c7iller, ne \u00d6zal bunu yapabildi. \u00c7iller \u201cBask Modeli\u201d demi\u015fti ama faili me\u00e7hullerin anas\u0131 oldu. Bu kadar g\u00fcvensiz bir zemini var bu i\u015fin. Say\u0131n Ba\u015fbakan da 2005\u2019te Diyarbak\u0131r\u2019da \u201cBu K\u00fcrt sorunu benim sorunumdur, \u00e7\u00f6zece\u011fiz\u201d dedi, 2009 Hakkari\u2019de de \u201cYa sev ya terk et\u201d noktas\u0131na geldi. <!--more-->Kendi milletvekilleri bile bunun yanl\u0131\u015f oldu\u011funu s\u00f6yledi. Kendi taban\u0131ndan itirazlar, tepkiler geldi. Ba\u015fbakan Yard\u0131mc\u0131s\u0131 Dengir Mir Mehmet F\u0131rat o g\u00fcnk\u00fc politika y\u00fcz\u00fcnden istifa etti. \u015eimdi gelinen noktan\u0131n ge\u00e7mi\u015fle \u00f6rt\u00fc\u015ft\u00fc\u011f\u00fcn\u00fc sanm\u0131yorum. Bu yeni bir d\u00f6nem, bunu biliyoruz. Ba\u015fbakan\u2019\u0131n bu projeden d\u00f6nme \u015fans\u0131 yok. D\u00f6nmemeli. S\u00f6zde de\u011fil \u00f6zde bir karde\u015flik projesi istiyoruz. Her kim ki \u00e7\u00f6z\u00fcm\u00fcn \u00f6n\u00fcnde engel olu\u015fturursa bunun vebali a\u011f\u0131rd\u0131r. H\u00fck\u00fcmetin bu proje i\u00e7in yapt\u0131\u011f\u0131 do\u011fru buldu\u011fumuz her\u015feyi destekleriz. Yanl\u0131\u015f bulduklar\u0131m\u0131z\u0131 da ele\u015ftiririz.<\/p>\n<p style=\"text-align: justify;\"><span style=\"color: #993300;\"><em><strong>\u2019\u00c7\u00f6z\u00fcm yeri parlamento\u2019 <\/strong><\/em><\/span><\/p>\n<p style=\"text-align: justify;\"><strong><em>\u00d6calan diyor ki: DTP de bu s\u00fcrece uymazsa a\u015f\u0131l\u0131r..<\/em><\/strong><\/p>\n<p style=\"text-align: justify;\"><a href=\"http:\/\/www.korhanyilmaz.com\/wp-content\/uploads\/2009\/08\/sanem_sirri.jpg\"  class=\"lightview\"><img loading=\"lazy\" decoding=\"async\" class=\"alignleft size-full wp-image-13905\" src=\"http:\/\/www.korhanyilmaz.com\/wp-content\/uploads\/2009\/08\/sanem_sirri.jpg\" alt=\"\" width=\"250\" height=\"378\" \/><\/a>&#8211; Do\u011fru s\u00f6yl\u00fcyor. MHP ve CHP i\u00e7in de s\u00f6yl\u00fcyor bunu. Bu s\u00fcre\u00e7te yer almayan siyasi partiler kaybolmaya mahkum. Y\u00fcrekli siyaset\u00e7ilere \u00f6nemli g\u00f6revler d\u00fc\u015f\u00fcyor. Oy ve siyasi \u00e7\u0131karlar u\u011fruna gen\u00e7lerimizin \u00f6l\u00fcm\u00fcne yol a\u00e7an poiltikalarda \u0131srar edilmemesi gerekir. Siyasi ve vicdani bir sorumluluk. \u0130ktidar partisi de k\u00fc\u00e7\u00fck hesaplar yaparsa yok olur gider. AKP bunu \u00e7\u00f6zerse tarihe alt\u0131n harflerle ad\u0131n\u0131 yazd\u0131racak. \u00c7\u00f6z\u00fcm yeri de parlamentodur. B\u00fct\u00fcn partilerin kat\u0131laca\u011f\u0131, \u00fczerinde konu\u015faca\u011f\u0131 bir yol haritas\u0131 \u00e7izmek laz\u0131m. MHP nedense b\u00f6yle onurlu bir i\u015fin i\u00e7inde olmaktansa d\u0131\u015f\u0131nda kalmak istiyor. Bah\u00e7eli\u2019ye, ac\u0131lar\u0131m\u0131z\u0131 oya d\u00f6n\u00fc\u015ft\u00fcrmek isteyenlere hepimiz ortak tepki g\u00f6stermeliyiz. Eminim ki T\u00fcrkiye\u2019deki bu ciddi konsensus bunlar\u0131 yenecek. MHP\u2019nin \u00fcslubu da bir tuhaf. Bu hakk\u0131 size kim veriyor? Kimi kimin ad\u0131na tehdit ediyorsunuz? Kendinizi askerin, polisin yerine nas\u0131l koyuyorsunuz? \u201cOnlar da\u011fdan inerse biz \u00e7\u0131kar\u0131z\u201d diyorlar. Bu ne bi\u00e7im vatanseverlik? Bu s\u00fcrecin i\u00e7inde MHP de olmal\u0131. Ele\u015ftirilerinizi s\u00f6yleyin ama s\u00fcrecin \u00f6n\u00fcnde durmay\u0131n. Bir ihanet laf\u0131 tutturmu\u015flar, o lafla hayat\u0131 dizayn etmeye \u00e7al\u0131\u015f\u0131yorlar ama art\u0131k deniz bitti. CHP\u2019yi anlamak zaten m\u00fcmk\u00fcn de\u011fil. CHP\u2019nin taban\u0131 Baykal gibi d\u00fc\u015f\u00fcnm\u00fcyor. Onlar parlamento grubunu ikna etmeli, etkilemeli bu duru\u015ftan vazge\u00e7irmeli. Baykal \u201cProjeyi bir g\u00f6reyim\u201d diyor. Zaten biz de diyoruz ki \u201cAKP\u2019nin tek ba\u015f\u0131na bir projesi varsa yanl\u0131\u015f olur, bunu hep beraber Meclis\u2019te tart\u0131\u015farak yapmal\u0131y\u0131z.\u201d Baykal burada akt\u00f6r olmal\u0131. Bu sorun sadece AKP ile DTP\u2019nin sorunu de\u011fil ki. Birbirimizden, \u00f6zg\u00fcrl\u00fcklerimizden korkmamal\u0131y\u0131z. K\u00fcrtlerin kimlik hakk\u0131 anayasal d\u00fczende g\u00fcvence alt\u0131na al\u0131n\u0131rsa bu b\u00f6l\u00fcnme de\u011fil tam tersine b\u00fct\u00fcnle\u015fmedir.<\/p>\n<p style=\"text-align: justify;\"><em><strong>Ama siz de \u0130mral\u0131\u2019dan gelecek yol haritas\u0131n\u0131 bekliyorsunuz de\u011fil mi? Bekledi\u011fimize de\u011fecek mi?<\/strong><\/em><\/p>\n<p style=\"text-align: justify;\">&#8211; Biz de gelecek mesajlar\u0131 \u00f6nemsiyoruz. Ger\u00e7ekten sorunu \u00e7\u00f6zecek bir \u015feyse oraya kulak verilmeli. Silahs\u0131z bir s\u00fcre\u00e7 i\u00e7in silahl\u0131 taraf\u0131 yok sayamazs\u0131n\u0131z. \u0130mral\u0131\u2019dan gelecek defteri bekliyoruz, h\u00fck\u00fcmet de bir an \u00f6nce bunun kamuoyuna yans\u0131mas\u0131na yard\u0131mc\u0131 olmal\u0131. Avukatlar\u0131 bilerek \u0130mral\u0131\u2019ya g\u00f6ndermiyorlar. Al\u0131p \u00f6nce bir kendileri bakmak istiyorlar san\u0131r\u0131m. Biz de d\u00fc\u015f\u00fcncelerimizi o gelecek defterlerden sonra belirlemek istiyoruz. Ama biz, d\u00fcnyan\u0131n da olumlu bir katk\u0131s\u0131 olacaksa buna a\u00e7\u0131\u011f\u0131z.<\/p>\n<p style=\"text-align: justify;\"><strong><em>Defterler hala bekleniyor ama bas\u0131na yans\u0131yan k\u0131sm\u0131yla bile tart\u0131\u015fmaya yol a\u00e7t\u0131. \u00d6calan ne diyor, ne istiyor? <\/em><\/strong><\/p>\n<p style=\"text-align: justify;\">&#8211; B\u00fct\u00fcn\u00fc beklemek laz\u0131m. Biz \u015funu s\u00f6yl\u00fcyoruz, \u2019ama\u2019s\u0131z demokrasi, e\u015fit kimlik, ifade ve \u00f6rg\u00fctlenme \u00f6zg\u00fcrl\u00fc\u011f\u00fc, ana dilde e\u011fitim. K\u00fcrt kimli\u011fine amas\u0131z-fakats\u0131z anayasal d\u00fczenleme. Di\u011fer kimlikler i\u00e7in de bunlar ge\u00e7erlidir. Yeni anasaya yap\u0131lmal\u0131d\u0131r, b\u00fct\u00fcn kimlikler g\u00fcvence alt\u0131nda olmal\u0131d\u0131r. K\u00fcrtlerin silahl\u0131 kanad\u0131 \u00e7ok a\u00e7\u0131k\u00e7a \u201c\u00dcniter yap\u0131ya zarar vermek istemiyoruz\u201d diyor. Birlikte ya\u015famak istiyoruz. Birbirimize sayg\u0131 duyaca\u011f\u0131m\u0131z bir \u00fcniter yap\u0131 ama.<\/p>\n<p style=\"text-align: justify;\"><span style=\"color: #993300;\"><strong><em>\u2018\u00c7\u00f6z\u00fcm\u00fcn ruhuna ayk\u0131r\u0131\u2019<\/em><\/strong><\/span><\/p>\n<p style=\"text-align: justify;\"><strong><em>\u00d6calan\u2019\u0131n c\u00fcmleleri aras\u0131nda savunma g\u00fcc\u00fc de vard\u0131. Bu ne demek?<br \/>\n<\/em><\/strong>\n<\/p>\n<p style=\"text-align: justify;\">-Yerel y\u00f6netimlerin g\u00fc\u00e7lenmesi noktas\u0131nda, kolluk g\u00fc\u00e7leri de olabilir\u201d diyor tahmin ediyorum. Ama b\u00fct\u00fcn\u00fcn\u00fc g\u00f6rmeden konu\u015fmak zor. B\u00fct\u00fcn\u00fc gelince mutlaka bir \u015fey s\u00f6yleyecek. Ankara\u2019n\u0131n hantal yap\u0131s\u0131n\u0131 yerellere da\u011f\u0131tmak. Herkes kendi diliyle kimli\u011fiyle kendisini ifade edecek, hatta kendi renkleriyle de kendisini ifade edecek. Bunlar bir halka l\u00fctuf de\u011fildir. Biz zaman zaman sert do\u011frular\u0131m\u0131zdan ka\u00e7\u0131n\u0131yoruz. Bu s\u00fcrecin zedelenmemesi i\u00e7in bazen b\u00f6yle ac\u0131lar\u0131m\u0131z\u0131 da\u011fl\u0131yoruz. Sava\u015fta bir kural vard\u0131r, yaray\u0131 da\u011flamak, ba\u015fka yere n\u00fcksetmesin diye. O vesileyle her s\u00f6zc\u00fc\u011f\u00fc \u00f6zenerek se\u00e7iyoruz. Hepimizin ac\u0131lar\u0131 var. Kar\u015f\u0131l\u0131kl\u0131 bir af. Neyi affediyoruz biz? Y\u0131llarca bu halka ac\u0131mas\u0131z politikalarla zul\u00fcm etmi\u015fsiniz, bu af olmaz ki, bu kar\u015f\u0131l\u0131kl\u0131 bir helalle\u015fme olur. \u00d6yle de olmal\u0131. Ge\u00e7mi\u015fin \u00fcst\u00fc \u00f6rt\u00fclecek, yeni bir sayfa a\u00e7\u0131lacak. Toplumca bir helalle\u015fme d\u00f6nemi olmal\u0131 bu. \u00d6len K\u00fcrt ve T\u00fcrk \u00e7ocuklar\u0131ndan bir \u00f6z\u00fcr dilemektir bu.<\/p>\n<p style=\"text-align: justify;\"><strong><em>T\u00fcrkler Kemalizm\u2019e tutkundur, K\u00fcrtlerin de \u201cizm\u201d i \u00d6calan m\u0131? Tart\u0131\u015f\u0131lmaz bir hali var Apo\u2019nun K\u00fcrtler aras\u0131nda. Kimse ele\u015ftiremiyor.<\/em><\/strong><\/p>\n<p style=\"text-align: justify;\">&#8211; \u00d6calan\u2019\u0131n K\u00fcrtler aras\u0131nda b\u00fcy\u00fck sayg\u0131nl\u0131\u011f\u0131 var. Etkinli\u011fi \u00e7ok b\u00fcy\u00fck. \u00d6calan\u2019\u0131n b\u00fct\u00fcn de\u011ferlerine de sahip \u00e7\u0131k\u0131yorlar. Bu \u00f6nemli bir nokta de\u011fil mi? \u00c7at\u0131\u015fan taraflar\u0131 yok sayarsan\u0131z, demokratik \u00e7\u00f6z\u00fcm\u00fcn d\u0131\u015f\u0131nda sorun yoktur derseniz, bu sorun k\u00f6kten \u00e7\u00f6z\u00fclemez ki. Akt\u00f6rlerini yok saymay\u0131n. \u00d6calan\u2019\u0131n silahl\u0131 g\u00fc\u00e7ler, T\u00fcrkiye K\u00fcrtleri \u00fczerinde b\u00fcy\u00fck bir etkisi var. Diaspora K\u00fcrtleri \u00fczerinde b\u00fcy\u00fck bir etkinli\u011fi var. \u201cBenimle diyalog kurarsan\u0131z ben bu kan\u0131 ve \u015fiddeti durdururum\u201d diyorsa, neden g\u00f6r\u00fc\u015f\u00fclmesin? Buna hay\u0131r demek, \u00e7\u00f6z\u00fcm\u00fcn ruhuna ayk\u0131r\u0131. Toplumsal uzla\u015f\u0131 gerekli. T\u00fcrkiye\u2019deki korku \u00e7emberinin k\u0131r\u0131lmas\u0131 laz\u0131m. Herkes beyninde bahar temizli\u011fi yapmal\u0131. \u00dclkemizi y\u0131llard\u0131 \u00fczerinde bulunan sava\u015f bulutlar\u0131 yerine art\u0131k bar\u0131\u015f meltemleri esmeli&#8230; Mesela, e\u011fer referandum yap\u0131lmak isteniyorsa, \u201cK\u00fcrtler ne istiyor?\u201d diye referandum yap\u0131labilir. Ama ayr\u0131l\u0131k temelinde de\u011fil, demokratik haklar temelinde. B\u00f6ylece K\u00fcrtler de s\u00fcrece dahil olur, iyi olur. Ama B\u00fcy\u00fckel\u00e7i\u2019nin dedi\u011fi ayr\u0131\u015fmay\u0131 g\u00fcndeme getiriyor. Bu s\u00fcre\u00e7te a\u011fz\u0131m\u0131zdan \u00e7\u0131kanlar\u0131 kontrol etmeliyiz.<\/p>\n<p style=\"text-align: justify;\"><em><strong><span style=\"color: #993300;\">\u2019\u00d6lmeye yatmak y\u00fcrek ister\u2019 <\/span><\/strong><\/em><\/p>\n<p style=\"text-align: justify;\"><strong><em>Peki, K\u00fcrtlerin t\u00fcm\u00fc bar\u0131\u015f\u0131 istiyor mu ger\u00e7ekten? Da\u011fdaki insanlar bar\u0131\u015f\u0131 destekliyorlar m\u0131?<br \/>\n<\/em><\/strong>\n<\/p>\n<p style=\"text-align: justify;\">&#8211; Bir karde\u015fim faili me\u00e7hul, ikisi hapiste, ikisi yurd\u0131\u015f\u0131nda. K\u0131z karde\u015fim da\u011fda \u00f6ld\u00fc. A\u011fabeyimin o\u011flu \u00f6ld\u00fcr\u00fcld\u00fc. Amcam\u0131n iki o\u011flu \u00f6ld\u00fcr\u00fcld\u00fc. Yani bedel \u00f6demeden konu\u015fan biri de\u011filim. \u015eehit ailelerini anl\u0131yorum. Onlar\u0131n ac\u0131s\u0131 benim ac\u0131md\u0131r. K\u00fcrtler \u00f6l\u00fcm\u00fc tercih ederek da\u011fa \u00e7\u0131km\u0131\u015f. \u00d6lmeye yatmak y\u00fcrek isteyen bir i\u015ftir. Hor g\u00f6r\u00fclecek bir i\u015f de\u011fildir. Ac\u0131lar\u0131 ka\u015f\u0131mak i\u00e7in s\u00f6ylemiyorum bunlar\u0131 ama K\u00fcrtlerin co\u011frafyas\u0131nda hi\u00e7bir g\u00fcn ola\u011fan bir rejim olmad\u0131. Hep ola\u011fand\u0131\u015f\u0131 bir rejim uyguland\u0131. \u00c7ok ac\u0131lar \u00e7ekildi. Ya\u015fananlar insan\u0131 daha \u00e7ok kimli\u011fine ba\u011flad\u0131. Da\u011fa \u00e7\u0131kman\u0131n temel felsefesi budur. Onuruna, kimli\u011fine sahip \u00e7\u0131kmak i\u00e7in yap\u0131yor bunu. Bu insanlara sald\u0131ran insanlara soruyorum, siz onlar gibi \u00f6l\u00fcme bedeninizi yat\u0131r\u0131r m\u0131s\u0131n\u0131z? Bar\u0131\u015f istiyorsak \u00f6nce birbirimizi anlamam\u0131z gerekiyor. Ben \u015fehit annelerini anl\u0131yorum. Nas\u0131l anlamam, ayn\u0131 ac\u0131y\u0131 \u00e7ekiyorum \u00e7\u00fcnk\u00fc. Ac\u0131lar aras\u0131na farklar koymayal\u0131m. Hareketimizin i\u00e7inde olan bir\u00e7ok arkada\u015f\u0131m\u0131z\u0131n yak\u0131nlar\u0131 ya da\u011fdad\u0131r ya cezaevindedir ya \u00f6lm\u00fc\u015ft\u00fcr. Asl\u0131nda her K\u00fcrt\u2019\u00fcn bir yak\u0131n\u0131 mutlaka b\u00f6yledir. Bir \u00e7o\u011fumuz tesad\u00fcfler sonucu ya\u015f\u0131yoruz. \u00d6yle hesaps\u0131z-kitaps\u0131z katliamlar yap\u0131ld\u0131 ki. \u00c7ok masum insan \u00f6ld\u00fcrd\u00fcler. Onlar \u00f6ld\u00fc, bizim bin kez \u00f6lmemiz laz\u0131md\u0131 ama \u00f6lmedik i\u015fte. Her \u015feye ra\u011fmen ya\u015fam \u00e7ok g\u00fczel. \u00c7ok ac\u0131lar g\u00f6rd\u00fcm inan\u0131n ama yine de bunu inanarak s\u00f6yl\u00fcyorum. \u00d6lmek benim g\u00f6rd\u00fc\u011f\u00fcm ac\u0131lar i\u00e7inde en hafifidir. \u0130nsanlar\u0131 kendi topra\u011f\u0131ndan silah zoruyla \u00e7\u0131kar\u0131p atmak, k\u00f6ylerini yakmak&#8230; Bu devletin ad\u0131 hukuk devleti olamaz ya. Ama en \u00e7ok ac\u0131y\u0131 \u00e7eken en \u00e7ok bar\u0131\u015f\u0131 isteyendir K\u00fcrtler aras\u0131nda. Kin g\u00fctmez K\u00fcrtler.. Bar\u0131\u015f istiyorlar \u00e7\u00fcnk\u00fc. Ac\u0131lar dinsin istiyoruz \u00e7\u00fcnk\u00fc. Sorun ger\u00e7ekten \u00e7\u00f6z\u00fclecekse ac\u0131m\u0131z\u0131 unutmaya haz\u0131r\u0131z. Bu s\u00fcre\u00e7te de zaten ac\u0131m\u0131z\u0131 da\u011fl\u0131yoruz biz, \u00e7ok s\u00f6ylenecek s\u00f6z var ama susuyoruz \u00e7\u00fcnk\u00fc ge\u00e7mi\u015fe tak\u0131lmak i\u015fimize yaramaz. Sert do\u011frular\u0131m\u0131zdan ka\u00e7\u0131yoruz.<\/p>\n<p style=\"text-align: justify;\"><strong><em><span style=\"color: #993300;\">Arkada\u015flar\u0131m\u0131zda \u00e7ak\u0131 bile \u00e7\u0131kmad\u0131<\/span><\/em><\/strong><\/p>\n<p style=\"text-align: justify;\">* DTP, Meclis\u2019te grubu olmas\u0131na ra\u011fmen Hazine\u2019den pay alm\u0131yor. Bu bile K\u00fcrtler ile T\u00fcrklerin e\u015fit olmad\u0131\u011f\u0131n\u0131 g\u00f6stermeye yetecek bir \u015fey. Bunu da i\u00e7lerine sindirebiliyorlar. Bir taraftan \u201cbar\u0131\u015f\u201d diyorlar, \u201cdemokratik zeminde siyaset\u201d diyorlar. Ama y\u00f6neticilerimiz apar topar i\u00e7eriye al\u0131nabiliyor. 300-400 y\u00f6neticimiz i\u00e7erde. Hi\u00e7 kimse ses \u00e7\u0131karm\u0131yor. \u0130\u00e7 bar\u0131\u015fla ilgili ad\u0131m at\u0131lacaksa ilk \u00f6nce bu arkada\u015flar\u0131m\u0131z serbest b\u0131rak\u0131lmal\u0131. Ergenekon\u2019la ilgili yakalananlar\u0131n bir \u00e7o\u011funun evinde m\u00fchimmat \u00e7\u0131kt\u0131. Bizim arkada\u015flar\u0131m\u0131zda \u00e7ak\u0131 bile \u00e7\u0131kmad\u0131, \u00e7ak\u0131.<\/p>\n<p style=\"text-align: justify;\"><strong><em>Ceza alan birinin ad\u0131 neden k\u0131\u015flada?<\/em><\/strong><\/p>\n<p style=\"text-align: justify;\">* Mustafa Mu\u011flal\u0131, 33 K\u00fcrt\u2019\u00fc \u00f6ld\u00fcr\u00fcp ceza alan birinin ad\u0131, ne hakla k\u0131\u015flaya veriliyor. Belediye ba\u015fkan\u0131m\u0131z o k\u0131\u015flan\u0131n \u00f6n\u00fcne bir heykel dikece\u011fini s\u00f6yledi. Ertu\u011frul \u00d6zk\u00f6k diyor ki: \u201cBu s\u00fcre\u00e7te bu olmamal\u0131.\u201d Do\u011fru, olmamal\u0131. Ama bu kadar da tek tarafl\u0131 bir bak\u0131\u015f olabilir mi? H\u00fcrriyet\u2019in logosunda \u201cT\u00fcrkiye T\u00fcrklerindir\u201d yaz\u0131yor. Mesela H\u00fcrriyet bu noktada bir \u00e7\u0131k\u0131\u015f yapabilir, bu slogan\u0131 de\u011fi\u015ftirir. Bu iklimi yumu\u015fatmak ad\u0131na. Belediye ba\u015fkan\u0131m\u0131zdan bunu beklemek g\u00fczel ama H\u00fcrriyet de bu \u00f6nerdi\u011fimi yaparsa emin olun ki tabular k\u0131r\u0131l\u0131r, s\u00fcrece m\u00fcthi\u015f katk\u0131 olur. Bunlar olursa karde\u015fli\u011fimiz b\u00fct\u00fcnle\u015fir.<\/p>\n<p style=\"text-align: justify;\"><strong><em><span style=\"color: #993300;\">Sava\u015f\u0131n kimseye yarar\u0131 yok<\/span><\/em><\/strong><\/p>\n<p style=\"text-align: justify;\">* Ba\u015fbakan Yard\u0131mc\u0131s\u0131 Cemil \u00c7i\u00e7ek \u201cBu sava\u015fa 1 trilyon dolar harcand\u0131\u201d diyor. Ba\u015fbakan\u2019\u0131n dan\u0131\u015fman\u0131na g\u00f6re ise 450 milyar dolar. 450 milyar dolar, 500 katrilyon ediyormu\u015f, yok edilen ya da tutuklanan bir PKK\u2019l\u0131 i\u00e7in 15 trilyon para harcanm\u0131\u015f. Kimin ne hakk\u0131 var buna? Bir halk\u0131n dilini, kimli\u011fini yok etmek ad\u0131na bir \u00fclkenin paras\u0131n\u0131 b\u00f6yle kullanmaya. Hepimiz ortak bi\u00e7imde ayaklanmal\u0131y\u0131z. Bu sava\u015f\u0131n kimseye yarar\u0131 yok. \u015eiddet \u00fczerinden politika yapanlardan bunun hesab\u0131n\u0131 sormal\u0131y\u0131z. Ergenekon\u2019dan, Demirel\u2019den, \u00c7iller\u2019den daha iyi kim bilebilir bunu! O d\u00f6nem \u00c7iller\u2019le Ergenekon nas\u0131l i\u00e7 i\u00e7eydi? \u201cErgenekon\u2019un avukat\u0131y\u0131m\u201d diyen CHP\u2019ye bunu soruyorum.<\/p>\n<p style=\"text-align: justify;\">20 bin faili me\u00e7hul var, 3 bin k\u00f6y yak\u0131ld\u0131. \u00c7iller o d\u00f6nem demi\u015fti ki \u201cK\u00f6yleri Afganistan ve Pakistan\u2019dan gelen helikopterler yakt\u0131.\u201d Kimse de \u00e7\u0131k\u0131p \u201cYahu sen bostan korkulu\u011fu de\u011fil Ba\u015fbakan\u2019s\u0131n. Afgan u\u00e7aklar\u0131 gelip senin k\u00f6y\u00fcn\u00fc yak\u0131yorsa sen nap\u0131yorsun?\u201d Sonra \u00e7eviriyordu, \u201cPKK yakt\u0131\u201d diyordu. Demirel mesela \u201cDevlet rutinin d\u0131\u015f\u0131na \u00e7\u0131kabilir\u201d diyordu.<\/p>\n<p style=\"text-align: justify;\"><strong><em><span style=\"color: #993300;\">\u2018\u015eemdin\u2019in Tuncay G\u00fcney\u2019le ili\u015fkisi var\u2019<\/span><\/em><\/strong><\/p>\n<p style=\"text-align: justify;\">* \u015eemdin Sak\u0131k, ne yapt\u0131\u011f\u0131n\u0131 bilmiyor. \u00dcz\u00fcl\u00fcyorum. B\u00fct\u00fcn s\u00f6yledikleri yalan. Bug\u00fcn uygulad\u0131klar\u0131 bir strateji bu. \u015eemdin\u2019i kimlerin kulland\u0131\u011f\u0131n\u0131 da biliyorum. Ge\u00e7mi\u015fte de g\u00f6rd\u00fck bunu. Servis edilen a\u00e7\u0131klamalar\u0131n\u0131 hepimiz biliyoruz. Bunlar niye oluyor, onun da fark\u0131nday\u0131z. Ergenekon \u00e7etelerinin uzant\u0131s\u0131 olarak bu tip mesajlar kamuoyuna yans\u0131yor. \u015eemdin Sak\u0131k bir ara \u00d6calan\u2019la ilgili bir \u015feyler s\u00f6yl\u00fcyordu i\u00e7erden, o tutmad\u0131. PKK ile aras\u0131nda sorunlar olabilir ama 18 y\u0131l da\u011fda niye kal\u0131yorsan, ona uygun ad\u0131mlar atmal\u0131s\u0131n. Bir nedeni vard\u0131 o yola inanman\u0131n. Dik duru\u015f sa\u011flas\u0131n diye t\u00fcm aile destek oldu \u015eemdin\u2019e o and\u0131\u00e7 meselesinde. \u00dcstelik benim de ad\u0131m vard\u0131 o listede. Avukatlar g\u00f6nderiyorduk,onlar\u0131 koval\u0131yordu. Yard\u0131m etmek i\u00e7in t\u00fcm aile u\u011fra\u015ft\u0131. Tuhaf tuhaf \u015feyler yapt\u0131. Zaten orada koptu bizim ili\u015fkimiz.<\/p>\n<p style=\"text-align: justify;\">Adalet Bakan\u0131\u2019yla konu\u015ftum. Mektuplar\u0131 bu kadar kontrols\u00fcz bas\u0131n toplant\u0131s\u0131 tarz\u0131nda nas\u0131l \u00e7\u0131k\u0131yor oradan. Ba\u015fka h\u00fck\u00fcml\u00fclerin bu \u015fans\u0131 var m\u0131? \u201cHemen soru\u015fturma a\u00e7t\u0131m\u201d dedi Bakan. Eminim ben o cezaevi m\u00fcd\u00fcr\u00fc ve Tuncay G\u00fcney\u2019le ili\u015fkisi var \u015eemdin\u2019in, o Tuncay\u2019\u0131n da Veli K\u00fc\u00e7\u00fck\u2019le. \u00d6rg\u00fctl\u00fc bir \u015fekilde bir sald\u0131r\u0131 var bize. \u0130\u00e7erdeki belli birimler bize sald\u0131rt\u0131yor.<\/p>\n<p style=\"text-align: justify;\">Tabii \u015eemdin\u2019de de b\u00fcy\u00fck su\u00e7 var. Da\u011fdayken de bu tip gelgitleri oluyordu. Elimde o kadar \u00e7ok \u00f6z\u00fcr dileyen mektuplar\u0131 var ki! Ama bunlar\u0131 hak etmiyoruz. \u015eemdin\u2019in tercih etti\u011fi yol, do\u011fru yol de\u011fil. Birlikte hareket etti\u011fi insanlar do\u011fru insanlar de\u011fil. Bizim mal varl\u0131\u011f\u0131m\u0131z\u0131n hepsi Mu\u015f\u2019ta duruyor. Babam hayattayken karde\u015fler aras\u0131nda mallar\u0131 b\u00f6ld\u00fc. Kimine k\u00f6yde arazi, kimine Mu\u015f\u2019un i\u00e7inde d\u00fc\u015ft\u00fc. Birbirine g\u00f6re haks\u0131zl\u0131k olmu\u015f olabilir. Ama bizim gibi feodal yap\u0131larda ne hakkaniyetiyle olur ki, 18 karde\u015fim ben. Sevgiyi e\u015fit alamazs\u0131n ki o kalabal\u0131kta. Ama biz birbirine ba\u011fl\u0131 bir aileydik. Kuvvetli bir aileydik. 3 annem var benim. Babam\u0131n birinci e\u015fi annem. \u015eemdin\u2019le benim aramda, san\u0131yorum 3-4 ay var. \u0130kinci annemden o. 18 ya\u015f\u0131na kadar bir evde b\u00fcy\u00fcd\u00fck. Mu\u015f\u2019ta daireler yapt\u0131rd\u0131m, arazimizde hakk\u0131 olmayana bile 2\u2019\u015fer daire verdim oradan. Biz Mu\u015f\u2019un en varl\u0131kl\u0131 ailesiyiz. Tabii sava\u015ftan sonra en ma\u011fdur ailesi durumuna d\u00fc\u015ft\u00fck. Ergenekon o d\u00f6nem Mu\u015f\u2019ta otelimizi haks\u0131z bir \u015fekilde gasp edip elimizden ald\u0131, kap\u0131s\u0131na kilit vurdu. Bu i\u015flerin mimar\u0131 Mehmet A\u011far\u2019d\u0131r. Ben milletvekiliydim, Mehmet A\u011far beni tehdit etti a\u00e7\u0131k a\u00e7\u0131k. Ma\u011fdur etmeye, sindirmeye \u00e7al\u0131\u015ft\u0131. Ama bizim aile zul\u00fcmlere hi\u00e7bir g\u00fcn boyun e\u011fmemi\u015ftir. Hep dik y\u00fcr\u00fcd\u00fck. Bu tip yolculuklara \u00e7\u0131karken biz biliriz geri d\u00f6n\u00fcp bak\u0131lmayaca\u011f\u0131n\u0131, ac\u0131 \u00e7ekmeden ba\u015far\u0131ya gidilmeyece\u011fini. Bizim m\u00fccadelemizi ta\u015flamak i\u00e7in \u015eemdin\u2019i kullan\u0131yorlar.<\/p>\n<p style=\"text-align: justify;\"><strong><em>\u015eemdin Sak\u0131k ne demi\u015fti?<\/em><\/strong><\/p>\n<p style=\"text-align: justify;\">Halen Diyarbak\u0131r E Tipi Ceza \u0130nfaz Kurumu\u2019nda bulunan \u015eemdin Sak\u0131k, ge\u00e7en haftalarda karde\u015fi S\u0131rr\u0131 Sak\u0131k\u2019la ilgili \u015f\u00f6yle konu\u015fmu\u015ftu: \u201c\u00dcvey karde\u015flerimin, \u00f6zellikle S\u0131rr\u0131 Sak\u0131k\u2019\u0131n g\u00fcnl\u00fck hovardaca harcamalar\u0131 bizim terk edilmi\u015f aile olarak ayl\u0131k ge\u00e7im b\u00fct\u00e7emizden fazla idi. O alt\u0131nda 300-400 bin liral\u0131k pahal\u0131 ciplerle g\u00fcn\u00fcn\u00fc g\u00fcn ederken biz karn\u0131m\u0131z\u0131 doyurmak i\u00e7in ekmek bulam\u0131yorduk. O g\u00fcnlerin bilin\u00e7alt\u0131 \u00f6fkesidir ki S\u0131rr\u0131 Sak\u0131k ile ilgili ne zaman bir TV program\u0131 rastlasam bindi\u011fi u\u00e7a\u011f\u0131n par\u00e7alanmas\u0131n\u0131 ve onun da yok olmas\u0131n\u0131 hayal ederim.\u201d<\/p>\n<p style=\"text-align: justify;\"><span style=\"color: #808080;\">Kaynak : Sanem Altan &#8211; Vatan<\/span><\/p>\n","protected":false},"excerpt":{"rendered":"<p style=\"text-align: justify;\">DTP Mu\u015f Milletvekili S\u0131rr\u0131 Sak\u0131k, Sanem Altan&#8217;a konu\u015ftu. <\/p>\n<p style=\"text-align: justify;\">DTP\u2019li S\u0131rr\u0131 Sak\u0131k, \u201ca\u00e7\u0131l\u0131m\u201d i\u00e7in \u201cSorun ger\u00e7ekten \u00e7\u00f6z\u00fclecekse ac\u0131m\u0131z\u0131 unutmaya haz\u0131r\u0131z\u201d diyor ve ekliyor: \u201cGe\u00e7mi\u015fin \u00fcst\u00fc \u00f6rt\u00fclecek, yeni bir sayfa a\u00e7\u0131lacak. Toplumca bir helalle\u015fme d\u00f6nemi olmal\u0131 bu. \u00d6len K\u00fcrt ve T\u00fcrk \u00e7ocuklar\u0131ndan bir \u00f6z\u00fcr dilemektir bu. Biz zaman zaman sert do\u011frular\u0131m\u0131zdan ka\u00e7\u0131n\u0131yoruz\u201d<\/p>\n","protected":false},"author":1,"featured_media":0,"comment_status":"open","ping_status":"closed","sticky":false,"template":"","format":"standard","meta":{"footnotes":""},"categories":[105],"tags":[],"class_list":["post-13903","post","type-post","status-publish","format-standard","hentry","category-gundem","odd"],"_links":{"self":[{"href":"http:\/\/www.korhanyilmaz.com\/index.php?rest_route=\/wp\/v2\/posts\/13903","targetHints":{"allow":["GET"]}}],"collection":[{"href":"http:\/\/www.korhanyilmaz.com\/index.php?rest_route=\/wp\/v2\/posts"}],"about":[{"href":"http:\/\/www.korhanyilmaz.com\/index.php?rest_route=\/wp\/v2\/types\/post"}],"author":[{"embeddable":true,"href":"http:\/\/www.korhanyilmaz.com\/index.php?rest_route=\/wp\/v2\/users\/1"}],"replies":[{"embeddable":true,"href":"http:\/\/www.korhanyilmaz.com\/index.php?rest_route=%2Fwp%2Fv2%2Fcomments&post=13903"}],"version-history":[{"count":0,"href":"http:\/\/www.korhanyilmaz.com\/index.php?rest_route=\/wp\/v2\/posts\/13903\/revisions"}],"wp:attachment":[{"href":"http:\/\/www.korhanyilmaz.com\/index.php?rest_route=%2Fwp%2Fv2%2Fmedia&parent=13903"}],"wp:term":[{"taxonomy":"category","embeddable":true,"href":"http:\/\/www.korhanyilmaz.com\/index.php?rest_route=%2Fwp%2Fv2%2Fcategories&post=13903"},{"taxonomy":"post_tag","embeddable":true,"href":"http:\/\/www.korhanyilmaz.com\/index.php?rest_route=%2Fwp%2Fv2%2Ftags&post=13903"}],"curies":[{"name":"wp","href":"https:\/\/api.w.org\/{rel}","templated":true}]}}