{"id":13900,"date":"2009-08-23T17:50:54","date_gmt":"2009-08-23T14:50:54","guid":{"rendered":"http:\/\/www.korhanyilmaz.com\/?p=13900"},"modified":"2009-08-23T17:50:54","modified_gmt":"2009-08-23T14:50:54","slug":"2002de-turkiyede-darbe-yapildi","status":"publish","type":"post","link":"http:\/\/www.korhanyilmaz.com\/?p=13900","title":{"rendered":"2002&#039;de T\u00fcrkiye&#039;de darbe yap\u0131ld\u0131!"},"content":{"rendered":"<p><a href=\"http:\/\/www.korhanyilmaz.com\/wp-content\/uploads\/2009\/08\/darbe2000.jpg\"  class=\"lightview\"><img loading=\"lazy\" decoding=\"async\" class=\"aligncenter size-full wp-image-13899\" src=\"http:\/\/www.korhanyilmaz.com\/wp-content\/uploads\/2009\/08\/darbe2000.jpg\" alt=\"\" width=\"320\" height=\"100\" \/><\/a><\/p>\n<p style=\"text-align: justify;\">\u0130\u015f\u00e7i Partisi&#8217;nden Hilmi \u00d6zk\u00f6k&#8217;e a\u011f\u0131r su\u00e7lama.<\/p>\n<p style=\"text-align: justify;\">\u0130\u015f\u00e7i Partisi (\u0130P) Genel Ba\u015fkan Yard\u0131mc\u0131s\u0131 Hasan Basri \u00d6zbey, 2002&#8217;de T\u00fcrkiye&#8217;de bir darbe ya\u015fand\u0131\u011f\u0131n\u0131 ileri s\u00fcrerek, &#8221;Hilmi \u00d6zk\u00f6k, bu darbenin ba\u015frol\u00fcnde g\u00f6rev alm\u0131\u015ft\u0131r&#8221; dedi.<\/p>\n<p style=\"text-align: justify;\">\u00d6zbey, \u0130P \u0130stanbul \u0130l Ba\u015fkanl\u0131\u011f\u0131nda d\u00fczenledi\u011fi bas\u0131n toplant\u0131s\u0131nda, T\u00fcrkiye&#8217;nin darbe iddialar\u0131yla \u00e7alkaland\u0131\u011f\u0131n\u0131, bunun \u00fczerine iddianameler haz\u0131rland\u0131\u011f\u0131n\u0131 s\u00f6yledi.<\/p>\n<p style=\"text-align: justify;\">T\u00fcrk ordusunun komutanlar\u0131n\u0131n ve yurtsever ayd\u0131nlar\u0131n darbecilikle su\u00e7land\u0131\u011f\u0131n\u0131 ifade eden \u00d6zbey, &#8221;2002&#8217;de T\u00fcrkiye&#8217;de bir darbe ya\u015fanm\u0131\u015ft\u0131r. Hilmi \u00d6zk\u00f6k, bu darbenin ba\u015frol\u00fcnde g\u00f6rev alm\u0131\u015ft\u0131r. T\u00fcrk ordusuna darbe yap\u0131lm\u0131\u015ft\u0131r. Ecevit H\u00fck\u00fcmeti da\u011f\u0131t\u0131lm\u0131\u015ft\u0131r. Erdo\u011fan-G\u00fcl ekibi h\u00fck\u00fcmet koltuklar\u0131na oturtulmu\u015ftur. Darbenin planlay\u0131c\u0131s\u0131 Amerika&#8217;d\u0131r&#8221; iddialar\u0131nda bulundu. <!--more--><\/p>\n<p style=\"text-align: justify;\">Hasan Basri \u00d6zbey, 10 Temmuz 2003 tarihinde, &#8221;haftal\u0131k arz&#8221;da, d\u00f6nemin M\u0130T M\u00fcste\u015far\u0131 \u015eenkal Atasagun taraf\u0131ndan \u00d6zk\u00f6k&#8217;e resmile\u015ftirilerek baz\u0131 rapor ve \u015femalar\u0131n verildi\u011fini \u00f6ne s\u00fcrd\u00fc. S\u00f6z konusu raporlar\u0131n kurum kay\u0131tlar\u0131na ge\u00e7irilmedi\u011fini ileri s\u00fcren \u00d6zbey, bunun nedeninin \u00d6zk\u00f6k taraf\u0131ndan cevaplanmas\u0131 gerekti\u011fini kaydetti. \u00d6zbey, &#8221;\u00d6zk\u00f6k, M\u0130T taraf\u0131ndan g\u00f6nderilen bu rapor ve \u015femalar\u0131 gayriresmi olarak kimlere iletti? D\u00f6nemin Cumhurba\u015fkan\u0131 ve Ba\u015fbakan\u0131&#8217;na bilgi verdi mi?&#8221; diye konu\u015ftu.<\/p>\n<p><span style=\"color: #888888;\">Kaynak : Vatan<\/span><\/p>\n","protected":false},"excerpt":{"rendered":"<\/p>\n<p style=\"text-align: justify;\">\u0130\u015f\u00e7i Partisi&#8217;nden Hilmi \u00d6zk\u00f6k&#8217;e a\u011f\u0131r su\u00e7lama.<\/p>\n<p style=\"text-align: justify;\">\u0130\u015f\u00e7i Partisi (\u0130P) Genel Ba\u015fkan Yard\u0131mc\u0131s\u0131 Hasan Basri \u00d6zbey, 2002&#8217;de T\u00fcrkiye&#8217;de bir darbe ya\u015fand\u0131\u011f\u0131n\u0131 ileri s\u00fcrerek, &#8221;Hilmi \u00d6zk\u00f6k, bu darbenin ba\u015frol\u00fcnde g\u00f6rev alm\u0131\u015ft\u0131r&#8221; dedi.<\/p>\n<p style=\"text-align: justify;\">\u00d6zbey, \u0130P \u0130stanbul \u0130l Ba\u015fkanl\u0131\u011f\u0131nda d\u00fczenledi\u011fi bas\u0131n toplant\u0131s\u0131nda, T\u00fcrkiye&#8217;nin darbe iddialar\u0131yla \u00e7alkaland\u0131\u011f\u0131n\u0131, bunun \u00fczerine iddianameler haz\u0131rland\u0131\u011f\u0131n\u0131 s\u00f6yledi.<\/p>\n<p  \n\n","protected":false},"author":1,"featured_media":0,"comment_status":"open","ping_status":"closed","sticky":false,"template":"","format":"standard","meta":{"footnotes":""},"categories":[105],"tags":[],"class_list":["post-13900","post","type-post","status-publish","format-standard","hentry","category-gundem","odd"],"_links":{"self":[{"href":"http:\/\/www.korhanyilmaz.com\/index.php?rest_route=\/wp\/v2\/posts\/13900","targetHints":{"allow":["GET"]}}],"collection":[{"href":"http:\/\/www.korhanyilmaz.com\/index.php?rest_route=\/wp\/v2\/posts"}],"about":[{"href":"http:\/\/www.korhanyilmaz.com\/index.php?rest_route=\/wp\/v2\/types\/post"}],"author":[{"embeddable":true,"href":"http:\/\/www.korhanyilmaz.com\/index.php?rest_route=\/wp\/v2\/users\/1"}],"replies":[{"embeddable":true,"href":"http:\/\/www.korhanyilmaz.com\/index.php?rest_route=%2Fwp%2Fv2%2Fcomments&post=13900"}],"version-history":[{"count":0,"href":"http:\/\/www.korhanyilmaz.com\/index.php?rest_route=\/wp\/v2\/posts\/13900\/revisions"}],"wp:attachment":[{"href":"http:\/\/www.korhanyilmaz.com\/index.php?rest_route=%2Fwp%2Fv2%2Fmedia&parent=13900"}],"wp:term":[{"taxonomy":"category","embeddable":true,"href":"http:\/\/www.korhanyilmaz.com\/index.php?rest_route=%2Fwp%2Fv2%2Fcategories&post=13900"},{"taxonomy":"post_tag","embeddable":true,"href":"http:\/\/www.korhanyilmaz.com\/index.php?rest_route=%2Fwp%2Fv2%2Ftags&post=13900"}],"curies":[{"name":"wp","href":"https:\/\/api.w.org\/{rel}","templated":true}]}}