{"id":13892,"date":"2009-08-23T11:56:28","date_gmt":"2009-08-23T08:56:28","guid":{"rendered":"http:\/\/www.korhanyilmaz.com\/?p=13892"},"modified":"2009-08-23T11:56:28","modified_gmt":"2009-08-23T08:56:28","slug":"milli-goruste-derin-catlak","status":"publish","type":"post","link":"http:\/\/www.korhanyilmaz.com\/?p=13892","title":{"rendered":"Milli G\u00f6r\u00fc\u015f&#039;te derin \u00e7atlak!"},"content":{"rendered":"<p style=\"text-align: center;\"><a href=\"http:\/\/www.korhanyilmaz.com\/wp-content\/uploads\/2009\/08\/numan_kurtulmus.jpg\"  class=\"lightview\"><img loading=\"lazy\" decoding=\"async\" class=\"aligncenter size-full wp-image-13893\" src=\"http:\/\/www.korhanyilmaz.com\/wp-content\/uploads\/2009\/08\/numan_kurtulmus.jpg\" alt=\"\" width=\"445\" height=\"218\" \/><\/a><\/p>\n<p style=\"text-align: justify;\">SP lideri Numan Kurtulmu\u015f\u2019un AKP\u2019nin \u2019K\u00fcrt a\u00e7\u0131l\u0131m\u0131\u2019na destek vermesi Necmettin Erbakan\u2019\u0131 k\u0131zd\u0131rd\u0131. Erbakan, \u201cBu bir \u0130srail oyunu. Memleket evlatlar\u0131 bu konuda uyan\u0131k olmal\u0131\u201d dedi.<\/p>\n<p style=\"text-align: justify;\"><strong><em>Milli G\u00f6r\u00fc\u015f\u2019te derin \u00e7atlak!<\/em><\/strong><\/p>\n<p style=\"text-align: justify;\">Genel Ba\u015fkan Kurtulmu\u015f, AKP\u2019nin \u2019K\u00fcrt a\u00e7\u0131l\u0131m\u0131\u2019na destek verirken partinin kurucusu Erbakan, kar\u015f\u0131 \u00e7\u0131kt\u0131: Bu bir \u0130srail oyunu. Yeterli devlet tecr\u00fcbeleri yok, \u00e7oluk \u00e7ocuk tak\u0131m\u0131.<\/p>\n<p style=\"text-align: justify;\">H\u00fck\u00fcmetin \u2019K\u00fcrt a\u00e7\u0131l\u0131m\u0131\u2019 Saddet Partisi\u2019ni kar\u0131\u015ft\u0131rd\u0131. Genel Ba\u015fkan Numan Kurtulmu\u015f, AKP\u2019nin plan\u0131na tam destek verirken partinin kurucusu ve eski ba\u015fbakan Necmettin Erbakan, ate\u015f p\u00fcsk\u00fcrd\u00fc. Bal\u0131kesir\u2019in Edremit \u0130l\u00e7esi\u2019ne ba\u011fl\u0131 Alt\u0131noluk Beldesi\u2019ndeki yazl\u0131\u011f\u0131nda dinlenen Necmettin Erbakan, Ayval\u0131burun Camii\u2019nde k\u0131ld\u0131\u011f\u0131 cuma namaz\u0131 sonras\u0131nda, kameriyede oturup geleneksel cuma sohbetini yapt\u0131. \u2019K\u00fcrt a\u00e7\u0131l\u0131m\u0131\u2019ndaki as\u0131l amac\u0131n T\u00fcrkiye\u2019yi \u0130srail\u2019in vilayeti yapmak oldu\u011funu kaydeden Erbakan, b\u00fct\u00fcn memleket evlatlar\u0131n\u0131n da bu konuda uyan\u0131k olmas\u0131 gerekti\u011fi \u00e7a\u011fr\u0131s\u0131n\u0131 yapt\u0131. <!--more--><\/p>\n<p style=\"text-align: justify;\"><strong><em>Oyuna geliyorlar&#8230;<\/em><\/strong><\/p>\n<p style=\"text-align: justify;\">H\u00fck\u00fcmetin de bu oyuna geldi\u011fini belirten Erbakan, \u201cBunlarda yeterli devlet tecr\u00fcbesi yok. Bunlar \u00e7oluk \u00e7ocuk tak\u0131m\u0131. Avrupa\u2019n\u0131n oyununa geliyorlar. B\u00f6yle T\u00fcrk-K\u00fcrt diye, ayr\u0131m diye bir meselemiz yok. K\u00fcrt-T\u00fcrk birbirimizin karde\u015fiyiz. Tek bir milletiz, tek bir \u00fcmmetiz\u201d dedi. SP Genel Ba\u015fkan\u0131 Numan Kurtulmu\u015f, \u2019K\u00fcrt a\u00e7\u0131l\u0131m\u0131\u2019konusunda her t\u00fcrl\u00fc sorumlulu\u011fu ifa etmeye haz\u0131r olduklar\u0131n\u0131 a\u00e7\u0131klam\u0131\u015ft\u0131. \u201cAyn\u0131 medeniyet ve inanc\u0131n mensubuyuz\u201d diyen SP lideri, \u201cBu \u00fclkede hi\u00e7 kimse hi\u00e7bir nedenle \u00fcst\u00fcn de\u011fildir ve birinci s\u0131n\u0131f vatanda\u015f de\u011fildir. Hi\u00e7bir kimse hi\u00e7bir nedenle etnik ve mezhep gerek\u00e7esiyle ikinci s\u0131n\u0131f insan olarak g\u00f6sterilemez\u201d ifadesini kullanm\u0131\u015ft\u0131. Parti olarak milletin birli\u011fi ve dirli\u011fi i\u00e7in \u00e7al\u0131\u015ft\u0131klar\u0131n\u0131 ifade eden Kurtulmu\u015f, \u201cSaadet Partisi, her zaman \u00f6zg\u00fcrl\u00fcklerin ve insan haklar\u0131n\u0131n teminat\u0131 oldu. \u00d6zg\u00fcr bir \u015fekilde ve adaletle y\u00f6netilen, refah i\u00e7inde ya\u015fayan g\u00fc\u00e7l\u00fc birliktelikler \u00fczerine kurulmu\u015f bir \u00fclke arzuluyoruz. Sorunlar\u0131n ceberut devlet y\u00f6ntemleriyle de\u011fil, adil ve merhametli devlet anlay\u0131\u015f\u0131yla \u00e7\u00f6z\u00fclmesini istiyoruz. \u00c7\u00f6z\u00fcm i\u00e7in ortaya at\u0131lan her t\u00fcrl\u00fc iyi niyet giri\u015fimini sonuna kadar destekliyoruz ve bu noktada da rol almaya haz\u0131r\u0131z. Her zaman oldu\u011fu gibi \u00f6nc\u00fc olmaya devam edece\u011fiz\u201d diye konu\u015fmu\u015ftu.<\/p>\n<p style=\"text-align: justify;\"><em><strong>Devlet \u00f6z\u00fcr dilesin<\/strong><\/em><\/p>\n<p style=\"text-align: justify;\">Saadet Partisi Genel Ba\u015fkan\u0131 Kurtulmu\u015f, \u015funlar\u0131 dile getirmi\u015fti: \u201cT\u00fcrkiye 30 y\u0131ld\u0131r binlerce vatan evlad\u0131n\u0131 kaybetti\u011fi, y\u00fcz milyarlarca dolar ciddi bir gelir kayb\u0131na neden olan anlams\u0131z kirli bir sava\u015fla kar\u015f\u0131 kar\u015f\u0131yad\u0131r. Bu s\u00fcre\u00e7le ilgili g\u00f6r\u00fc\u015flerimizi ifade ettik. Biz samimi olarak bu \u00fclkede do\u011fusu ile bat\u0131s\u0131 ile kuzeyi ile g\u00fcneyi ile bu \u00fclkeyi bir esenlik yurdu haline getirecek bar\u0131\u015f\u0131, dirli\u011fi, birli\u011fi sa\u011flayacak her t\u00fcrl\u00fc geli\u015fmenin hay\u0131rl\u0131 oldu\u011fu kanaatindeyiz. Halen T\u00fcrkiye\u2019de \u00f6l\u00fcm kuyular\u0131ndan insanlar\u0131n kemikleri \u00e7\u0131k\u0131yor. T\u00fcrkiye ge\u00e7mi\u015fi ile y\u00fczle\u015fmek, hesapla\u015fmak ve ortadan kald\u0131r\u0131lan bu insanlardan \u00f6z\u00fcr dilemek zorundad\u0131r.\u201d<\/p>\n<p style=\"text-align: justify;\"><span style=\"color: #888888;\">Haber Kayna\u011f\u0131 : <a href=\"http:\/\/www.yenicaggazetesi.com.tr\/haberdetay.php?hit=21976\" target=\"_blank\">yenicaggazetesi.com.tr<\/a><\/span><\/p>\n<p style=\"text-align: justify;\">\n","protected":false},"excerpt":{"rendered":"<p style=\"text-align: center;\">\n<p style=\"text-align: justify;\">SP lideri Numan Kurtulmu\u015f\u2019un AKP\u2019nin \u2019K\u00fcrt a\u00e7\u0131l\u0131m\u0131\u2019na destek vermesi Necmettin Erbakan\u2019\u0131 k\u0131zd\u0131rd\u0131. Erbakan, \u201cBu bir \u0130srail oyunu. Memleket evlatlar\u0131 bu konuda uyan\u0131k olmal\u0131\u201d dedi.<\/p>\n<p style=\"text-align: justify;\">Milli G\u00f6r\u00fc\u015f\u2019te derin \u00e7atlak!<\/p>\n<p style=\"text-align: justify;\">Genel Ba\u015fkan Kurtulmu\u015f, AKP\u2019nin \u2019K\u00fcrt a\u00e7\u0131l\u0131m\u0131\u2019na destek verirken partinin kurucusu Erbakan, kar\u015f\u0131 \u00e7\u0131kt\u0131: Bu bir \u0130srail oyunu. Yeterli <\/p>\n","protected":false},"author":1,"featured_media":0,"comment_status":"open","ping_status":"closed","sticky":false,"template":"","format":"standard","meta":{"footnotes":""},"categories":[105],"tags":[],"class_list":["post-13892","post","type-post","status-publish","format-standard","hentry","category-gundem","odd"],"_links":{"self":[{"href":"http:\/\/www.korhanyilmaz.com\/index.php?rest_route=\/wp\/v2\/posts\/13892","targetHints":{"allow":["GET"]}}],"collection":[{"href":"http:\/\/www.korhanyilmaz.com\/index.php?rest_route=\/wp\/v2\/posts"}],"about":[{"href":"http:\/\/www.korhanyilmaz.com\/index.php?rest_route=\/wp\/v2\/types\/post"}],"author":[{"embeddable":true,"href":"http:\/\/www.korhanyilmaz.com\/index.php?rest_route=\/wp\/v2\/users\/1"}],"replies":[{"embeddable":true,"href":"http:\/\/www.korhanyilmaz.com\/index.php?rest_route=%2Fwp%2Fv2%2Fcomments&post=13892"}],"version-history":[{"count":0,"href":"http:\/\/www.korhanyilmaz.com\/index.php?rest_route=\/wp\/v2\/posts\/13892\/revisions"}],"wp:attachment":[{"href":"http:\/\/www.korhanyilmaz.com\/index.php?rest_route=%2Fwp%2Fv2%2Fmedia&parent=13892"}],"wp:term":[{"taxonomy":"category","embeddable":true,"href":"http:\/\/www.korhanyilmaz.com\/index.php?rest_route=%2Fwp%2Fv2%2Fcategories&post=13892"},{"taxonomy":"post_tag","embeddable":true,"href":"http:\/\/www.korhanyilmaz.com\/index.php?rest_route=%2Fwp%2Fv2%2Ftags&post=13892"}],"curies":[{"name":"wp","href":"https:\/\/api.w.org\/{rel}","templated":true}]}}